{"id":10428,"date":"2024-03-22T17:14:40","date_gmt":"2024-03-22T16:14:40","guid":{"rendered":"https:\/\/agora.xtec.cat\/iestorreroja\/?p=10428"},"modified":"2024-04-12T10:46:48","modified_gmt":"2024-04-12T08:46:48","slug":"el-nostre-institut-acull-la-consellera-deducacio-anna-simo","status":"publish","type":"post","link":"https:\/\/agora.xtec.cat\/iestorreroja\/general\/el-nostre-institut-acull-la-consellera-deducacio-anna-simo\/","title":{"rendered":"El nostre institut acull la Consellera d&#8217;Educaci\u00f3 Anna Sim\u00f3"},"content":{"rendered":"<div>El passat dijous 21 de mar\u00e7 la molt Honorable Consellera d&#8217;Educaci\u00f3 Anna Sim\u00f3 va visitar el nostre institut. Durant la jornada va parlar amb l&#8217;equip directiu del Torre Roja i a posteriori va reunir-se amb una setantena de direccions de la zona mar del Baix Llobregat i membres de la regiduria d&#8217;educaci\u00f3 de l&#8217;administraci\u00f3 local entre altres convidats.<\/div>\n<div><\/div>\n<div><\/div>\n<div>Vam poder gaudir d&#8217;una actuaci\u00f3 de l&#8217;alumnat, dinamitzat pel departament d&#8217;expressi\u00f3, i visitar algunes aules singulars de l&#8217;institut com l&#8217;aula del cicle d&#8217;atenci\u00f3 a les persones en situaci\u00f3 de depend\u00e8ncia.<\/div>\n<div><\/div>\n<div><\/div>\n<div>. <a href=\"https:\/\/agora.xtec.cat\/iestorreroja\/wp-content\/uploads\/usu1423\/2024\/03\/IMG_7500-1.jpg\"><img loading=\"lazy\" decoding=\"async\" class=\"wp-image-10438 alignleft\" src=\"https:\/\/agora.xtec.cat\/iestorreroja\/wp-content\/uploads\/usu1423\/2024\/03\/IMG_7500-1-1024x682.jpg\" alt=\"\" width=\"554\" height=\"369\" srcset=\"https:\/\/agora.xtec.cat\/iestorreroja\/wp-content\/uploads\/usu1423\/2024\/03\/IMG_7500-1-1024x682.jpg 1024w, https:\/\/agora.xtec.cat\/iestorreroja\/wp-content\/uploads\/usu1423\/2024\/03\/IMG_7500-1-300x200.jpg 300w, https:\/\/agora.xtec.cat\/iestorreroja\/wp-content\/uploads\/usu1423\/2024\/03\/IMG_7500-1-768x512.jpg 768w, https:\/\/agora.xtec.cat\/iestorreroja\/wp-content\/uploads\/usu1423\/2024\/03\/IMG_7500-1-1536x1024.jpg 1536w, https:\/\/agora.xtec.cat\/iestorreroja\/wp-content\/uploads\/usu1423\/2024\/03\/IMG_7500-1.jpg 2000w\" sizes=\"auto, (max-width: 554px) 100vw, 554px\" \/><\/a><\/div>\n<div><\/div>\n","protected":false},"excerpt":{"rendered":"<p>El passat dijous 21 de mar\u00e7 la molt Honorable Consellera d&#8217;Educaci\u00f3 Anna Sim\u00f3 va visitar el nostre institut. Durant la jornada va parlar amb l&#8217;equip directiu del Torre Roja i a posteriori va reunir-se amb una setantena de direccions de la zona mar del Baix Llobregat i membres de la regiduria d&#8217;educaci\u00f3 de l&#8217;administraci\u00f3 local [&hellip;]<\/p>\n","protected":false},"author":1,"featured_media":10438,"comment_status":"closed","ping_status":"closed","sticky":false,"template":"","format":"standard","meta":{"_bbp_topic_count":0,"_bbp_reply_count":0,"_bbp_total_topic_count":0,"_bbp_total_reply_count":0,"_bbp_voice_count":0,"_bbp_anonymous_reply_count":0,"_bbp_topic_count_hidden":0,"_bbp_reply_count_hidden":0,"_bbp_forum_subforum_count":0,"site-sidebar-layout":"default","site-content-layout":"","ast-site-content-layout":"","site-content-style":"default","site-sidebar-style":"default","ast-global-header-display":"","ast-banner-title-visibility":"","ast-main-header-display":"","ast-hfb-above-header-display":"","ast-hfb-below-header-display":"","ast-hfb-mobile-header-display":"","site-post-title":"","ast-breadcrumbs-content":"","ast-featured-img":"","footer-sml-layout":"","theme-transparent-header-meta":"","adv-header-id-meta":"","stick-header-meta":"","header-above-stick-meta":"","header-main-stick-meta":"","header-below-stick-meta":"","astra-migrate-meta-layouts":"default","ast-page-background-enabled":"default","ast-page-background-meta":{"desktop":{"background-color":"var(--ast-global-color-4)","background-image":"","background-repeat":"repeat","background-position":"center center","background-size":"auto","background-attachment":"scroll","background-type":"","background-media":"","overlay-type":"","overlay-color":"","overlay-opacity":"","overlay-gradient":""},"tablet":{"background-color":"","background-image":"","background-repeat":"repeat","background-position":"center center","background-size":"auto","background-attachment":"scroll","background-type":"","background-media":"","overlay-type":"","overlay-color":"","overlay-opacity":"","overlay-gradient":""},"mobile":{"background-color":"","background-image":"","background-repeat":"repeat","background-position":"center center","background-size":"auto","background-attachment":"scroll","background-type":"","background-media":"","overlay-type":"","overlay-color":"","overlay-opacity":"","overlay-gradient":""}},"ast-content-background-meta":{"desktop":{"background-color":"var(--ast-global-color-5)","background-image":"","background-repeat":"repeat","background-position":"center center","background-size":"auto","background-attachment":"scroll","background-type":"","background-media":"","overlay-type":"","overlay-color":"","overlay-opacity":"","overlay-gradient":""},"tablet":{"background-color":"var(--ast-global-color-5)","background-image":"","background-repeat":"repeat","background-position":"center center","background-size":"auto","background-attachment":"scroll","background-type":"","background-media":"","overlay-type":"","overlay-color":"","overlay-opacity":"","overlay-gradient":""},"mobile":{"background-color":"var(--ast-global-color-5)","background-image":"","background-repeat":"repeat","background-position":"center center","background-size":"auto","background-attachment":"scroll","background-type":"","background-media":"","overlay-type":"","overlay-color":"","overlay-opacity":"","overlay-gradient":""}},"footnotes":""},"categories":[1,120,29],"tags":[],"class_list":["post-10428","post","type-post","status-publish","format-standard","has-post-thumbnail","hentry","category-general","category-informacions-viladecans","category-portada"],"post_mailing_queue_ids":[],"_links":{"self":[{"href":"https:\/\/agora.xtec.cat\/iestorreroja\/wp-json\/wp\/v2\/posts\/10428","targetHints":{"allow":["GET"]}}],"collection":[{"href":"https:\/\/agora.xtec.cat\/iestorreroja\/wp-json\/wp\/v2\/posts"}],"about":[{"href":"https:\/\/agora.xtec.cat\/iestorreroja\/wp-json\/wp\/v2\/types\/post"}],"author":[{"embeddable":true,"href":"https:\/\/agora.xtec.cat\/iestorreroja\/wp-json\/wp\/v2\/users\/1"}],"replies":[{"embeddable":true,"href":"https:\/\/agora.xtec.cat\/iestorreroja\/wp-json\/wp\/v2\/comments?post=10428"}],"version-history":[{"count":6,"href":"https:\/\/agora.xtec.cat\/iestorreroja\/wp-json\/wp\/v2\/posts\/10428\/revisions"}],"predecessor-version":[{"id":10477,"href":"https:\/\/agora.xtec.cat\/iestorreroja\/wp-json\/wp\/v2\/posts\/10428\/revisions\/10477"}],"wp:featuredmedia":[{"embeddable":true,"href":"https:\/\/agora.xtec.cat\/iestorreroja\/wp-json\/wp\/v2\/media\/10438"}],"wp:attachment":[{"href":"https:\/\/agora.xtec.cat\/iestorreroja\/wp-json\/wp\/v2\/media?parent=10428"}],"wp:term":[{"taxonomy":"category","embeddable":true,"href":"https:\/\/agora.xtec.cat\/iestorreroja\/wp-json\/wp\/v2\/categories?post=10428"},{"taxonomy":"post_tag","embeddable":true,"href":"https:\/\/agora.xtec.cat\/iestorreroja\/wp-json\/wp\/v2\/tags?post=10428"}],"curies":[{"name":"wp","href":"https:\/\/api.w.org\/{rel}","templated":true}]}}