{"id":10404,"date":"2024-03-21T18:49:02","date_gmt":"2024-03-21T17:49:02","guid":{"rendered":"https:\/\/agora.xtec.cat\/iestorreroja\/?p=10404"},"modified":"2024-03-21T18:49:02","modified_gmt":"2024-03-21T17:49:02","slug":"rutes-de-lexili-conferencies-sobre-memoria-historica","status":"publish","type":"post","link":"https:\/\/agora.xtec.cat\/iestorreroja\/general\/rutes-de-lexili-conferencies-sobre-memoria-historica\/","title":{"rendered":"Rutes de l&#8217;exili. Confer\u00e8ncies sobre mem\u00f2ria hist\u00f2rica."},"content":{"rendered":"<p>Aquest mes de mar\u00e7 ens ha visitat l&#8217;historiador Jordi Barra. L&#8217;alumnat de 1r i 2n de batxillerat ha assistit amb inter\u00e8s a les confer\u00e8ncies que ens ha ofert per tal de contextualitzar els espais de la mem\u00f2ria hist\u00f2rica del per\u00edode franquista que visitarem el pr\u00f2xim mes d&#8217;abril. Revisem el passat per millorar.\u00a0<a href=\"https:\/\/drive.google.com\/drive\/folders\/1ZkVBcD8DX6zRzN9nCal8Sld2u_7xzNdn?usp=drive_link\">FOTOS<\/a> <a href=\"https:\/\/agora.xtec.cat\/iestorreroja\/wp-content\/uploads\/usu1423\/2024\/03\/Xerrada-rutes-de-lexili-1-MOP.jpg\"><img loading=\"lazy\" decoding=\"async\" class=\"alignnone size-large wp-image-10405\" src=\"https:\/\/agora.xtec.cat\/iestorreroja\/wp-content\/uploads\/usu1423\/2024\/03\/Xerrada-rutes-de-lexili-1-MOP-668x1024.jpg\" alt=\"\" width=\"668\" height=\"1024\" srcset=\"https:\/\/agora.xtec.cat\/iestorreroja\/wp-content\/uploads\/usu1423\/2024\/03\/Xerrada-rutes-de-lexili-1-MOP-668x1024.jpg 668w, https:\/\/agora.xtec.cat\/iestorreroja\/wp-content\/uploads\/usu1423\/2024\/03\/Xerrada-rutes-de-lexili-1-MOP-196x300.jpg 196w, https:\/\/agora.xtec.cat\/iestorreroja\/wp-content\/uploads\/usu1423\/2024\/03\/Xerrada-rutes-de-lexili-1-MOP-768x1177.jpg 768w, https:\/\/agora.xtec.cat\/iestorreroja\/wp-content\/uploads\/usu1423\/2024\/03\/Xerrada-rutes-de-lexili-1-MOP-1002x1536.jpg 1002w, https:\/\/agora.xtec.cat\/iestorreroja\/wp-content\/uploads\/usu1423\/2024\/03\/Xerrada-rutes-de-lexili-1-MOP.jpg 1080w\" sizes=\"auto, (max-width: 668px) 100vw, 668px\" \/><\/a>el present.<\/p>\n","protected":false},"excerpt":{"rendered":"<p>Aquest mes de mar\u00e7 ens ha visitat l&#8217;historiador Jordi Barra. L&#8217;alumnat de 1r i 2n de batxillerat ha assistit amb inter\u00e8s a les confer\u00e8ncies que ens ha ofert per tal de contextualitzar els espais de la mem\u00f2ria hist\u00f2rica del per\u00edode franquista que visitarem el pr\u00f2xim mes d&#8217;abril. Revisem el passat per millorar.\u00a0FOTOS el present.<\/p>\n","protected":false},"author":1,"featured_media":10405,"comment_status":"closed","ping_status":"closed","sticky":false,"template":"","format":"standard","meta":{"_bbp_topic_count":0,"_bbp_reply_count":0,"_bbp_total_topic_count":0,"_bbp_total_reply_count":0,"_bbp_voice_count":0,"_bbp_anonymous_reply_count":0,"_bbp_topic_count_hidden":0,"_bbp_reply_count_hidden":0,"_bbp_forum_subforum_count":0,"site-sidebar-layout":"default","site-content-layout":"","ast-site-content-layout":"","site-content-style":"default","site-sidebar-style":"default","ast-global-header-display":"","ast-banner-title-visibility":"","ast-main-header-display":"","ast-hfb-above-header-display":"","ast-hfb-below-header-display":"","ast-hfb-mobile-header-display":"","site-post-title":"","ast-breadcrumbs-content":"","ast-featured-img":"","footer-sml-layout":"","theme-transparent-header-meta":"","adv-header-id-meta":"","stick-header-meta":"","header-above-stick-meta":"","header-main-stick-meta":"","header-below-stick-meta":"","astra-migrate-meta-layouts":"default","ast-page-background-enabled":"default","ast-page-background-meta":{"desktop":{"background-color":"var(--ast-global-color-4)","background-image":"","background-repeat":"repeat","background-position":"center center","background-size":"auto","background-attachment":"scroll","background-type":"","background-media":"","overlay-type":"","overlay-color":"","overlay-opacity":"","overlay-gradient":""},"tablet":{"background-color":"","background-image":"","background-repeat":"repeat","background-position":"center center","background-size":"auto","background-attachment":"scroll","background-type":"","background-media":"","overlay-type":"","overlay-color":"","overlay-opacity":"","overlay-gradient":""},"mobile":{"background-color":"","background-image":"","background-repeat":"repeat","background-position":"center center","background-size":"auto","background-attachment":"scroll","background-type":"","background-media":"","overlay-type":"","overlay-color":"","overlay-opacity":"","overlay-gradient":""}},"ast-content-background-meta":{"desktop":{"background-color":"var(--ast-global-color-5)","background-image":"","background-repeat":"repeat","background-position":"center center","background-size":"auto","background-attachment":"scroll","background-type":"","background-media":"","overlay-type":"","overlay-color":"","overlay-opacity":"","overlay-gradient":""},"tablet":{"background-color":"var(--ast-global-color-5)","background-image":"","background-repeat":"repeat","background-position":"center center","background-size":"auto","background-attachment":"scroll","background-type":"","background-media":"","overlay-type":"","overlay-color":"","overlay-opacity":"","overlay-gradient":""},"mobile":{"background-color":"var(--ast-global-color-5)","background-image":"","background-repeat":"repeat","background-position":"center center","background-size":"auto","background-attachment":"scroll","background-type":"","background-media":"","overlay-type":"","overlay-color":"","overlay-opacity":"","overlay-gradient":""}},"footnotes":""},"categories":[8,1,29],"tags":[],"class_list":["post-10404","post","type-post","status-publish","format-standard","has-post-thumbnail","hentry","category-batxillerat","category-general","category-portada"],"post_mailing_queue_ids":[],"_links":{"self":[{"href":"https:\/\/agora.xtec.cat\/iestorreroja\/wp-json\/wp\/v2\/posts\/10404","targetHints":{"allow":["GET"]}}],"collection":[{"href":"https:\/\/agora.xtec.cat\/iestorreroja\/wp-json\/wp\/v2\/posts"}],"about":[{"href":"https:\/\/agora.xtec.cat\/iestorreroja\/wp-json\/wp\/v2\/types\/post"}],"author":[{"embeddable":true,"href":"https:\/\/agora.xtec.cat\/iestorreroja\/wp-json\/wp\/v2\/users\/1"}],"replies":[{"embeddable":true,"href":"https:\/\/agora.xtec.cat\/iestorreroja\/wp-json\/wp\/v2\/comments?post=10404"}],"version-history":[{"count":1,"href":"https:\/\/agora.xtec.cat\/iestorreroja\/wp-json\/wp\/v2\/posts\/10404\/revisions"}],"predecessor-version":[{"id":10406,"href":"https:\/\/agora.xtec.cat\/iestorreroja\/wp-json\/wp\/v2\/posts\/10404\/revisions\/10406"}],"wp:featuredmedia":[{"embeddable":true,"href":"https:\/\/agora.xtec.cat\/iestorreroja\/wp-json\/wp\/v2\/media\/10405"}],"wp:attachment":[{"href":"https:\/\/agora.xtec.cat\/iestorreroja\/wp-json\/wp\/v2\/media?parent=10404"}],"wp:term":[{"taxonomy":"category","embeddable":true,"href":"https:\/\/agora.xtec.cat\/iestorreroja\/wp-json\/wp\/v2\/categories?post=10404"},{"taxonomy":"post_tag","embeddable":true,"href":"https:\/\/agora.xtec.cat\/iestorreroja\/wp-json\/wp\/v2\/tags?post=10404"}],"curies":[{"name":"wp","href":"https:\/\/api.w.org\/{rel}","templated":true}]}}