{"id":821,"date":"2017-05-31T22:39:25","date_gmt":"2017-05-31T20:39:25","guid":{"rendered":"http:\/\/agora.xtec.cat\/iestorrent\/?p=821"},"modified":"2017-05-31T22:41:07","modified_gmt":"2017-05-31T20:41:07","slug":"xii-premi-de-recerca-per-la-pau","status":"publish","type":"post","link":"https:\/\/agora.xtec.cat\/iestorrent\/general\/xii-premi-de-recerca-per-la-pau\/","title":{"rendered":"XII Premi de Recerca per a la Pau"},"content":{"rendered":"<p><a href=\"http:\/\/agora.xtec.cat\/iestorrent\/wp-content\/uploads\/usu586\/2017\/05\/IMG_20170531_194556.jpg\"><img loading=\"lazy\" decoding=\"async\" class=\"aligncenter size-medium wp-image-818\" src=\"http:\/\/agora.xtec.cat\/iestorrent\/wp-content\/uploads\/usu586\/2017\/05\/IMG_20170531_194556-300x225.jpg\" alt=\"IMG_20170531_194556\" width=\"300\" height=\"225\" srcset=\"https:\/\/agora.xtec.cat\/iestorrent\/wp-content\/uploads\/usu586\/2017\/05\/IMG_20170531_194556-300x225.jpg 300w, https:\/\/agora.xtec.cat\/iestorrent\/wp-content\/uploads\/usu586\/2017\/05\/IMG_20170531_194556-768x576.jpg 768w, https:\/\/agora.xtec.cat\/iestorrent\/wp-content\/uploads\/usu586\/2017\/05\/IMG_20170531_194556-1024x768.jpg 1024w, https:\/\/agora.xtec.cat\/iestorrent\/wp-content\/uploads\/usu586\/2017\/05\/IMG_20170531_194556-200x150.jpg 200w\" sizes=\"auto, (max-width: 300px) 100vw, 300px\" \/><\/a>La <strong>Nat\u00e0lia Cam\u00ed LLad\u00f3s<\/strong>, alumna de 2n de batxillerat, ha rebut avui 31 de maig a la Universitat de Barcelona la Menci\u00f3 especial del XII Premi de Recerca per a la Pau pel seu treball de recerca de batxillerat: &#8220;<em>Gramenet amb els refugiats&#8221;.<\/em><\/p>\n<p>A la foto la veiem un cop recollit el Premi, acompanyada per la professora Pilar G\u00f3mez, tutora del treball de recerca premiat.<\/p>\n","protected":false},"excerpt":{"rendered":"<p><a href=\"http:\/\/agora.xtec.cat\/iestorrent\/wp-content\/uploads\/usu586\/2017\/05\/IMG_20170531_194556.jpg\"><\/a>La Nat\u00e0lia Cam\u00ed LLad\u00f3s, alumna de 2n de batxillerat, ha rebut avui 31 de maig a la Universitat de Barcelona la Menci\u00f3 especial del XII Premi de Recerca per a la Pau pel seu treball de recerca de batxillerat: &#8220;Gramenet amb els refugiats&#8221;.<br \/>\nA la&hellip;  <a href=\"https:\/\/agora.xtec.cat\/iestorrent\/general\/xii-premi-de-recerca-per-la-pau\/\" title=\"Read XII Premi de Recerca per a la Pau\">Llegeix m\u00e9s\u00bb<\/a><\/p>\n","protected":false},"author":1,"featured_media":818,"comment_status":"open","ping_status":"closed","sticky":false,"template":"","format":"standard","meta":{"_bbp_topic_count":0,"_bbp_reply_count":0,"_bbp_total_topic_count":0,"_bbp_total_reply_count":0,"_bbp_voice_count":0,"_bbp_anonymous_reply_count":0,"_bbp_topic_count_hidden":0,"_bbp_reply_count_hidden":0,"_bbp_forum_subforum_count":0,"footnotes":""},"categories":[1,29],"tags":[],"class_list":["post-821","post","type-post","status-publish","format-standard","has-post-thumbnail","hentry","category-general","category-portada"],"post_mailing_queue_ids":[],"_links":{"self":[{"href":"https:\/\/agora.xtec.cat\/iestorrent\/wp-json\/wp\/v2\/posts\/821","targetHints":{"allow":["GET"]}}],"collection":[{"href":"https:\/\/agora.xtec.cat\/iestorrent\/wp-json\/wp\/v2\/posts"}],"about":[{"href":"https:\/\/agora.xtec.cat\/iestorrent\/wp-json\/wp\/v2\/types\/post"}],"author":[{"embeddable":true,"href":"https:\/\/agora.xtec.cat\/iestorrent\/wp-json\/wp\/v2\/users\/1"}],"replies":[{"embeddable":true,"href":"https:\/\/agora.xtec.cat\/iestorrent\/wp-json\/wp\/v2\/comments?post=821"}],"version-history":[{"count":2,"href":"https:\/\/agora.xtec.cat\/iestorrent\/wp-json\/wp\/v2\/posts\/821\/revisions"}],"predecessor-version":[{"id":823,"href":"https:\/\/agora.xtec.cat\/iestorrent\/wp-json\/wp\/v2\/posts\/821\/revisions\/823"}],"wp:featuredmedia":[{"embeddable":true,"href":"https:\/\/agora.xtec.cat\/iestorrent\/wp-json\/wp\/v2\/media\/818"}],"wp:attachment":[{"href":"https:\/\/agora.xtec.cat\/iestorrent\/wp-json\/wp\/v2\/media?parent=821"}],"wp:term":[{"taxonomy":"category","embeddable":true,"href":"https:\/\/agora.xtec.cat\/iestorrent\/wp-json\/wp\/v2\/categories?post=821"},{"taxonomy":"post_tag","embeddable":true,"href":"https:\/\/agora.xtec.cat\/iestorrent\/wp-json\/wp\/v2\/tags?post=821"}],"curies":[{"name":"wp","href":"https:\/\/api.w.org\/{rel}","templated":true}]}}