{"id":4402,"date":"2026-04-27T19:06:59","date_gmt":"2026-04-27T17:06:59","guid":{"rendered":"https:\/\/agora.xtec.cat\/iestorrent\/?p=4402"},"modified":"2026-04-27T19:08:00","modified_gmt":"2026-04-27T17:08:00","slug":"%f0%9f%a5%88-medalla-de-plata-al-robotics-for-good-youth-challenge-innovacio-amb-impacte-social","status":"publish","type":"post","link":"https:\/\/agora.xtec.cat\/iestorrent\/general\/%f0%9f%a5%88-medalla-de-plata-al-robotics-for-good-youth-challenge-innovacio-amb-impacte-social\/","title":{"rendered":"\ud83e\udd48 Medalla de Plata al &#8220;Robotics for Good Youth Challenge&#8221;: Innovaci\u00f3 amb impacte social"},"content":{"rendered":"\n<figure class=\"wp-block-gallery has-nested-images columns-default is-cropped wp-block-gallery-1 is-layout-flex wp-block-gallery-is-layout-flex\">\n<figure class=\"wp-block-image size-large\"><a href=\"https:\/\/agora.xtec.cat\/iestorrent\/wp-content\/uploads\/usu586\/2026\/04\/IMG_2500.jpg\"><img loading=\"lazy\" decoding=\"async\" width=\"1024\" height=\"768\" data-id=\"4404\" src=\"https:\/\/agora.xtec.cat\/iestorrent\/wp-content\/uploads\/usu586\/2026\/04\/IMG_2500-1024x768.jpg\" alt=\"\" class=\"wp-image-4404\" srcset=\"https:\/\/agora.xtec.cat\/iestorrent\/wp-content\/uploads\/usu586\/2026\/04\/IMG_2500-1024x768.jpg 1024w, https:\/\/agora.xtec.cat\/iestorrent\/wp-content\/uploads\/usu586\/2026\/04\/IMG_2500-300x225.jpg 300w, https:\/\/agora.xtec.cat\/iestorrent\/wp-content\/uploads\/usu586\/2026\/04\/IMG_2500-768x576.jpg 768w, https:\/\/agora.xtec.cat\/iestorrent\/wp-content\/uploads\/usu586\/2026\/04\/IMG_2500-1536x1152.jpg 1536w, https:\/\/agora.xtec.cat\/iestorrent\/wp-content\/uploads\/usu586\/2026\/04\/IMG_2500-200x150.jpg 200w, https:\/\/agora.xtec.cat\/iestorrent\/wp-content\/uploads\/usu586\/2026\/04\/IMG_2500.jpg 2000w\" sizes=\"auto, (max-width: 1024px) 100vw, 1024px\" \/><\/a><\/figure>\n<\/figure>\n\n\n\n<p><\/p>\n\n\n\n<p><\/p>\n\n\n\n<p>El passat dissabte 25 d&#8217;abril, el nostre institut va viure una jornada inoblidable a la fase estatal del <strong>Robotics for Good Youth Challenge<\/strong>, celebrada a l&#8217;Escola Pia de Granollers. Estem molt orgullosos d&#8217;anunciar que l&#8217;equip representant del centre ha tornat amb la <strong>Medalla de Plata<\/strong> sota el bra\u00e7!<\/p>\n\n\n\n<p>Aquesta competici\u00f3 internacional, organitzada per la <strong>Uni\u00f3 Internacional de Telecomunicacions (ITU)<\/strong> \u2014ag\u00e8ncia de l&#8217;ONU per a les TIC\u2014 amb la col\u00b7laboraci\u00f3 de <em>make+learn<\/em>, \u00e9s un aparador de talent on la tecnologia es posa al servei dels Objectius de Desenvolupament Sostenible (ODS).<\/p>\n\n\n\n<h3 class=\"wp-block-heading\">El Repte: Food Security (Seguretat Aliment\u00e0ria)<\/h3>\n\n\n\n<p>L&#8217;edici\u00f3 d&#8217;enguany plantejava un desafiament complex: dissenyar i programar robots aut\u00f2noms capa\u00e7os de resoldre missions vinculades a la producci\u00f3 i distribuci\u00f3 responsable d&#8217;aliments. El nostre equip va destacar per:<\/p>\n\n\n\n<ul class=\"wp-block-list\">\n<li><strong>Precisi\u00f3 en la programaci\u00f3:<\/strong> El robot va completar amb \u00e8xit les missions de transport i gesti\u00f3 de manera totalment aut\u00f2noma.<\/li>\n\n\n\n<li><strong>Estrat\u00e8gia de joc:<\/strong> En partides d&#8217;un m\u00e0xim de 2 minuts, els nostres alumnes van demostrar una gran sang freda i capacitat de reacci\u00f3.<\/li>\n\n\n\n<li><strong>Treball en equip:<\/strong> Seguint els valors de la competici\u00f3, l&#8217;equip va mostrar un gran esperit de col\u00b7laboraci\u00f3.<\/li>\n<\/ul>\n\n\n\n<h3 class=\"wp-block-heading\">Un reconeixement a l&#8217;esfor\u00e7 de mesos<\/h3>\n\n\n\n<p>Aquesta medalla de plata \u00e9s el resultat de m\u00e9s de dos mesos de preparaci\u00f3 intensiva al taller de tecnologia, on l&#8217;alumnat ha hagut de treballar rols d&#8217;enginyeria, programaci\u00f3, log\u00edstica i documentaci\u00f3. Han apr\u00e8s que la rob\u00f2tica no \u00e9s nom\u00e9s fer moure un aparell, sin\u00f3 trobar solucions reals per a reptes globals com la fam al m\u00f3n.<\/p>\n\n\n\n<h3 class=\"wp-block-heading\">Agra\u00efments<\/h3>\n\n\n\n<p>Volem felicitar tot l&#8217;alumnat participant per la seva implicaci\u00f3 i la seva capacitat de superaci\u00f3. Tamb\u00e9 agra\u00efm a les fam\u00edlies el seu acompanyament i als docents del departament de Tecnologia per la seva guia durant tot aquest itinerari d&#8217;aprenentatge, especialment al seu professor, en Joan Beltr\u00e1n. <\/p>\n\n\n\n<p><strong>Enhorabona, equip! Sou un exemple de com la tecnologia pot ajudar a construir un m\u00f3n millor.<\/strong><\/p>\n\n\n\n<figure class=\"wp-block-gallery has-nested-images columns-default is-cropped wp-block-gallery-2 is-layout-flex wp-block-gallery-is-layout-flex\">\n<figure class=\"wp-block-image size-large\"><a href=\"https:\/\/agora.xtec.cat\/iestorrent\/wp-content\/uploads\/usu586\/2026\/04\/IMG_2498.jpg\"><img loading=\"lazy\" decoding=\"async\" width=\"768\" height=\"1024\" data-id=\"4407\" src=\"https:\/\/agora.xtec.cat\/iestorrent\/wp-content\/uploads\/usu586\/2026\/04\/IMG_2498-768x1024.jpg\" alt=\"\" class=\"wp-image-4407\" srcset=\"https:\/\/agora.xtec.cat\/iestorrent\/wp-content\/uploads\/usu586\/2026\/04\/IMG_2498-768x1024.jpg 768w, https:\/\/agora.xtec.cat\/iestorrent\/wp-content\/uploads\/usu586\/2026\/04\/IMG_2498-225x300.jpg 225w, https:\/\/agora.xtec.cat\/iestorrent\/wp-content\/uploads\/usu586\/2026\/04\/IMG_2498-1152x1536.jpg 1152w, https:\/\/agora.xtec.cat\/iestorrent\/wp-content\/uploads\/usu586\/2026\/04\/IMG_2498.jpg 1536w\" sizes=\"auto, (max-width: 768px) 100vw, 768px\" \/><\/a><\/figure>\n\n\n\n<figure class=\"wp-block-image size-large\"><a href=\"https:\/\/agora.xtec.cat\/iestorrent\/wp-content\/uploads\/usu586\/2026\/04\/IMG_2497.jpg\"><img loading=\"lazy\" decoding=\"async\" width=\"1024\" height=\"768\" data-id=\"4409\" src=\"https:\/\/agora.xtec.cat\/iestorrent\/wp-content\/uploads\/usu586\/2026\/04\/IMG_2497-1024x768.jpg\" alt=\"\" class=\"wp-image-4409\" srcset=\"https:\/\/agora.xtec.cat\/iestorrent\/wp-content\/uploads\/usu586\/2026\/04\/IMG_2497-1024x768.jpg 1024w, https:\/\/agora.xtec.cat\/iestorrent\/wp-content\/uploads\/usu586\/2026\/04\/IMG_2497-300x225.jpg 300w, https:\/\/agora.xtec.cat\/iestorrent\/wp-content\/uploads\/usu586\/2026\/04\/IMG_2497-768x576.jpg 768w, https:\/\/agora.xtec.cat\/iestorrent\/wp-content\/uploads\/usu586\/2026\/04\/IMG_2497-1536x1152.jpg 1536w, https:\/\/agora.xtec.cat\/iestorrent\/wp-content\/uploads\/usu586\/2026\/04\/IMG_2497-200x150.jpg 200w, https:\/\/agora.xtec.cat\/iestorrent\/wp-content\/uploads\/usu586\/2026\/04\/IMG_2497.jpg 2048w\" sizes=\"auto, (max-width: 1024px) 100vw, 1024px\" \/><\/a><\/figure>\n<\/figure>\n\n\n\n<p><\/p>\n","protected":false},"excerpt":{"rendered":"<p><a href=\"https:\/\/agora.xtec.cat\/iestorrent\/wp-content\/uploads\/usu586\/2026\/04\/IMG_2500.jpg\"><\/a><\/p>\n<p>El passat dissabte 25 d&#8217;abril, el nostre institut va viure una jornada inoblidable a la fase estatal del Robotics for Good Youth Challenge, celebrada a l&#8217;Escola Pia de Granollers. Estem molt orgullosos d&#8217;anunciar que l&#8217;equip representant del centre ha tornat amb la Medalla de&hellip;  <a href=\"https:\/\/agora.xtec.cat\/iestorrent\/general\/%f0%9f%a5%88-medalla-de-plata-al-robotics-for-good-youth-challenge-innovacio-amb-impacte-social\/\" title=\"Read \ud83e\udd48 Medalla de Plata al &#8220;Robotics for Good Youth Challenge&#8221;: Innovaci\u00f3 amb impacte social\">Llegeix m\u00e9s\u00bb<\/a><\/p>\n","protected":false},"author":1,"featured_media":4404,"comment_status":"closed","ping_status":"open","sticky":false,"template":"","format":"standard","meta":{"_bbp_topic_count":0,"_bbp_reply_count":0,"_bbp_total_topic_count":0,"_bbp_total_reply_count":0,"_bbp_voice_count":0,"_bbp_anonymous_reply_count":0,"_bbp_topic_count_hidden":0,"_bbp_reply_count_hidden":0,"_bbp_forum_subforum_count":0,"footnotes":""},"categories":[102,1,29],"tags":[],"class_list":["post-4402","post","type-post","status-publish","format-standard","has-post-thumbnail","hentry","category-erasmus","category-general","category-portada"],"post_mailing_queue_ids":[],"_links":{"self":[{"href":"https:\/\/agora.xtec.cat\/iestorrent\/wp-json\/wp\/v2\/posts\/4402","targetHints":{"allow":["GET"]}}],"collection":[{"href":"https:\/\/agora.xtec.cat\/iestorrent\/wp-json\/wp\/v2\/posts"}],"about":[{"href":"https:\/\/agora.xtec.cat\/iestorrent\/wp-json\/wp\/v2\/types\/post"}],"author":[{"embeddable":true,"href":"https:\/\/agora.xtec.cat\/iestorrent\/wp-json\/wp\/v2\/users\/1"}],"replies":[{"embeddable":true,"href":"https:\/\/agora.xtec.cat\/iestorrent\/wp-json\/wp\/v2\/comments?post=4402"}],"version-history":[{"count":5,"href":"https:\/\/agora.xtec.cat\/iestorrent\/wp-json\/wp\/v2\/posts\/4402\/revisions"}],"predecessor-version":[{"id":4411,"href":"https:\/\/agora.xtec.cat\/iestorrent\/wp-json\/wp\/v2\/posts\/4402\/revisions\/4411"}],"wp:featuredmedia":[{"embeddable":true,"href":"https:\/\/agora.xtec.cat\/iestorrent\/wp-json\/wp\/v2\/media\/4404"}],"wp:attachment":[{"href":"https:\/\/agora.xtec.cat\/iestorrent\/wp-json\/wp\/v2\/media?parent=4402"}],"wp:term":[{"taxonomy":"category","embeddable":true,"href":"https:\/\/agora.xtec.cat\/iestorrent\/wp-json\/wp\/v2\/categories?post=4402"},{"taxonomy":"post_tag","embeddable":true,"href":"https:\/\/agora.xtec.cat\/iestorrent\/wp-json\/wp\/v2\/tags?post=4402"}],"curies":[{"name":"wp","href":"https:\/\/api.w.org\/{rel}","templated":true}]}}