{"id":4319,"date":"2025-11-05T15:41:09","date_gmt":"2025-11-05T14:41:09","guid":{"rendered":"https:\/\/agora.xtec.cat\/iestorrent\/?p=4319"},"modified":"2026-03-04T16:00:55","modified_gmt":"2026-03-04T15:00:55","slug":"arriben-els-estudiants-de-salzburg","status":"publish","type":"post","link":"https:\/\/agora.xtec.cat\/iestorrent\/general\/arriben-els-estudiants-de-salzburg\/","title":{"rendered":"Arriben els estudiants de Salzburg"},"content":{"rendered":"\n<figure class=\"wp-block-image size-large\"><a href=\"https:\/\/agora.xtec.cat\/iestorrent\/wp-content\/uploads\/usu586\/2025\/11\/20251107_102232-scaled.jpg\"><img loading=\"lazy\" decoding=\"async\" width=\"1024\" height=\"771\" src=\"https:\/\/agora.xtec.cat\/iestorrent\/wp-content\/uploads\/usu586\/2025\/11\/20251107_102232-1024x771.jpg\" alt=\"\" class=\"wp-image-4320\" srcset=\"https:\/\/agora.xtec.cat\/iestorrent\/wp-content\/uploads\/usu586\/2025\/11\/20251107_102232-1024x771.jpg 1024w, https:\/\/agora.xtec.cat\/iestorrent\/wp-content\/uploads\/usu586\/2025\/11\/20251107_102232-300x226.jpg 300w, https:\/\/agora.xtec.cat\/iestorrent\/wp-content\/uploads\/usu586\/2025\/11\/20251107_102232-768x578.jpg 768w, https:\/\/agora.xtec.cat\/iestorrent\/wp-content\/uploads\/usu586\/2025\/11\/20251107_102232-1536x1156.jpg 1536w, https:\/\/agora.xtec.cat\/iestorrent\/wp-content\/uploads\/usu586\/2025\/11\/20251107_102232-2048x1541.jpg 2048w, https:\/\/agora.xtec.cat\/iestorrent\/wp-content\/uploads\/usu586\/2025\/11\/20251107_102232-200x150.jpg 200w\" sizes=\"auto, (max-width: 1024px) 100vw, 1024px\" \/><\/a><\/figure>\n\n\n\n<p>Avui dia 5 de novembre han arribat la Marie Klinger i el Simon Haslinger procedents de l&#8217;institut <a href=\"https:\/\/www.borromaeum.at\/\">Erzbisch\u00f6fliches Privatgymnasium Borrom\u00e4um <\/a>de Salzburg i participants del programa Erasmus+.<\/p>\n\n\n\n<p>Els 2 estudiants austr\u00edacs  passaran un mes sencer amb nosaltres, submergint-se en la nostra vida acad\u00e8mica i cultural. Durant aquest per\u00edode, assistiran a les classes habituals del nostre institut, compartint l&#8217;aula amb les seves parelles i experimentant de primera m\u00e0 el nostre sistema educatiu.<\/p>\n\n\n\n<p>Aquesta estada \u00e9s una oportunitat \u00fanica i incre\u00efble per a tothom:<\/p>\n\n\n\n<ul class=\"wp-block-list\">\n<li><strong>Intercanvi Cultural:<\/strong> Poder con\u00e8ixer de prop la cultura, la llengua i les perspectives d&#8217;altres alumnes.<\/li>\n\n\n\n<li><strong>Pr\u00e0ctica Ling\u00fc\u00edstica:<\/strong> \u00c9s un moment ideal per practicar l&#8217;angl\u00e8s o fins i tot intentar intercanviar algunes paraules en catal\u00e0.<\/li>\n\n\n\n<li><strong>Amistats Internacionals:<\/strong> Crear vincles que van m\u00e9s enll\u00e0 de les nostres fronteres.<\/li>\n<\/ul>\n\n\n\n<p>Benvinguts al Torrent!<\/p>\n","protected":false},"excerpt":{"rendered":"<p><a href=\"https:\/\/agora.xtec.cat\/iestorrent\/wp-content\/uploads\/usu586\/2025\/11\/20251107_102232-scaled.jpg\"><\/a><\/p>\n<p>Avui dia 5 de novembre han arribat la Marie Klinger i el Simon Haslinger procedents de l&#8217;institut <a href=\"https:\/\/www.borromaeum.at\/\">Erzbisch\u00f6fliches Privatgymnasium Borrom\u00e4um <\/a>de Salzburg i participants del programa Erasmus+.<\/p>\n<p>Els 2 estudiants austr\u00edacs  passaran un mes sencer amb nosaltres, submergint-se en la nostra vida acad\u00e8mica&hellip;  <a href=\"https:\/\/agora.xtec.cat\/iestorrent\/general\/arriben-els-estudiants-de-salzburg\/\" title=\"Read Arriben els estudiants de Salzburg\">Llegeix m\u00e9s\u00bb<\/a><\/p>\n","protected":false},"author":1,"featured_media":4320,"comment_status":"closed","ping_status":"open","sticky":false,"template":"","format":"standard","meta":{"_bbp_topic_count":0,"_bbp_reply_count":0,"_bbp_total_topic_count":0,"_bbp_total_reply_count":0,"_bbp_voice_count":0,"_bbp_anonymous_reply_count":0,"_bbp_topic_count_hidden":0,"_bbp_reply_count_hidden":0,"_bbp_forum_subforum_count":0,"footnotes":""},"categories":[102,1,29],"tags":[],"class_list":["post-4319","post","type-post","status-publish","format-standard","has-post-thumbnail","hentry","category-erasmus","category-general","category-portada"],"post_mailing_queue_ids":[],"_links":{"self":[{"href":"https:\/\/agora.xtec.cat\/iestorrent\/wp-json\/wp\/v2\/posts\/4319","targetHints":{"allow":["GET"]}}],"collection":[{"href":"https:\/\/agora.xtec.cat\/iestorrent\/wp-json\/wp\/v2\/posts"}],"about":[{"href":"https:\/\/agora.xtec.cat\/iestorrent\/wp-json\/wp\/v2\/types\/post"}],"author":[{"embeddable":true,"href":"https:\/\/agora.xtec.cat\/iestorrent\/wp-json\/wp\/v2\/users\/1"}],"replies":[{"embeddable":true,"href":"https:\/\/agora.xtec.cat\/iestorrent\/wp-json\/wp\/v2\/comments?post=4319"}],"version-history":[{"count":2,"href":"https:\/\/agora.xtec.cat\/iestorrent\/wp-json\/wp\/v2\/posts\/4319\/revisions"}],"predecessor-version":[{"id":4379,"href":"https:\/\/agora.xtec.cat\/iestorrent\/wp-json\/wp\/v2\/posts\/4319\/revisions\/4379"}],"wp:featuredmedia":[{"embeddable":true,"href":"https:\/\/agora.xtec.cat\/iestorrent\/wp-json\/wp\/v2\/media\/4320"}],"wp:attachment":[{"href":"https:\/\/agora.xtec.cat\/iestorrent\/wp-json\/wp\/v2\/media?parent=4319"}],"wp:term":[{"taxonomy":"category","embeddable":true,"href":"https:\/\/agora.xtec.cat\/iestorrent\/wp-json\/wp\/v2\/categories?post=4319"},{"taxonomy":"post_tag","embeddable":true,"href":"https:\/\/agora.xtec.cat\/iestorrent\/wp-json\/wp\/v2\/tags?post=4319"}],"curies":[{"name":"wp","href":"https:\/\/api.w.org\/{rel}","templated":true}]}}