{"id":15184,"date":"2019-10-08T20:44:57","date_gmt":"2019-10-08T18:44:57","guid":{"rendered":"http:\/\/agora.xtec.cat\/iestorredembarra\/?p=15184"},"modified":"2019-10-08T20:44:57","modified_gmt":"2019-10-08T18:44:57","slug":"tens-ganes-de-fer-activitat-fisica-apuntat-al-multiesport","status":"publish","type":"post","link":"https:\/\/agora.xtec.cat\/iestorredembarra\/portada\/tens-ganes-de-fer-activitat-fisica-apuntat-al-multiesport\/","title":{"rendered":"Tens ganes de fer activitat f\u00edsica? Apunta&#8217;t al MULTIESPORT"},"content":{"rendered":"<p>&nbsp;<\/p>\n<p>Des de l\u2019AEE IES Torredembarra us oferim una nova activitat esportiva per aquest curs als alumnes del centre:<\/p>\n<p><u>\u00a0 <\/u><strong><em>\u201c<u>MULTIESPORT<\/u>\u201d<\/em><\/strong><\/p>\n<p>Aquesta activitat est\u00e0 dirigida als alumnes de 1r i 2n, en ella anirem practicant diferents modalitats esportives:<\/p>\n<ul>\n<li>Futbol sala<\/li>\n<li>B\u00e0squet<\/li>\n<li>Esports de raqueta.<\/li>\n<li>Jocs esportius.<\/li>\n<\/ul>\n<p>Aquesta activitat \u00a0es far\u00e0 un dia per setmana, amb els seg\u00fcent horari:<\/p>\n<ul>\n<li>Tots els DIJOUS, a la tarda de 16\u201930 \u2013 18\u201900 h. (Per aprofitar la llum del dia)<\/li>\n<\/ul>\n<p><strong>L\u2019activitat de MULTIESPORT <u>comen\u00e7ar\u00e0 a partir del dijous 10 d\u2019octubre de 2019, i s\u2019acabar\u00e0 a final de curs<\/u>. \u00a0<\/strong><\/p>\n<p>Aquesta est\u00e0 dirigida a tot els alumnes de 1r i 2n d&#8217;ESO que vulgueu participar i ser\u00e0 GRATU\u00cfTA.<\/p>\n<p><a href=\"https:\/\/agora.xtec.cat\/iestorredembarra\/wp-content\/uploads\/usu487\/2019\/01\/deportes.jpg\"><img loading=\"lazy\" decoding=\"async\" class=\"alignnone size-full wp-image-14341\" src=\"https:\/\/agora.xtec.cat\/iestorredembarra\/wp-content\/uploads\/usu487\/2019\/01\/deportes.jpg\" alt=\"\" width=\"322\" height=\"157\" srcset=\"https:\/\/agora.xtec.cat\/iestorredembarra\/wp-content\/uploads\/usu487\/2019\/01\/deportes.jpg 322w, https:\/\/agora.xtec.cat\/iestorredembarra\/wp-content\/uploads\/usu487\/2019\/01\/deportes-300x146.jpg 300w\" sizes=\"auto, (max-width: 322px) 100vw, 322px\" \/><\/a><\/p>\n<p>&nbsp;<\/p>\n","protected":false},"excerpt":{"rendered":"<p>&nbsp;<br \/>\nDes de l\u2019AEE IES Torredembarra us oferim una nova activitat esportiva per aquest curs als alumnes del centre:<br \/>\n\u00a0 \u201cMULTIESPORT\u201d<br \/>\nAquesta activitat est\u00e0 dirigida als alumnes de 1r i 2n, en ella anirem practicant diferents modalitats esportives:<\/p>\n<ul>\n<li>Futbol sala<\/li>\n<li>B\u00e0squet<\/li>\n<li>Esports de raqueta.<\/li>\n<li>Jocs esportius.<\/li>\n<\/ul>\n<p>Aquesta activitat \u00a0es far\u00e0 un dia per&hellip;  <a href=\"https:\/\/agora.xtec.cat\/iestorredembarra\/portada\/tens-ganes-de-fer-activitat-fisica-apuntat-al-multiesport\/\" title=\"Read Tens ganes de fer activitat f\u00edsica? Apunta&#8217;t al MULTIESPORT\">Llegeix m\u00e9s\u00bb<\/a><\/p>\n","protected":false},"author":129,"featured_media":1816,"comment_status":"open","ping_status":"closed","sticky":false,"template":"","format":"standard","meta":{"_bbp_topic_count":0,"_bbp_reply_count":0,"_bbp_total_topic_count":0,"_bbp_total_reply_count":0,"_bbp_voice_count":0,"_bbp_anonymous_reply_count":0,"_bbp_topic_count_hidden":0,"_bbp_reply_count_hidden":0,"_bbp_forum_subforum_count":0,"footnotes":""},"categories":[29],"tags":[],"class_list":["post-15184","post","type-post","status-publish","format-standard","has-post-thumbnail","hentry","category-portada"],"post_mailing_queue_ids":[],"_links":{"self":[{"href":"https:\/\/agora.xtec.cat\/iestorredembarra\/wp-json\/wp\/v2\/posts\/15184","targetHints":{"allow":["GET"]}}],"collection":[{"href":"https:\/\/agora.xtec.cat\/iestorredembarra\/wp-json\/wp\/v2\/posts"}],"about":[{"href":"https:\/\/agora.xtec.cat\/iestorredembarra\/wp-json\/wp\/v2\/types\/post"}],"author":[{"embeddable":true,"href":"https:\/\/agora.xtec.cat\/iestorredembarra\/wp-json\/wp\/v2\/users\/129"}],"replies":[{"embeddable":true,"href":"https:\/\/agora.xtec.cat\/iestorredembarra\/wp-json\/wp\/v2\/comments?post=15184"}],"version-history":[{"count":1,"href":"https:\/\/agora.xtec.cat\/iestorredembarra\/wp-json\/wp\/v2\/posts\/15184\/revisions"}],"predecessor-version":[{"id":15185,"href":"https:\/\/agora.xtec.cat\/iestorredembarra\/wp-json\/wp\/v2\/posts\/15184\/revisions\/15185"}],"wp:featuredmedia":[{"embeddable":true,"href":"https:\/\/agora.xtec.cat\/iestorredembarra\/wp-json\/wp\/v2\/media\/1816"}],"wp:attachment":[{"href":"https:\/\/agora.xtec.cat\/iestorredembarra\/wp-json\/wp\/v2\/media?parent=15184"}],"wp:term":[{"taxonomy":"category","embeddable":true,"href":"https:\/\/agora.xtec.cat\/iestorredembarra\/wp-json\/wp\/v2\/categories?post=15184"},{"taxonomy":"post_tag","embeddable":true,"href":"https:\/\/agora.xtec.cat\/iestorredembarra\/wp-json\/wp\/v2\/tags?post=15184"}],"curies":[{"name":"wp","href":"https:\/\/api.w.org\/{rel}","templated":true}]}}