{"id":9226,"date":"2024-05-28T19:12:29","date_gmt":"2024-05-28T17:12:29","guid":{"rendered":"https:\/\/agora.xtec.cat\/iestorredelpalau\/?p=9226"},"modified":"2024-05-28T19:12:29","modified_gmt":"2024-05-28T17:12:29","slug":"reptes-de-leducacio-al-segle-xxl","status":"publish","type":"post","link":"https:\/\/agora.xtec.cat\/iestorredelpalau\/general\/reptes-de-leducacio-al-segle-xxl\/","title":{"rendered":"Reptes de l&#8217;Educaci\u00f3 al segle XXl"},"content":{"rendered":"<p style=\"text-align: justify;\">Un grup d&#8217;alumnes de l&#8217;Institut Torre del Palau va assistir al 1r Congr\u00e9s sobre &#8220;Reptes de l&#8217;Educaci\u00f3 al segle XXl&#8221;, celebrat a l&#8217;auditori municipal i amb la col\u00b7laboraci\u00f3 de l&#8217;ajuntament de Terrassa, al qual van assistir un grup de psic\u00f2legs, doctors i doctores i altres especialistes en educaci\u00f3\u00a0 parlant de temes actuals com la salut mental en els joves, l&#8217;acc\u00e9s a la pornografia i l&#8217;augment del su\u00efcidi infantil.<\/p>\n<p>Vicky Leal, Coordinadora de Batxillerat.<\/p>\n<p><a href=\"https:\/\/agora.xtec.cat\/iestorredelpalau\/wp-content\/uploads\/usu1331\/2024\/05\/9.jpg\"><img loading=\"lazy\" decoding=\"async\" class=\"aligncenter  wp-image-9227\" src=\"https:\/\/agora.xtec.cat\/iestorredelpalau\/wp-content\/uploads\/usu1331\/2024\/05\/9.jpg\" alt=\"\" width=\"600\" height=\"451\" srcset=\"https:\/\/agora.xtec.cat\/iestorredelpalau\/wp-content\/uploads\/usu1331\/2024\/05\/9.jpg 742w, https:\/\/agora.xtec.cat\/iestorredelpalau\/wp-content\/uploads\/usu1331\/2024\/05\/9-300x225.jpg 300w, https:\/\/agora.xtec.cat\/iestorredelpalau\/wp-content\/uploads\/usu1331\/2024\/05\/9-200x150.jpg 200w\" sizes=\"auto, (max-width: 600px) 100vw, 600px\" \/><\/a><\/p>\n","protected":false},"excerpt":{"rendered":"<p>Un grup d&#8217;alumnes de l&#8217;Institut Torre del Palau va assistir al 1r Congr\u00e9s sobre &#8220;Reptes de l&#8217;Educaci\u00f3 al segle XXl&#8221;, celebrat a l&#8217;auditori municipal i amb la col\u00b7laboraci\u00f3 de l&#8217;ajuntament de Terrassa, al qual van assistir un grup de psic\u00f2legs, doctors i doctores i altres especialistes en educaci\u00f3\u00a0 parlant de temes actuals com la salut [&hellip;]<\/p>\n","protected":false},"author":1,"featured_media":9227,"comment_status":"closed","ping_status":"closed","sticky":false,"template":"","format":"standard","meta":{"_bbp_topic_count":0,"_bbp_reply_count":0,"_bbp_total_topic_count":0,"_bbp_total_reply_count":0,"_bbp_voice_count":0,"_bbp_anonymous_reply_count":0,"_bbp_topic_count_hidden":0,"_bbp_reply_count_hidden":0,"_bbp_forum_subforum_count":0,"site-sidebar-layout":"default","site-content-layout":"","ast-site-content-layout":"","site-content-style":"default","site-sidebar-style":"default","ast-global-header-display":"","ast-banner-title-visibility":"","ast-main-header-display":"","ast-hfb-above-header-display":"","ast-hfb-below-header-display":"","ast-hfb-mobile-header-display":"","site-post-title":"","ast-breadcrumbs-content":"","ast-featured-img":"","footer-sml-layout":"","theme-transparent-header-meta":"","adv-header-id-meta":"","stick-header-meta":"","header-above-stick-meta":"","header-main-stick-meta":"","header-below-stick-meta":"","astra-migrate-meta-layouts":"default","ast-page-background-enabled":"default","ast-page-background-meta":{"desktop":{"background-color":"var(--ast-global-color-4)","background-image":"","background-repeat":"repeat","background-position":"center center","background-size":"auto","background-attachment":"scroll","background-type":"","background-media":"","overlay-type":"","overlay-color":"","overlay-opacity":"","overlay-gradient":""},"tablet":{"background-color":"","background-image":"","background-repeat":"repeat","background-position":"center center","background-size":"auto","background-attachment":"scroll","background-type":"","background-media":"","overlay-type":"","overlay-color":"","overlay-opacity":"","overlay-gradient":""},"mobile":{"background-color":"","background-image":"","background-repeat":"repeat","background-position":"center center","background-size":"auto","background-attachment":"scroll","background-type":"","background-media":"","overlay-type":"","overlay-color":"","overlay-opacity":"","overlay-gradient":""}},"ast-content-background-meta":{"desktop":{"background-color":"var(--ast-global-color-5)","background-image":"","background-repeat":"repeat","background-position":"center center","background-size":"auto","background-attachment":"scroll","background-type":"","background-media":"","overlay-type":"","overlay-color":"","overlay-opacity":"","overlay-gradient":""},"tablet":{"background-color":"var(--ast-global-color-5)","background-image":"","background-repeat":"repeat","background-position":"center center","background-size":"auto","background-attachment":"scroll","background-type":"","background-media":"","overlay-type":"","overlay-color":"","overlay-opacity":"","overlay-gradient":""},"mobile":{"background-color":"var(--ast-global-color-5)","background-image":"","background-repeat":"repeat","background-position":"center center","background-size":"auto","background-attachment":"scroll","background-type":"","background-media":"","overlay-type":"","overlay-color":"","overlay-opacity":"","overlay-gradient":""}},"footnotes":""},"categories":[8,1,107,29],"tags":[],"class_list":["post-9226","post","type-post","status-publish","format-standard","has-post-thumbnail","hentry","category-batxillerat","category-general","category-noticies-del-centre","category-portada"],"post_mailing_queue_ids":[],"_links":{"self":[{"href":"https:\/\/agora.xtec.cat\/iestorredelpalau\/wp-json\/wp\/v2\/posts\/9226","targetHints":{"allow":["GET"]}}],"collection":[{"href":"https:\/\/agora.xtec.cat\/iestorredelpalau\/wp-json\/wp\/v2\/posts"}],"about":[{"href":"https:\/\/agora.xtec.cat\/iestorredelpalau\/wp-json\/wp\/v2\/types\/post"}],"author":[{"embeddable":true,"href":"https:\/\/agora.xtec.cat\/iestorredelpalau\/wp-json\/wp\/v2\/users\/1"}],"replies":[{"embeddable":true,"href":"https:\/\/agora.xtec.cat\/iestorredelpalau\/wp-json\/wp\/v2\/comments?post=9226"}],"version-history":[{"count":1,"href":"https:\/\/agora.xtec.cat\/iestorredelpalau\/wp-json\/wp\/v2\/posts\/9226\/revisions"}],"predecessor-version":[{"id":9228,"href":"https:\/\/agora.xtec.cat\/iestorredelpalau\/wp-json\/wp\/v2\/posts\/9226\/revisions\/9228"}],"wp:featuredmedia":[{"embeddable":true,"href":"https:\/\/agora.xtec.cat\/iestorredelpalau\/wp-json\/wp\/v2\/media\/9227"}],"wp:attachment":[{"href":"https:\/\/agora.xtec.cat\/iestorredelpalau\/wp-json\/wp\/v2\/media?parent=9226"}],"wp:term":[{"taxonomy":"category","embeddable":true,"href":"https:\/\/agora.xtec.cat\/iestorredelpalau\/wp-json\/wp\/v2\/categories?post=9226"},{"taxonomy":"post_tag","embeddable":true,"href":"https:\/\/agora.xtec.cat\/iestorredelpalau\/wp-json\/wp\/v2\/tags?post=9226"}],"curies":[{"name":"wp","href":"https:\/\/api.w.org\/{rel}","templated":true}]}}