{"id":9190,"date":"2024-05-25T14:29:53","date_gmt":"2024-05-25T12:29:53","guid":{"rendered":"https:\/\/agora.xtec.cat\/iestorredelpalau\/?p=9190"},"modified":"2025-01-21T11:47:33","modified_gmt":"2025-01-21T10:47:33","slug":"festa-de-final-de-curs-de-la-coral","status":"publish","type":"post","link":"https:\/\/agora.xtec.cat\/iestorredelpalau\/general\/festa-de-final-de-curs-de-la-coral\/","title":{"rendered":"FESTA DE FINAL DE CURS DE LA CORAL"},"content":{"rendered":"<p style=\"text-align: justify;\"><span style=\"font-weight: 400;\">La Coral ha fet el seu concert de final de curs amb \u00e8xit i una assist\u00e8ncia multitudin\u00e0ria que va omplir el gimn\u00e0s de gom a gom.\u00a0<\/span><\/p>\n<p style=\"text-align: justify;\"><span style=\"font-weight: 400;\">Vam oferir el repertori que hav\u00edem treballat per anar a rodar el documental de Normandia. I per cantar Lacrimosa del Requiem de Mozart, ens van acompanyar la Mar Cunillera -soprano de 4t- al viol\u00ed, el Santiago Romero -professor de m\u00fasica- a la viola, i el Feliu -alumne de 1r d\u2019ESO- al violoncel. Un ensemble de cordes extraordinari!<\/span><\/p>\n<p style=\"text-align: justify;\"><span style=\"font-weight: 400;\">A m\u00e9s a m\u00e9s, vam oferir algunes can\u00e7ons cl\u00e0ssiques del nostre repertori habitual com el tema principal de la BSO de El Rey Le\u00f3n, i d\u2019altres que agraden molt els cantaires com \u00c0frica (Toto) i This is me (The Greatest Showman).\u00a0<\/span><\/p>\n<p style=\"text-align: justify;\"><span style=\"font-weight: 400;\">Vam poder comptar amb la Lola Otero a la bater\u00eda, el Joan Carles Otero al baix, l\u2019Erik Alcaraz a la guitarra, la Gabi Mart\u00ednez al \u201ccaj\u00f3n\u201d, i el nostre estimat i incombustible \u00d2scar Garc\u00eda al teclat.\u00a0<\/span><\/p>\n<p style=\"text-align: justify;\"><span style=\"font-weight: 400;\">Com marca la tradici\u00f3, vam acomiadar els cantaires que marxen perqu\u00e8 ja acaben la seva etapa a l\u2019institut. Tot va ser espl\u00e8ndit! I per acabar l\u2019Assumpta Montell\u00e0 ens va dedicar unes paraules d\u2019agra\u00efment per la tasca feta a Normand\u00eda.\u00a0<\/span><\/p>\n<p style=\"text-align: justify;\"><span style=\"font-weight: 400;\">Us esperem el 26 de juny al Teatre Principal en el nostre \u00faltim acte d\u2019aquest curs.\u00a0<\/span><\/p>\n<p><span style=\"font-weight: 400;\">Fotos: Marta Garc\u00eda, dept. ViP.<\/span><\/p>\n<p><span style=\"font-weight: 400;\">Jordi Cunillera, Helena Gallart i Sof\u00eda Royo. Equip Coral.<\/span><\/p>\n<p><a href=\"https:\/\/photos.app.goo.gl\/gxWusaPbCX2oeGtx8\">https:\/\/photos.app.goo.gl\/KW1TDA3NzQaMZygb7<\/a><\/p>\n","protected":false},"excerpt":{"rendered":"<p>La Coral ha fet el seu concert de final de curs amb \u00e8xit i una assist\u00e8ncia multitudin\u00e0ria que va omplir el gimn\u00e0s de gom a gom.\u00a0 Vam oferir el repertori que hav\u00edem treballat per anar a rodar el documental de Normandia. I per cantar Lacrimosa del Requiem de Mozart, ens van acompanyar la Mar Cunillera [&hellip;]<\/p>\n","protected":false},"author":1,"featured_media":9191,"comment_status":"closed","ping_status":"closed","sticky":false,"template":"","format":"standard","meta":{"_bbp_topic_count":0,"_bbp_reply_count":0,"_bbp_total_topic_count":0,"_bbp_total_reply_count":0,"_bbp_voice_count":0,"_bbp_anonymous_reply_count":0,"_bbp_topic_count_hidden":0,"_bbp_reply_count_hidden":0,"_bbp_forum_subforum_count":0,"site-sidebar-layout":"default","site-content-layout":"","ast-site-content-layout":"","site-content-style":"default","site-sidebar-style":"default","ast-global-header-display":"","ast-banner-title-visibility":"","ast-main-header-display":"","ast-hfb-above-header-display":"","ast-hfb-below-header-display":"","ast-hfb-mobile-header-display":"","site-post-title":"","ast-breadcrumbs-content":"","ast-featured-img":"","footer-sml-layout":"","theme-transparent-header-meta":"","adv-header-id-meta":"","stick-header-meta":"","header-above-stick-meta":"","header-main-stick-meta":"","header-below-stick-meta":"","astra-migrate-meta-layouts":"default","ast-page-background-enabled":"default","ast-page-background-meta":{"desktop":{"background-color":"var(--ast-global-color-4)","background-image":"","background-repeat":"repeat","background-position":"center center","background-size":"auto","background-attachment":"scroll","background-type":"","background-media":"","overlay-type":"","overlay-color":"","overlay-opacity":"","overlay-gradient":""},"tablet":{"background-color":"","background-image":"","background-repeat":"repeat","background-position":"center center","background-size":"auto","background-attachment":"scroll","background-type":"","background-media":"","overlay-type":"","overlay-color":"","overlay-opacity":"","overlay-gradient":""},"mobile":{"background-color":"","background-image":"","background-repeat":"repeat","background-position":"center center","background-size":"auto","background-attachment":"scroll","background-type":"","background-media":"","overlay-type":"","overlay-color":"","overlay-opacity":"","overlay-gradient":""}},"ast-content-background-meta":{"desktop":{"background-color":"var(--ast-global-color-5)","background-image":"","background-repeat":"repeat","background-position":"center center","background-size":"auto","background-attachment":"scroll","background-type":"","background-media":"","overlay-type":"","overlay-color":"","overlay-opacity":"","overlay-gradient":""},"tablet":{"background-color":"var(--ast-global-color-5)","background-image":"","background-repeat":"repeat","background-position":"center center","background-size":"auto","background-attachment":"scroll","background-type":"","background-media":"","overlay-type":"","overlay-color":"","overlay-opacity":"","overlay-gradient":""},"mobile":{"background-color":"var(--ast-global-color-5)","background-image":"","background-repeat":"repeat","background-position":"center center","background-size":"auto","background-attachment":"scroll","background-type":"","background-media":"","overlay-type":"","overlay-color":"","overlay-opacity":"","overlay-gradient":""}},"footnotes":""},"categories":[197,1,107,29],"tags":[],"class_list":["post-9190","post","type-post","status-publish","format-standard","has-post-thumbnail","hentry","category-coral","category-general","category-noticies-del-centre","category-portada"],"post_mailing_queue_ids":[],"_links":{"self":[{"href":"https:\/\/agora.xtec.cat\/iestorredelpalau\/wp-json\/wp\/v2\/posts\/9190","targetHints":{"allow":["GET"]}}],"collection":[{"href":"https:\/\/agora.xtec.cat\/iestorredelpalau\/wp-json\/wp\/v2\/posts"}],"about":[{"href":"https:\/\/agora.xtec.cat\/iestorredelpalau\/wp-json\/wp\/v2\/types\/post"}],"author":[{"embeddable":true,"href":"https:\/\/agora.xtec.cat\/iestorredelpalau\/wp-json\/wp\/v2\/users\/1"}],"replies":[{"embeddable":true,"href":"https:\/\/agora.xtec.cat\/iestorredelpalau\/wp-json\/wp\/v2\/comments?post=9190"}],"version-history":[{"count":3,"href":"https:\/\/agora.xtec.cat\/iestorredelpalau\/wp-json\/wp\/v2\/posts\/9190\/revisions"}],"predecessor-version":[{"id":9817,"href":"https:\/\/agora.xtec.cat\/iestorredelpalau\/wp-json\/wp\/v2\/posts\/9190\/revisions\/9817"}],"wp:featuredmedia":[{"embeddable":true,"href":"https:\/\/agora.xtec.cat\/iestorredelpalau\/wp-json\/wp\/v2\/media\/9191"}],"wp:attachment":[{"href":"https:\/\/agora.xtec.cat\/iestorredelpalau\/wp-json\/wp\/v2\/media?parent=9190"}],"wp:term":[{"taxonomy":"category","embeddable":true,"href":"https:\/\/agora.xtec.cat\/iestorredelpalau\/wp-json\/wp\/v2\/categories?post=9190"},{"taxonomy":"post_tag","embeddable":true,"href":"https:\/\/agora.xtec.cat\/iestorredelpalau\/wp-json\/wp\/v2\/tags?post=9190"}],"curies":[{"name":"wp","href":"https:\/\/api.w.org\/{rel}","templated":true}]}}