{"id":9144,"date":"2024-05-07T13:25:46","date_gmt":"2024-05-07T11:25:46","guid":{"rendered":"https:\/\/agora.xtec.cat\/iestorredelpalau\/?p=9144"},"modified":"2024-05-08T22:04:40","modified_gmt":"2024-05-08T20:04:40","slug":"bons-resultats-a-les-proves-cangur","status":"publish","type":"post","link":"https:\/\/agora.xtec.cat\/iestorredelpalau\/general\/bons-resultats-a-les-proves-cangur\/","title":{"rendered":"Bons resultats a les proves Cangur"},"content":{"rendered":"<p><span style=\"font-weight: 400;\">Un any m\u00e9s tenim alumnes en el llistat dels millors classificats de Catalunya a les proves Cangur, s\u00f3n\u00a0 <\/span><b>Pau Dom\u00ednguez Torner<\/b><span style=\"font-weight: 400;\"> (posici\u00f3 39 de Catalunya amb nom\u00e9s un 0,76% de l\u2019alumnat per davant d\u2019ell) i <\/span><b>Mart\u00ed Navacerrada Serres<\/b><span style=\"font-weight: 400;\"> ( posici\u00f3 76 de Catalunya amb un 4,44% de l\u2019alumnat per davant d\u2019ell). El total de participants a Catalunya al seu nivell ha estat de 5136 alumnes.<\/span><\/p>\n<p><span style=\"font-weight: 400;\">I els millors qualificats a nivell de segon de Batxillerat s\u00f3n <\/span><b>Ivan Mart\u00edn Latorre i Jordi Pons Ariza\u00a0 <\/b><span style=\"font-weight: 400;\">en primer lloc<\/span> <span style=\"font-weight: 400;\">amb la mateixa puntuaci\u00f3 i <\/span><b>Sergi Moraira Lozano<\/b><span style=\"font-weight: 400;\">.<\/span><\/p>\n<p><span style=\"font-weight: 400;\">Felicitats a tots!!!<\/span><\/p>\n<p><span style=\"font-weight: 400;\">Departament de Matem\u00e0tiques.<\/span><\/p>\n\r\n\t<div class=\"slideshow_container slideshow_container_style-light\" style=\"height: 500px; \" data-slideshow-id=\"9145\" data-style-name=\"style-light\" data-style-version=\"2.3.1\" >\r\n\r\n\t\t\t\t\t<div class=\"slideshow_loading_icon\"><\/div>\r\n\t\t\r\n\t\t<div class=\"slideshow_content\" style=\"display: none;\">\r\n\r\n\t\t\t<div class=\"slideshow_view\">\r\n\t\t\t\t<div class=\"slideshow_slide slideshow_slide_image\">\r\n\t\t\t\t\t\t\t\t\t\t\t<img src=\"https:\/\/agora.xtec.cat\/iestorredelpalau\/wp-content\/uploads\/usu1331\/2024\/05\/IMG_4601-scaled.jpg\" alt=\"\" width=\"1045\" height=\"2560\" \/>\r\n\t\t\t\t\t\t\t\t\t\t<div class=\"slideshow_description_box slideshow_transparent\">\r\n\t\t\t\t\t\t\t\t\t\t\t\t\t\t\t\t\t<\/div>\r\n\t\t\t\t<\/div>\r\n\r\n\t\t\t\t\t\t<div style=\"clear: both;\"><\/div><\/div><div class=\"slideshow_view\">\r\n\t\t\t\t<div class=\"slideshow_slide slideshow_slide_image\">\r\n\t\t\t\t\t\t\t\t\t\t\t<img src=\"https:\/\/agora.xtec.cat\/iestorredelpalau\/wp-content\/uploads\/usu1331\/2024\/05\/foto-3-1.jpg\" alt=\"foto 3 (1)\" width=\"1731\" height=\"1932\" \/>\r\n\t\t\t\t\t\t\t\t\t\t<div class=\"slideshow_description_box slideshow_transparent\">\r\n\t\t\t\t\t\t\t\t\t\t\t\t\t\t\t\t\t<\/div>\r\n\t\t\t\t<\/div>\r\n\r\n\t\t\t\t\t\t<div style=\"clear: both;\"><\/div><\/div>\r\n\t\t<\/div>\r\n\r\n\t\t<div class=\"slideshow_controlPanel slideshow_transparent\" style=\"display: none;\"><ul><li class=\"slideshow_togglePlay\" data-play-text=\"Visualitza\" data-pause-text=\"Pausa\"><\/li><\/ul><\/div>\r\n\r\n\t\t<div class=\"slideshow_button slideshow_previous slideshow_transparent\" role=\"button\" data-previous-text=\"Anterior\" style=\"display: none;\"><\/div>\r\n\t\t<div class=\"slideshow_button slideshow_next slideshow_transparent\" role=\"button\" data-next-text=\"Seg\u00fcent\" style=\"display: none;\"><\/div>\r\n\r\n\t\t<div class=\"slideshow_pagination\" style=\"display: none;\" data-go-to-text=\"V\u00e9s a la diapositiva\"><div class=\"slideshow_pagination_center\"><\/div><\/div>\r\n\r\n\t\t<!-- WordPress Slideshow Version 2.3.1 -->\r\n\r\n\t\t\t<\/div>\r\n\r\n\n<p>&nbsp;<\/p>\n","protected":false},"excerpt":{"rendered":"<p>Un any m\u00e9s tenim alumnes en el llistat dels millors classificats de Catalunya a les proves Cangur, s\u00f3n\u00a0 Pau Dom\u00ednguez Torner (posici\u00f3 39 de Catalunya amb nom\u00e9s un 0,76% de l\u2019alumnat per davant d\u2019ell) i Mart\u00ed Navacerrada Serres ( posici\u00f3 76 de Catalunya amb un 4,44% de l\u2019alumnat per davant d\u2019ell). El total de participants [&hellip;]<\/p>\n","protected":false},"author":1,"featured_media":9154,"comment_status":"closed","ping_status":"closed","sticky":false,"template":"","format":"standard","meta":{"_bbp_topic_count":0,"_bbp_reply_count":0,"_bbp_total_topic_count":0,"_bbp_total_reply_count":0,"_bbp_voice_count":0,"_bbp_anonymous_reply_count":0,"_bbp_topic_count_hidden":0,"_bbp_reply_count_hidden":0,"_bbp_forum_subforum_count":0,"site-sidebar-layout":"default","site-content-layout":"","ast-site-content-layout":"","site-content-style":"default","site-sidebar-style":"default","ast-global-header-display":"","ast-banner-title-visibility":"","ast-main-header-display":"","ast-hfb-above-header-display":"","ast-hfb-below-header-display":"","ast-hfb-mobile-header-display":"","site-post-title":"","ast-breadcrumbs-content":"","ast-featured-img":"","footer-sml-layout":"","theme-transparent-header-meta":"","adv-header-id-meta":"","stick-header-meta":"","header-above-stick-meta":"","header-main-stick-meta":"","header-below-stick-meta":"","astra-migrate-meta-layouts":"default","ast-page-background-enabled":"default","ast-page-background-meta":{"desktop":{"background-color":"var(--ast-global-color-4)","background-image":"","background-repeat":"repeat","background-position":"center center","background-size":"auto","background-attachment":"scroll","background-type":"","background-media":"","overlay-type":"","overlay-color":"","overlay-opacity":"","overlay-gradient":""},"tablet":{"background-color":"","background-image":"","background-repeat":"repeat","background-position":"center center","background-size":"auto","background-attachment":"scroll","background-type":"","background-media":"","overlay-type":"","overlay-color":"","overlay-opacity":"","overlay-gradient":""},"mobile":{"background-color":"","background-image":"","background-repeat":"repeat","background-position":"center center","background-size":"auto","background-attachment":"scroll","background-type":"","background-media":"","overlay-type":"","overlay-color":"","overlay-opacity":"","overlay-gradient":""}},"ast-content-background-meta":{"desktop":{"background-color":"var(--ast-global-color-5)","background-image":"","background-repeat":"repeat","background-position":"center center","background-size":"auto","background-attachment":"scroll","background-type":"","background-media":"","overlay-type":"","overlay-color":"","overlay-opacity":"","overlay-gradient":""},"tablet":{"background-color":"var(--ast-global-color-5)","background-image":"","background-repeat":"repeat","background-position":"center center","background-size":"auto","background-attachment":"scroll","background-type":"","background-media":"","overlay-type":"","overlay-color":"","overlay-opacity":"","overlay-gradient":""},"mobile":{"background-color":"var(--ast-global-color-5)","background-image":"","background-repeat":"repeat","background-position":"center center","background-size":"auto","background-attachment":"scroll","background-type":"","background-media":"","overlay-type":"","overlay-color":"","overlay-opacity":"","overlay-gradient":""}},"footnotes":""},"categories":[8,1,107,29],"tags":[],"class_list":["post-9144","post","type-post","status-publish","format-standard","has-post-thumbnail","hentry","category-batxillerat","category-general","category-noticies-del-centre","category-portada"],"post_mailing_queue_ids":[],"_links":{"self":[{"href":"https:\/\/agora.xtec.cat\/iestorredelpalau\/wp-json\/wp\/v2\/posts\/9144","targetHints":{"allow":["GET"]}}],"collection":[{"href":"https:\/\/agora.xtec.cat\/iestorredelpalau\/wp-json\/wp\/v2\/posts"}],"about":[{"href":"https:\/\/agora.xtec.cat\/iestorredelpalau\/wp-json\/wp\/v2\/types\/post"}],"author":[{"embeddable":true,"href":"https:\/\/agora.xtec.cat\/iestorredelpalau\/wp-json\/wp\/v2\/users\/1"}],"replies":[{"embeddable":true,"href":"https:\/\/agora.xtec.cat\/iestorredelpalau\/wp-json\/wp\/v2\/comments?post=9144"}],"version-history":[{"count":5,"href":"https:\/\/agora.xtec.cat\/iestorredelpalau\/wp-json\/wp\/v2\/posts\/9144\/revisions"}],"predecessor-version":[{"id":9156,"href":"https:\/\/agora.xtec.cat\/iestorredelpalau\/wp-json\/wp\/v2\/posts\/9144\/revisions\/9156"}],"wp:featuredmedia":[{"embeddable":true,"href":"https:\/\/agora.xtec.cat\/iestorredelpalau\/wp-json\/wp\/v2\/media\/9154"}],"wp:attachment":[{"href":"https:\/\/agora.xtec.cat\/iestorredelpalau\/wp-json\/wp\/v2\/media?parent=9144"}],"wp:term":[{"taxonomy":"category","embeddable":true,"href":"https:\/\/agora.xtec.cat\/iestorredelpalau\/wp-json\/wp\/v2\/categories?post=9144"},{"taxonomy":"post_tag","embeddable":true,"href":"https:\/\/agora.xtec.cat\/iestorredelpalau\/wp-json\/wp\/v2\/tags?post=9144"}],"curies":[{"name":"wp","href":"https:\/\/api.w.org\/{rel}","templated":true}]}}