{"id":8892,"date":"2024-03-08T10:26:54","date_gmt":"2024-03-08T09:26:54","guid":{"rendered":"https:\/\/agora.xtec.cat\/iestorredelpalau\/?p=8892"},"modified":"2024-03-08T10:26:54","modified_gmt":"2024-03-08T09:26:54","slug":"dona-cientifica","status":"publish","type":"post","link":"https:\/\/agora.xtec.cat\/iestorredelpalau\/general\/dona-cientifica\/","title":{"rendered":"DONA CIENT\u00cdFICA"},"content":{"rendered":"<p style=\"text-align: justify;\"><span style=\"font-weight: 400;\">Aprofitant que al febrer va ser el dia de la dona cient\u00edfica i que alhora a 2n batxillerat estem treballant l\u2019ODS n\u00fam 9 (Ind\u00fastria i Innovaci\u00f3) i n\u00fam 5 (Igualtat de g\u00e8nere), hem invitat la Irene Garcia, una enginyera de la B Braun, empresa l\u00edder en tecnologia m\u00e8dica, a fer una xerrada. Aquesta xerrada s\u2019insereix dins el programa \u201c100t\u00edfiques\u201d, una iniciativa de la Fundaci\u00f3 Catalana per a la Recerca i la Innovaci\u00f3 (FCRI) i el Barcelona Institute of Science and TEchnology, amb la col\u00b7laboraci\u00f3 del Departament d\u2019Educaci\u00f3 de la Generalitat de Catalunya.<\/span><\/p>\n<p style=\"text-align: justify;\"><span style=\"font-weight: 400;\">L\u2019objectiu \u00e9s fer visible i destacar la rellev\u00e0ncia i el paper estrat\u00e8gic de les dones a la ci\u00e8ncia i la tecnologia, tot fomentant accions conjuntes entre cient\u00edfiques d\u2019acad\u00e8mia i d\u2019empresa. El programa t\u00e9 la vocaci\u00f3 de fomentar una relaci\u00f3 m\u00e9s directa i rec\u00edproca entre la ci\u00e8ncia i la societat i, a m\u00e9s a m\u00e9s, incrementar la consci\u00e8ncia d\u2019aquest col\u00b7lectiu.<\/span><\/p>\n<p style=\"text-align: justify;\"><span style=\"font-weight: 400;\">La Irene \u00e9s enginyera industrial qu\u00edmica, natural d\u2019Ast\u00faries. Al 2016 va venir a treballar a Catalunya i ja s\u2019ha quedat en aquesta empresa. La seva tasca \u00e9s \u201ct\u00e8cnica de validacions\u201d i verifica el funcionament de m\u00e0quines de processos de fabricaci\u00f3 de les sutures sint\u00e8tiques absorbibles. La seva empresa ven a Am\u00e8rica, Alemanya, \u00cdndia, Tail\u00e0ndia i Fran\u00e7a.<\/span><\/p>\n<p style=\"text-align: justify;\"><span style=\"font-weight: 400;\">Ens explica que actualment hi ha un 20% de dones directives a tota l\u2019empresa, una xifra que ha anat creixent en els \u00faltims anys. Una bona senyal que ens fa veure que les pol\u00edtiques d\u2019igualtat de g\u00e8nere, mica en mica, es van implantant, tot i que encara queda un llarg recorregut per aconseguir la plena igualtat.<\/span><\/p>\n<p><span style=\"font-weight: 400;\">Gr\u00e0cies Irene pel teu temps!<\/span><\/p>\n<p><span style=\"font-family: inherit; font-size: 1em;\">Giner \/ ODS-2n batxillerat<\/span><\/p>\n<p><a href=\"https:\/\/agora.xtec.cat\/iestorredelpalau\/wp-content\/uploads\/usu1331\/2024\/03\/IMG_20240304_120322-scaled.jpg\"><img loading=\"lazy\" decoding=\"async\" class=\"aligncenter  wp-image-8893\" src=\"https:\/\/agora.xtec.cat\/iestorredelpalau\/wp-content\/uploads\/usu1331\/2024\/03\/IMG_20240304_120322-1024x768.jpg\" alt=\"\" width=\"603\" height=\"452\" srcset=\"https:\/\/agora.xtec.cat\/iestorredelpalau\/wp-content\/uploads\/usu1331\/2024\/03\/IMG_20240304_120322-1024x768.jpg 1024w, https:\/\/agora.xtec.cat\/iestorredelpalau\/wp-content\/uploads\/usu1331\/2024\/03\/IMG_20240304_120322-300x225.jpg 300w, https:\/\/agora.xtec.cat\/iestorredelpalau\/wp-content\/uploads\/usu1331\/2024\/03\/IMG_20240304_120322-768x576.jpg 768w, https:\/\/agora.xtec.cat\/iestorredelpalau\/wp-content\/uploads\/usu1331\/2024\/03\/IMG_20240304_120322-1536x1152.jpg 1536w, https:\/\/agora.xtec.cat\/iestorredelpalau\/wp-content\/uploads\/usu1331\/2024\/03\/IMG_20240304_120322-2048x1536.jpg 2048w, https:\/\/agora.xtec.cat\/iestorredelpalau\/wp-content\/uploads\/usu1331\/2024\/03\/IMG_20240304_120322-200x150.jpg 200w\" sizes=\"auto, (max-width: 603px) 100vw, 603px\" \/><\/a><\/p>\n","protected":false},"excerpt":{"rendered":"<p>Aprofitant que al febrer va ser el dia de la dona cient\u00edfica i que alhora a 2n batxillerat estem treballant l\u2019ODS n\u00fam 9 (Ind\u00fastria i Innovaci\u00f3) i n\u00fam 5 (Igualtat de g\u00e8nere), hem invitat la Irene Garcia, una enginyera de la B Braun, empresa l\u00edder en tecnologia m\u00e8dica, a fer una xerrada. Aquesta xerrada s\u2019insereix [&hellip;]<\/p>\n","protected":false},"author":1,"featured_media":8894,"comment_status":"closed","ping_status":"closed","sticky":false,"template":"","format":"standard","meta":{"_bbp_topic_count":0,"_bbp_reply_count":0,"_bbp_total_topic_count":0,"_bbp_total_reply_count":0,"_bbp_voice_count":0,"_bbp_anonymous_reply_count":0,"_bbp_topic_count_hidden":0,"_bbp_reply_count_hidden":0,"_bbp_forum_subforum_count":0,"site-sidebar-layout":"default","site-content-layout":"","ast-site-content-layout":"","site-content-style":"default","site-sidebar-style":"default","ast-global-header-display":"","ast-banner-title-visibility":"","ast-main-header-display":"","ast-hfb-above-header-display":"","ast-hfb-below-header-display":"","ast-hfb-mobile-header-display":"","site-post-title":"","ast-breadcrumbs-content":"","ast-featured-img":"","footer-sml-layout":"","theme-transparent-header-meta":"","adv-header-id-meta":"","stick-header-meta":"","header-above-stick-meta":"","header-main-stick-meta":"","header-below-stick-meta":"","astra-migrate-meta-layouts":"default","ast-page-background-enabled":"default","ast-page-background-meta":{"desktop":{"background-color":"var(--ast-global-color-4)","background-image":"","background-repeat":"repeat","background-position":"center center","background-size":"auto","background-attachment":"scroll","background-type":"","background-media":"","overlay-type":"","overlay-color":"","overlay-opacity":"","overlay-gradient":""},"tablet":{"background-color":"","background-image":"","background-repeat":"repeat","background-position":"center center","background-size":"auto","background-attachment":"scroll","background-type":"","background-media":"","overlay-type":"","overlay-color":"","overlay-opacity":"","overlay-gradient":""},"mobile":{"background-color":"","background-image":"","background-repeat":"repeat","background-position":"center center","background-size":"auto","background-attachment":"scroll","background-type":"","background-media":"","overlay-type":"","overlay-color":"","overlay-opacity":"","overlay-gradient":""}},"ast-content-background-meta":{"desktop":{"background-color":"var(--ast-global-color-5)","background-image":"","background-repeat":"repeat","background-position":"center center","background-size":"auto","background-attachment":"scroll","background-type":"","background-media":"","overlay-type":"","overlay-color":"","overlay-opacity":"","overlay-gradient":""},"tablet":{"background-color":"var(--ast-global-color-5)","background-image":"","background-repeat":"repeat","background-position":"center center","background-size":"auto","background-attachment":"scroll","background-type":"","background-media":"","overlay-type":"","overlay-color":"","overlay-opacity":"","overlay-gradient":""},"mobile":{"background-color":"var(--ast-global-color-5)","background-image":"","background-repeat":"repeat","background-position":"center center","background-size":"auto","background-attachment":"scroll","background-type":"","background-media":"","overlay-type":"","overlay-color":"","overlay-opacity":"","overlay-gradient":""}},"footnotes":""},"categories":[8,1,107,29],"tags":[],"class_list":["post-8892","post","type-post","status-publish","format-standard","has-post-thumbnail","hentry","category-batxillerat","category-general","category-noticies-del-centre","category-portada"],"post_mailing_queue_ids":[],"_links":{"self":[{"href":"https:\/\/agora.xtec.cat\/iestorredelpalau\/wp-json\/wp\/v2\/posts\/8892","targetHints":{"allow":["GET"]}}],"collection":[{"href":"https:\/\/agora.xtec.cat\/iestorredelpalau\/wp-json\/wp\/v2\/posts"}],"about":[{"href":"https:\/\/agora.xtec.cat\/iestorredelpalau\/wp-json\/wp\/v2\/types\/post"}],"author":[{"embeddable":true,"href":"https:\/\/agora.xtec.cat\/iestorredelpalau\/wp-json\/wp\/v2\/users\/1"}],"replies":[{"embeddable":true,"href":"https:\/\/agora.xtec.cat\/iestorredelpalau\/wp-json\/wp\/v2\/comments?post=8892"}],"version-history":[{"count":1,"href":"https:\/\/agora.xtec.cat\/iestorredelpalau\/wp-json\/wp\/v2\/posts\/8892\/revisions"}],"predecessor-version":[{"id":8895,"href":"https:\/\/agora.xtec.cat\/iestorredelpalau\/wp-json\/wp\/v2\/posts\/8892\/revisions\/8895"}],"wp:featuredmedia":[{"embeddable":true,"href":"https:\/\/agora.xtec.cat\/iestorredelpalau\/wp-json\/wp\/v2\/media\/8894"}],"wp:attachment":[{"href":"https:\/\/agora.xtec.cat\/iestorredelpalau\/wp-json\/wp\/v2\/media?parent=8892"}],"wp:term":[{"taxonomy":"category","embeddable":true,"href":"https:\/\/agora.xtec.cat\/iestorredelpalau\/wp-json\/wp\/v2\/categories?post=8892"},{"taxonomy":"post_tag","embeddable":true,"href":"https:\/\/agora.xtec.cat\/iestorredelpalau\/wp-json\/wp\/v2\/tags?post=8892"}],"curies":[{"name":"wp","href":"https:\/\/api.w.org\/{rel}","templated":true}]}}