{"id":8693,"date":"2024-02-14T00:07:14","date_gmt":"2024-02-13T23:07:14","guid":{"rendered":"https:\/\/agora.xtec.cat\/iestorredelpalau\/?p=8693"},"modified":"2024-03-02T11:49:12","modified_gmt":"2024-03-02T10:49:12","slug":"lopinio-de-lalumnat-de-linstitut","status":"publish","type":"post","link":"https:\/\/agora.xtec.cat\/iestorredelpalau\/general\/lopinio-de-lalumnat-de-linstitut\/","title":{"rendered":"L&#8217;opini\u00f3 de l&#8217;alumnat de l&#8217;Institut"},"content":{"rendered":"<p style=\"text-align: justify;\">\u00c9s possible fer-se una idea de com \u00e9s un Institut el dia de portes obertes?<\/p>\n<p style=\"text-align: center;\"><iframe loading=\"lazy\" src=\"https:\/\/drive.google.com\/file\/d\/1QRtvZZM4Tkml6LGIqXjgrzcTf79aqROz\/preview\" width=\"640\" height=\"480\"><\/iframe><\/p>\n<p style=\"text-align: justify;\">Cada any arriba la jornada de portes obertes dels Centres Educatius. \u00c9s el moment m\u00e9s esperat per les fam\u00edlies que han de decidir quina ser\u00e0 l\u2019escola pels seus fills i filles. Per\u00f2 tamb\u00e9 \u00e9s una jornada important pels Instituts, per explicar, ensenyar i compartir un projecte educatiu treballat i preparat per fer, dels alumnes, <strong>persones transformadores per millorar el m\u00f3n<\/strong>.<\/p>\n<p>El fet de triar Institut \u00e9s una decisi\u00f3 molt important per a tots i per aquest motiu la opini\u00f3 dels nostres alumnes compta.<\/p>\n<p style=\"text-align: center;\">\u00a0 <iframe loading=\"lazy\" src=\"https:\/\/drive.google.com\/file\/d\/1mVMnO1C_M5Z8ne9T7PzajsDHy7dOvLtk\/preview\" width=\"640\" height=\"480\"><\/iframe><\/p>\n<p style=\"text-align: center;\"><iframe loading=\"lazy\" src=\"https:\/\/drive.google.com\/file\/d\/1IjeKGQTAeOrx2Ll7ajtfY0mB1ofnyGtR\/preview\" width=\"640\" height=\"480\"><\/iframe><\/p>\n<p style=\"text-align: center;\"><iframe loading=\"lazy\" src=\"https:\/\/drive.google.com\/file\/d\/1bLs6Pv7xkwJIRO_XD2QtUvsnFpB8V8ZB\/preview\" width=\"640\" height=\"480\"><\/iframe><\/p>\n","protected":false},"excerpt":{"rendered":"<p>\u00c9s possible fer-se una idea de com \u00e9s un Institut el dia de portes obertes? Cada any arriba la jornada de portes obertes dels Centres Educatius. \u00c9s el moment m\u00e9s esperat per les fam\u00edlies que han de decidir quina ser\u00e0 l\u2019escola pels seus fills i filles. Per\u00f2 tamb\u00e9 \u00e9s una jornada important pels Instituts, per [&hellip;]<\/p>\n","protected":false},"author":1,"featured_media":8695,"comment_status":"closed","ping_status":"closed","sticky":false,"template":"","format":"standard","meta":{"_bbp_topic_count":0,"_bbp_reply_count":0,"_bbp_total_topic_count":0,"_bbp_total_reply_count":0,"_bbp_voice_count":0,"_bbp_anonymous_reply_count":0,"_bbp_topic_count_hidden":0,"_bbp_reply_count_hidden":0,"_bbp_forum_subforum_count":0,"site-sidebar-layout":"default","site-content-layout":"","ast-site-content-layout":"","site-content-style":"default","site-sidebar-style":"default","ast-global-header-display":"","ast-banner-title-visibility":"","ast-main-header-display":"","ast-hfb-above-header-display":"","ast-hfb-below-header-display":"","ast-hfb-mobile-header-display":"","site-post-title":"","ast-breadcrumbs-content":"","ast-featured-img":"","footer-sml-layout":"","theme-transparent-header-meta":"","adv-header-id-meta":"","stick-header-meta":"","header-above-stick-meta":"","header-main-stick-meta":"","header-below-stick-meta":"","astra-migrate-meta-layouts":"default","ast-page-background-enabled":"default","ast-page-background-meta":{"desktop":{"background-color":"var(--ast-global-color-4)","background-image":"","background-repeat":"repeat","background-position":"center center","background-size":"auto","background-attachment":"scroll","background-type":"","background-media":"","overlay-type":"","overlay-color":"","overlay-opacity":"","overlay-gradient":""},"tablet":{"background-color":"","background-image":"","background-repeat":"repeat","background-position":"center center","background-size":"auto","background-attachment":"scroll","background-type":"","background-media":"","overlay-type":"","overlay-color":"","overlay-opacity":"","overlay-gradient":""},"mobile":{"background-color":"","background-image":"","background-repeat":"repeat","background-position":"center center","background-size":"auto","background-attachment":"scroll","background-type":"","background-media":"","overlay-type":"","overlay-color":"","overlay-opacity":"","overlay-gradient":""}},"ast-content-background-meta":{"desktop":{"background-color":"var(--ast-global-color-5)","background-image":"","background-repeat":"repeat","background-position":"center center","background-size":"auto","background-attachment":"scroll","background-type":"","background-media":"","overlay-type":"","overlay-color":"","overlay-opacity":"","overlay-gradient":""},"tablet":{"background-color":"var(--ast-global-color-5)","background-image":"","background-repeat":"repeat","background-position":"center center","background-size":"auto","background-attachment":"scroll","background-type":"","background-media":"","overlay-type":"","overlay-color":"","overlay-opacity":"","overlay-gradient":""},"mobile":{"background-color":"var(--ast-global-color-5)","background-image":"","background-repeat":"repeat","background-position":"center center","background-size":"auto","background-attachment":"scroll","background-type":"","background-media":"","overlay-type":"","overlay-color":"","overlay-opacity":"","overlay-gradient":""}},"footnotes":""},"categories":[1,107,29],"tags":[],"class_list":["post-8693","post","type-post","status-publish","format-standard","has-post-thumbnail","hentry","category-general","category-noticies-del-centre","category-portada"],"post_mailing_queue_ids":[],"_links":{"self":[{"href":"https:\/\/agora.xtec.cat\/iestorredelpalau\/wp-json\/wp\/v2\/posts\/8693","targetHints":{"allow":["GET"]}}],"collection":[{"href":"https:\/\/agora.xtec.cat\/iestorredelpalau\/wp-json\/wp\/v2\/posts"}],"about":[{"href":"https:\/\/agora.xtec.cat\/iestorredelpalau\/wp-json\/wp\/v2\/types\/post"}],"author":[{"embeddable":true,"href":"https:\/\/agora.xtec.cat\/iestorredelpalau\/wp-json\/wp\/v2\/users\/1"}],"replies":[{"embeddable":true,"href":"https:\/\/agora.xtec.cat\/iestorredelpalau\/wp-json\/wp\/v2\/comments?post=8693"}],"version-history":[{"count":5,"href":"https:\/\/agora.xtec.cat\/iestorredelpalau\/wp-json\/wp\/v2\/posts\/8693\/revisions"}],"predecessor-version":[{"id":8822,"href":"https:\/\/agora.xtec.cat\/iestorredelpalau\/wp-json\/wp\/v2\/posts\/8693\/revisions\/8822"}],"wp:featuredmedia":[{"embeddable":true,"href":"https:\/\/agora.xtec.cat\/iestorredelpalau\/wp-json\/wp\/v2\/media\/8695"}],"wp:attachment":[{"href":"https:\/\/agora.xtec.cat\/iestorredelpalau\/wp-json\/wp\/v2\/media?parent=8693"}],"wp:term":[{"taxonomy":"category","embeddable":true,"href":"https:\/\/agora.xtec.cat\/iestorredelpalau\/wp-json\/wp\/v2\/categories?post=8693"},{"taxonomy":"post_tag","embeddable":true,"href":"https:\/\/agora.xtec.cat\/iestorredelpalau\/wp-json\/wp\/v2\/tags?post=8693"}],"curies":[{"name":"wp","href":"https:\/\/api.w.org\/{rel}","templated":true}]}}