{"id":8651,"date":"2024-02-06T00:23:50","date_gmt":"2024-02-05T23:23:50","guid":{"rendered":"https:\/\/agora.xtec.cat\/iestorredelpalau\/?p=8651"},"modified":"2024-02-06T00:23:50","modified_gmt":"2024-02-05T23:23:50","slug":"adreca-desconeguda-representacio-teatral-de-4t-deso","status":"publish","type":"post","link":"https:\/\/agora.xtec.cat\/iestorredelpalau\/general\/adreca-desconeguda-representacio-teatral-de-4t-deso\/","title":{"rendered":"Adre\u00e7a Desconeguda, representaci\u00f3 teatral de 4t d&#8217;ESO"},"content":{"rendered":"<p style=\"text-align: justify;\">Les arts esc\u00e8niques s\u00f3n un tret caracter\u00edstic al nostre centre que va m\u00e9s enll\u00e0 de l\u2019entreteniment, ja que ajuden a desenvolupar la confian\u00e7a, la comunicaci\u00f3, la creativitat i el pensament cr\u00edtic, com en l\u2019obra Adre\u00e7a Desconeguda -de Kressmann Taylor, Adapt. Rosa Ponsarnau i Sofia Royo-, representada per l\u2019alumnat de 4t d\u2019ESO de la mat\u00e8ria Arts Esc\u00e8niques amb motiu del Dia en Commemoraci\u00f3 per les V\u00edctimes de l\u2019Holocaust.<\/p>\n<p style=\"text-align: justify;\">A trav\u00e9s de les cartes entre dos amics alemanys, un d\u2019ells d\u2019origen jueu, hem constru\u00eft els personatges i hem pres consci\u00e8ncia de l\u2019odi i l\u2019antisemitisme a l\u2019Alemanya dels anys 30. Per concloure l\u2019obra, l\u2019alumnat ha interpretat l\u2019Himne dels Deportats, que han treballat a la classe de m\u00fasica amb el Jordi Cunillera.<\/p>\n<p>Vam finalitzar la jornada amb un petit col\u00b7loqui hist\u00f2ric a c\u00e0rrec de la professora Helena Gallart.<\/p>\n<p>Aqu\u00ed us deixem una petita mostra de la representaci\u00f3.<\/p>\n<p>Sof\u00eda Royo, dept. Arts Esc\u00e8niques<\/p>\n<p style=\"text-align: center;\">\n<p style=\"text-align: center;\"><iframe loading=\"lazy\" title=\"YouTube video player\" src=\"https:\/\/www.youtube.com\/embed\/--KP1e7sIrA?si=4PE5ODvEl661bgOG\" width=\"560\" height=\"315\" frameborder=\"0\" allowfullscreen=\"allowfullscreen\"><\/iframe><\/p>\n","protected":false},"excerpt":{"rendered":"<p>Les arts esc\u00e8niques s\u00f3n un tret caracter\u00edstic al nostre centre que va m\u00e9s enll\u00e0 de l\u2019entreteniment, ja que ajuden a desenvolupar la confian\u00e7a, la comunicaci\u00f3, la creativitat i el pensament cr\u00edtic, com en l\u2019obra Adre\u00e7a Desconeguda -de Kressmann Taylor, Adapt. Rosa Ponsarnau i Sofia Royo-, representada per l\u2019alumnat de 4t d\u2019ESO de la mat\u00e8ria Arts [&hellip;]<\/p>\n","protected":false},"author":1,"featured_media":8654,"comment_status":"closed","ping_status":"closed","sticky":false,"template":"","format":"standard","meta":{"_bbp_topic_count":0,"_bbp_reply_count":0,"_bbp_total_topic_count":0,"_bbp_total_reply_count":0,"_bbp_voice_count":0,"_bbp_anonymous_reply_count":0,"_bbp_topic_count_hidden":0,"_bbp_reply_count_hidden":0,"_bbp_forum_subforum_count":0,"site-sidebar-layout":"default","site-content-layout":"","ast-site-content-layout":"","site-content-style":"default","site-sidebar-style":"default","ast-global-header-display":"","ast-banner-title-visibility":"","ast-main-header-display":"","ast-hfb-above-header-display":"","ast-hfb-below-header-display":"","ast-hfb-mobile-header-display":"","site-post-title":"","ast-breadcrumbs-content":"","ast-featured-img":"","footer-sml-layout":"","theme-transparent-header-meta":"","adv-header-id-meta":"","stick-header-meta":"","header-above-stick-meta":"","header-main-stick-meta":"","header-below-stick-meta":"","astra-migrate-meta-layouts":"default","ast-page-background-enabled":"default","ast-page-background-meta":{"desktop":{"background-color":"var(--ast-global-color-4)","background-image":"","background-repeat":"repeat","background-position":"center center","background-size":"auto","background-attachment":"scroll","background-type":"","background-media":"","overlay-type":"","overlay-color":"","overlay-opacity":"","overlay-gradient":""},"tablet":{"background-color":"","background-image":"","background-repeat":"repeat","background-position":"center center","background-size":"auto","background-attachment":"scroll","background-type":"","background-media":"","overlay-type":"","overlay-color":"","overlay-opacity":"","overlay-gradient":""},"mobile":{"background-color":"","background-image":"","background-repeat":"repeat","background-position":"center center","background-size":"auto","background-attachment":"scroll","background-type":"","background-media":"","overlay-type":"","overlay-color":"","overlay-opacity":"","overlay-gradient":""}},"ast-content-background-meta":{"desktop":{"background-color":"var(--ast-global-color-5)","background-image":"","background-repeat":"repeat","background-position":"center center","background-size":"auto","background-attachment":"scroll","background-type":"","background-media":"","overlay-type":"","overlay-color":"","overlay-opacity":"","overlay-gradient":""},"tablet":{"background-color":"var(--ast-global-color-5)","background-image":"","background-repeat":"repeat","background-position":"center center","background-size":"auto","background-attachment":"scroll","background-type":"","background-media":"","overlay-type":"","overlay-color":"","overlay-opacity":"","overlay-gradient":""},"mobile":{"background-color":"var(--ast-global-color-5)","background-image":"","background-repeat":"repeat","background-position":"center center","background-size":"auto","background-attachment":"scroll","background-type":"","background-media":"","overlay-type":"","overlay-color":"","overlay-opacity":"","overlay-gradient":""}},"footnotes":""},"categories":[7,1,107,29],"tags":[],"class_list":["post-8651","post","type-post","status-publish","format-standard","has-post-thumbnail","hentry","category-eso-4","category-general","category-noticies-del-centre","category-portada"],"post_mailing_queue_ids":[],"_links":{"self":[{"href":"https:\/\/agora.xtec.cat\/iestorredelpalau\/wp-json\/wp\/v2\/posts\/8651","targetHints":{"allow":["GET"]}}],"collection":[{"href":"https:\/\/agora.xtec.cat\/iestorredelpalau\/wp-json\/wp\/v2\/posts"}],"about":[{"href":"https:\/\/agora.xtec.cat\/iestorredelpalau\/wp-json\/wp\/v2\/types\/post"}],"author":[{"embeddable":true,"href":"https:\/\/agora.xtec.cat\/iestorredelpalau\/wp-json\/wp\/v2\/users\/1"}],"replies":[{"embeddable":true,"href":"https:\/\/agora.xtec.cat\/iestorredelpalau\/wp-json\/wp\/v2\/comments?post=8651"}],"version-history":[{"count":1,"href":"https:\/\/agora.xtec.cat\/iestorredelpalau\/wp-json\/wp\/v2\/posts\/8651\/revisions"}],"predecessor-version":[{"id":8655,"href":"https:\/\/agora.xtec.cat\/iestorredelpalau\/wp-json\/wp\/v2\/posts\/8651\/revisions\/8655"}],"wp:featuredmedia":[{"embeddable":true,"href":"https:\/\/agora.xtec.cat\/iestorredelpalau\/wp-json\/wp\/v2\/media\/8654"}],"wp:attachment":[{"href":"https:\/\/agora.xtec.cat\/iestorredelpalau\/wp-json\/wp\/v2\/media?parent=8651"}],"wp:term":[{"taxonomy":"category","embeddable":true,"href":"https:\/\/agora.xtec.cat\/iestorredelpalau\/wp-json\/wp\/v2\/categories?post=8651"},{"taxonomy":"post_tag","embeddable":true,"href":"https:\/\/agora.xtec.cat\/iestorredelpalau\/wp-json\/wp\/v2\/tags?post=8651"}],"curies":[{"name":"wp","href":"https:\/\/api.w.org\/{rel}","templated":true}]}}