{"id":8410,"date":"2023-12-05T12:27:17","date_gmt":"2023-12-05T11:27:17","guid":{"rendered":"https:\/\/agora.xtec.cat\/iestorredelpalau\/?p=8410"},"modified":"2023-12-05T12:26:52","modified_gmt":"2023-12-05T11:26:52","slug":"eleccions-al-consell-escolar","status":"publish","type":"post","link":"https:\/\/agora.xtec.cat\/iestorredelpalau\/general\/eleccions-al-consell-escolar\/","title":{"rendered":"RESULTATS DE LES ELECCIONS AL CONSELL ESCOLAR"},"content":{"rendered":"<p>Com ja sabeu s\u2019acosten les eleccions al Consell Escolar i per tant comen\u00e7a el proc\u00e9s per renovar les persones membres del Consell Escolar dels centres educatius no universitaris de Catalunya.<\/p>\n<p>El Consell Escolar \u00e9s l\u2019\u00f2rgan principal de govern dels centres educatius i est\u00e0 format per representants de fam\u00edlies, alumnes, professorat, Personal d\u2019Administraci\u00f3 i Serveis (PAS) i per l\u2019administraci\u00f3 municipal.<\/p>\n<p>Adjunt teniu el calendari de les eleccions al Consell Escolar de l&#8217;Institut Torre del Palau i les candidatures del sector alumnat que es presenten per a formar part del Consell Escolar.<\/p>\n<p>Blanca Jim\u00e9nez Turu, directora<\/p>\n<table class=\" aligncenter\" style=\"width: 31.3233%; border-collapse: collapse; border-style: solid; height: 154px;\">\n<tbody>\n<tr style=\"height: 64px;\">\n<td style=\"width: 123.237%; height: 64px; text-align: center;\" colspan=\"2\"><strong>RESULTAT DE LES ELECCIONS DE RENOVACI\u00d3 DEL<\/strong><br \/>\n<strong>CONSELL ESCOLAR CURS 2023-2024<\/strong><\/td>\n<\/tr>\n<tr style=\"height: 32px;\">\n<td style=\"width: 50%; height: 32px;\"><span style=\"background-color: #ffffff;\">Sector alumnat\u00a0<\/span><\/td>\n<td style=\"width: 73.2366%; height: 32px;\"><span style=\"background-color: #ffffff;\">Oriol Salguero<\/span><\/td>\n<\/tr>\n<tr style=\"height: 32px;\">\n<td style=\"width: 50%; height: 32px;\"><\/td>\n<td style=\"width: 73.2366%; height: 32px;\">Juan Navajas<\/td>\n<\/tr>\n<tr style=\"height: 32px;\">\n<td style=\"width: 50%; height: 32px;\"><span style=\"background-color: #ffffff;\">Sector fam\u00edlies<\/span><\/td>\n<td style=\"width: 73.2366%; height: 32px;\"><span style=\"background-color: #ffffff;\">\u00a0Berta Torn\u00e9<\/span><\/td>\n<\/tr>\n<tr style=\"height: 32px;\">\n<td style=\"width: 50%; height: 32px;\"><\/td>\n<td style=\"width: 73.2366%; height: 32px;\">Olga Torrelles<\/td>\n<\/tr>\n<tr style=\"height: 32px;\">\n<td style=\"width: 50%; height: 32px;\"><\/td>\n<td style=\"width: 73.2366%; height: 32px;\"><span style=\"background-color: #ffffff;\">Judit Turu<\/span><\/td>\n<\/tr>\n<tr style=\"height: 32px;\">\n<td style=\"width: 50%; height: 32px;\">Sector professorat<\/td>\n<td style=\"width: 73.2366%; height: 32px;\">Marta Garcia<\/td>\n<\/tr>\n<tr style=\"height: 32px;\">\n<td style=\"width: 50%; height: 32px;\"><\/td>\n<td style=\"width: 73.2366%; height: 32px;\"><span style=\"background-color: #ffffff;\">Mireia Marzal<\/span><\/td>\n<\/tr>\n<tr style=\"height: 32px;\">\n<td style=\"width: 50%; height: 32px;\"><\/td>\n<td style=\"width: 73.2366%; height: 32px;\">Judith For\u00e9s<\/td>\n<\/tr>\n<tr style=\"height: 32px;\">\n<td style=\"width: 50%; height: 32px;\"><\/td>\n<td style=\"width: 73.2366%; height: 32px;\"><span style=\"background-color: #ffffff;\">Merc\u00e8 Juli\u00e1n<\/span><\/td>\n<\/tr>\n<tr style=\"height: 32px;\">\n<td style=\"width: 50%; height: 32px;\">Sector PAS<\/td>\n<td style=\"width: 73.2366%; height: 32px;\">S\u00f2nia Ram\u00edrez<\/td>\n<\/tr>\n<\/tbody>\n<\/table>\n<p>&nbsp;<\/p>\n<p>&nbsp;<\/p>\n<p>&nbsp;<\/p>\n<p>&nbsp;<\/p>\n<p>&nbsp;<\/p>\n<p>&nbsp;<\/p>\n<p>&nbsp;<\/p>\n<p style=\"text-align: center;\"><iframe loading=\"lazy\" src=\"https:\/\/drive.google.com\/file\/d\/1txCjCh8hPdl8GxZ6cQnNZUyLotV24HSB\/preview\" width=\"600\" height=\"400\"><\/iframe><br \/>\n<iframe loading=\"lazy\" src=\"https:\/\/drive.google.com\/file\/d\/1ZaO2AynnjmExrdtGDyEQRy6xbzwMx8tO\/preview\" width=\"600\" height=\"400\"><\/iframe><br \/>\n<iframe loading=\"lazy\" src=\"https:\/\/drive.google.com\/file\/d\/1Jx8LFRaCXgtUTcgQ-qr4UDVRb158JLuL\/preview\" width=\"600\" height=\"400\"><\/iframe><\/p>\n<p>&nbsp;<\/p>\n","protected":false},"excerpt":{"rendered":"<p>Com ja sabeu s\u2019acosten les eleccions al Consell Escolar i per tant comen\u00e7a el proc\u00e9s per renovar les persones membres del Consell Escolar dels centres educatius no universitaris de Catalunya. El Consell Escolar \u00e9s l\u2019\u00f2rgan principal de govern dels centres educatius i est\u00e0 format per representants de fam\u00edlies, alumnes, professorat, Personal d\u2019Administraci\u00f3 i Serveis (PAS) [&hellip;]<\/p>\n","protected":false},"author":1,"featured_media":8412,"comment_status":"closed","ping_status":"closed","sticky":false,"template":"","format":"standard","meta":{"_bbp_topic_count":0,"_bbp_reply_count":0,"_bbp_total_topic_count":0,"_bbp_total_reply_count":0,"_bbp_voice_count":0,"_bbp_anonymous_reply_count":0,"_bbp_topic_count_hidden":0,"_bbp_reply_count_hidden":0,"_bbp_forum_subforum_count":0,"site-sidebar-layout":"default","site-content-layout":"","ast-site-content-layout":"","site-content-style":"default","site-sidebar-style":"default","ast-global-header-display":"","ast-banner-title-visibility":"","ast-main-header-display":"","ast-hfb-above-header-display":"","ast-hfb-below-header-display":"","ast-hfb-mobile-header-display":"","site-post-title":"","ast-breadcrumbs-content":"","ast-featured-img":"","footer-sml-layout":"","theme-transparent-header-meta":"","adv-header-id-meta":"","stick-header-meta":"","header-above-stick-meta":"","header-main-stick-meta":"","header-below-stick-meta":"","astra-migrate-meta-layouts":"default","ast-page-background-enabled":"default","ast-page-background-meta":{"desktop":{"background-color":"var(--ast-global-color-4)","background-image":"","background-repeat":"repeat","background-position":"center center","background-size":"auto","background-attachment":"scroll","background-type":"","background-media":"","overlay-type":"","overlay-color":"","overlay-opacity":"","overlay-gradient":""},"tablet":{"background-color":"","background-image":"","background-repeat":"repeat","background-position":"center center","background-size":"auto","background-attachment":"scroll","background-type":"","background-media":"","overlay-type":"","overlay-color":"","overlay-opacity":"","overlay-gradient":""},"mobile":{"background-color":"","background-image":"","background-repeat":"repeat","background-position":"center center","background-size":"auto","background-attachment":"scroll","background-type":"","background-media":"","overlay-type":"","overlay-color":"","overlay-opacity":"","overlay-gradient":""}},"ast-content-background-meta":{"desktop":{"background-color":"var(--ast-global-color-5)","background-image":"","background-repeat":"repeat","background-position":"center center","background-size":"auto","background-attachment":"scroll","background-type":"","background-media":"","overlay-type":"","overlay-color":"","overlay-opacity":"","overlay-gradient":""},"tablet":{"background-color":"var(--ast-global-color-5)","background-image":"","background-repeat":"repeat","background-position":"center center","background-size":"auto","background-attachment":"scroll","background-type":"","background-media":"","overlay-type":"","overlay-color":"","overlay-opacity":"","overlay-gradient":""},"mobile":{"background-color":"var(--ast-global-color-5)","background-image":"","background-repeat":"repeat","background-position":"center center","background-size":"auto","background-attachment":"scroll","background-type":"","background-media":"","overlay-type":"","overlay-color":"","overlay-opacity":"","overlay-gradient":""}},"footnotes":""},"categories":[1,107,29],"tags":[],"class_list":["post-8410","post","type-post","status-publish","format-standard","has-post-thumbnail","hentry","category-general","category-noticies-del-centre","category-portada"],"post_mailing_queue_ids":[],"_links":{"self":[{"href":"https:\/\/agora.xtec.cat\/iestorredelpalau\/wp-json\/wp\/v2\/posts\/8410","targetHints":{"allow":["GET"]}}],"collection":[{"href":"https:\/\/agora.xtec.cat\/iestorredelpalau\/wp-json\/wp\/v2\/posts"}],"about":[{"href":"https:\/\/agora.xtec.cat\/iestorredelpalau\/wp-json\/wp\/v2\/types\/post"}],"author":[{"embeddable":true,"href":"https:\/\/agora.xtec.cat\/iestorredelpalau\/wp-json\/wp\/v2\/users\/1"}],"replies":[{"embeddable":true,"href":"https:\/\/agora.xtec.cat\/iestorredelpalau\/wp-json\/wp\/v2\/comments?post=8410"}],"version-history":[{"count":5,"href":"https:\/\/agora.xtec.cat\/iestorredelpalau\/wp-json\/wp\/v2\/posts\/8410\/revisions"}],"predecessor-version":[{"id":8458,"href":"https:\/\/agora.xtec.cat\/iestorredelpalau\/wp-json\/wp\/v2\/posts\/8410\/revisions\/8458"}],"wp:featuredmedia":[{"embeddable":true,"href":"https:\/\/agora.xtec.cat\/iestorredelpalau\/wp-json\/wp\/v2\/media\/8412"}],"wp:attachment":[{"href":"https:\/\/agora.xtec.cat\/iestorredelpalau\/wp-json\/wp\/v2\/media?parent=8410"}],"wp:term":[{"taxonomy":"category","embeddable":true,"href":"https:\/\/agora.xtec.cat\/iestorredelpalau\/wp-json\/wp\/v2\/categories?post=8410"},{"taxonomy":"post_tag","embeddable":true,"href":"https:\/\/agora.xtec.cat\/iestorredelpalau\/wp-json\/wp\/v2\/tags?post=8410"}],"curies":[{"name":"wp","href":"https:\/\/api.w.org\/{rel}","templated":true}]}}