{"id":8407,"date":"2023-11-12T22:21:08","date_gmt":"2023-11-12T21:21:08","guid":{"rendered":"https:\/\/agora.xtec.cat\/iestorredelpalau\/?p=8407"},"modified":"2023-11-12T22:21:08","modified_gmt":"2023-11-12T21:21:08","slug":"xerrada-de-la-lidia-campa","status":"publish","type":"post","link":"https:\/\/agora.xtec.cat\/iestorredelpalau\/general\/xerrada-de-la-lidia-campa\/","title":{"rendered":"XERRADA DE LA L\u00cdDIA CAMP\u00c0"},"content":{"rendered":"<p><span style=\"font-weight: 400;\">Avui l\u2019ex-professora del nostre institut i creadora de la Coral, buc ins\u00edgnia de l\u2019 Institut Torre del Palau, ens ha fet cinc c\u00e8ntims de la seva traject\u00f2ria com a professora de m\u00fasica i responsable de la coral. Ens ha explicat que la veu pot dir i sonar alhora, \u00e9s m\u00fasica i poesia, i, d\u2019alguna manera, \u00e9s l\u2019instrument perfecte.<\/span><\/p>\n<p><span style=\"font-weight: 400;\">D\u2019altra banda, ens ha mostrat algunes fotos dels seus viatges relacionats amb la coral. Un d\u2019ells a les Illes Maurici.<\/span><\/p>\n<p><span style=\"font-weight: 400;\">Finalment ha esperonat l\u2019alumnat a cantar perqu\u00e8 cantar genera serotonina, una subst\u00e0ncia qu\u00edmica que equilibra emocionalment a les persones.<\/span><\/p>\n<p><span style=\"font-weight: 400;\">Moltes gr\u00e0cies L\u00eddia! Ha estat molt interessant!<\/span><\/p>\n<p><span style=\"font-weight: 400;\">E.G \/ Dep. Idiomes<\/span><\/p>\n<p><a href=\"https:\/\/agora.xtec.cat\/iestorredelpalau\/wp-content\/uploads\/usu1331\/2023\/11\/IMG-3756-scaled.jpg\"><img loading=\"lazy\" decoding=\"async\" class=\"aligncenter  wp-image-8408\" src=\"https:\/\/agora.xtec.cat\/iestorredelpalau\/wp-content\/uploads\/usu1331\/2023\/11\/IMG-3756-1024x768.jpg\" alt=\"\" width=\"502\" height=\"377\" srcset=\"https:\/\/agora.xtec.cat\/iestorredelpalau\/wp-content\/uploads\/usu1331\/2023\/11\/IMG-3756-1024x768.jpg 1024w, https:\/\/agora.xtec.cat\/iestorredelpalau\/wp-content\/uploads\/usu1331\/2023\/11\/IMG-3756-300x225.jpg 300w, https:\/\/agora.xtec.cat\/iestorredelpalau\/wp-content\/uploads\/usu1331\/2023\/11\/IMG-3756-768x576.jpg 768w, https:\/\/agora.xtec.cat\/iestorredelpalau\/wp-content\/uploads\/usu1331\/2023\/11\/IMG-3756-1536x1152.jpg 1536w, https:\/\/agora.xtec.cat\/iestorredelpalau\/wp-content\/uploads\/usu1331\/2023\/11\/IMG-3756-2048x1536.jpg 2048w, https:\/\/agora.xtec.cat\/iestorredelpalau\/wp-content\/uploads\/usu1331\/2023\/11\/IMG-3756-200x150.jpg 200w\" sizes=\"auto, (max-width: 502px) 100vw, 502px\" \/><\/a><\/p>\n","protected":false},"excerpt":{"rendered":"<p>Avui l\u2019ex-professora del nostre institut i creadora de la Coral, buc ins\u00edgnia de l\u2019 Institut Torre del Palau, ens ha fet cinc c\u00e8ntims de la seva traject\u00f2ria com a professora de m\u00fasica i responsable de la coral. Ens ha explicat que la veu pot dir i sonar alhora, \u00e9s m\u00fasica i poesia, i, d\u2019alguna manera, [&hellip;]<\/p>\n","protected":false},"author":1,"featured_media":8408,"comment_status":"closed","ping_status":"closed","sticky":false,"template":"","format":"standard","meta":{"_bbp_topic_count":0,"_bbp_reply_count":0,"_bbp_total_topic_count":0,"_bbp_total_reply_count":0,"_bbp_voice_count":0,"_bbp_anonymous_reply_count":0,"_bbp_topic_count_hidden":0,"_bbp_reply_count_hidden":0,"_bbp_forum_subforum_count":0,"site-sidebar-layout":"default","site-content-layout":"","ast-site-content-layout":"","site-content-style":"default","site-sidebar-style":"default","ast-global-header-display":"","ast-banner-title-visibility":"","ast-main-header-display":"","ast-hfb-above-header-display":"","ast-hfb-below-header-display":"","ast-hfb-mobile-header-display":"","site-post-title":"","ast-breadcrumbs-content":"","ast-featured-img":"","footer-sml-layout":"","theme-transparent-header-meta":"","adv-header-id-meta":"","stick-header-meta":"","header-above-stick-meta":"","header-main-stick-meta":"","header-below-stick-meta":"","astra-migrate-meta-layouts":"default","ast-page-background-enabled":"default","ast-page-background-meta":{"desktop":{"background-color":"var(--ast-global-color-4)","background-image":"","background-repeat":"repeat","background-position":"center center","background-size":"auto","background-attachment":"scroll","background-type":"","background-media":"","overlay-type":"","overlay-color":"","overlay-opacity":"","overlay-gradient":""},"tablet":{"background-color":"","background-image":"","background-repeat":"repeat","background-position":"center center","background-size":"auto","background-attachment":"scroll","background-type":"","background-media":"","overlay-type":"","overlay-color":"","overlay-opacity":"","overlay-gradient":""},"mobile":{"background-color":"","background-image":"","background-repeat":"repeat","background-position":"center center","background-size":"auto","background-attachment":"scroll","background-type":"","background-media":"","overlay-type":"","overlay-color":"","overlay-opacity":"","overlay-gradient":""}},"ast-content-background-meta":{"desktop":{"background-color":"var(--ast-global-color-5)","background-image":"","background-repeat":"repeat","background-position":"center center","background-size":"auto","background-attachment":"scroll","background-type":"","background-media":"","overlay-type":"","overlay-color":"","overlay-opacity":"","overlay-gradient":""},"tablet":{"background-color":"var(--ast-global-color-5)","background-image":"","background-repeat":"repeat","background-position":"center center","background-size":"auto","background-attachment":"scroll","background-type":"","background-media":"","overlay-type":"","overlay-color":"","overlay-opacity":"","overlay-gradient":""},"mobile":{"background-color":"var(--ast-global-color-5)","background-image":"","background-repeat":"repeat","background-position":"center center","background-size":"auto","background-attachment":"scroll","background-type":"","background-media":"","overlay-type":"","overlay-color":"","overlay-opacity":"","overlay-gradient":""}},"footnotes":""},"categories":[1,107,29],"tags":[],"class_list":["post-8407","post","type-post","status-publish","format-standard","has-post-thumbnail","hentry","category-general","category-noticies-del-centre","category-portada"],"post_mailing_queue_ids":[],"_links":{"self":[{"href":"https:\/\/agora.xtec.cat\/iestorredelpalau\/wp-json\/wp\/v2\/posts\/8407","targetHints":{"allow":["GET"]}}],"collection":[{"href":"https:\/\/agora.xtec.cat\/iestorredelpalau\/wp-json\/wp\/v2\/posts"}],"about":[{"href":"https:\/\/agora.xtec.cat\/iestorredelpalau\/wp-json\/wp\/v2\/types\/post"}],"author":[{"embeddable":true,"href":"https:\/\/agora.xtec.cat\/iestorredelpalau\/wp-json\/wp\/v2\/users\/1"}],"replies":[{"embeddable":true,"href":"https:\/\/agora.xtec.cat\/iestorredelpalau\/wp-json\/wp\/v2\/comments?post=8407"}],"version-history":[{"count":1,"href":"https:\/\/agora.xtec.cat\/iestorredelpalau\/wp-json\/wp\/v2\/posts\/8407\/revisions"}],"predecessor-version":[{"id":8409,"href":"https:\/\/agora.xtec.cat\/iestorredelpalau\/wp-json\/wp\/v2\/posts\/8407\/revisions\/8409"}],"wp:featuredmedia":[{"embeddable":true,"href":"https:\/\/agora.xtec.cat\/iestorredelpalau\/wp-json\/wp\/v2\/media\/8408"}],"wp:attachment":[{"href":"https:\/\/agora.xtec.cat\/iestorredelpalau\/wp-json\/wp\/v2\/media?parent=8407"}],"wp:term":[{"taxonomy":"category","embeddable":true,"href":"https:\/\/agora.xtec.cat\/iestorredelpalau\/wp-json\/wp\/v2\/categories?post=8407"},{"taxonomy":"post_tag","embeddable":true,"href":"https:\/\/agora.xtec.cat\/iestorredelpalau\/wp-json\/wp\/v2\/tags?post=8407"}],"curies":[{"name":"wp","href":"https:\/\/api.w.org\/{rel}","templated":true}]}}