{"id":8329,"date":"2023-11-03T13:24:49","date_gmt":"2023-11-03T12:24:49","guid":{"rendered":"https:\/\/agora.xtec.cat\/iestorredelpalau\/?p=8329"},"modified":"2023-11-03T13:26:22","modified_gmt":"2023-11-03T12:26:22","slug":"revista-de-linstitut-torre-del-palau","status":"publish","type":"post","link":"https:\/\/agora.xtec.cat\/iestorredelpalau\/general\/revista-de-linstitut-torre-del-palau\/","title":{"rendered":"Revista de l&#8217;Institut Torre del Palau"},"content":{"rendered":"<p><span style=\"font-weight: 400;\">Aquest any l\u2019alumnat de 3r d\u2019ESO ha creat la revista de l&#8217;Institut Torre del Palau com a producte final del projecte SENTIM.<\/span><\/p>\n<p><span style=\"font-weight: 400;\">Han escrit not\u00edcies, reportatges, entrevistes, c\u00f2mics, entre d\u2019altre i l\u2019\u2019equip de maquetaci\u00f3 li ha donat forma.<\/span><\/p>\n<p><span style=\"font-weight: 400;\">La idea \u00e9s oferir temes d&#8217;inter\u00e8s relacionats amb l\u2019actualitat del m\u00f3n que ens envolta.<\/span><\/p>\n<p><span style=\"font-weight: 400;\">Per l\u2019alumnat de 3r ha estat un aprenentatge molt enriquidor i una nova experi\u00e8ncia.<\/span><\/p>\n<p><span style=\"font-weight: 400;\">Aqu\u00ed us deixem l\u2019enlla\u00e7 perqu\u00e8 pugueu gaudir de la seva lectura.<\/span><\/p>\n<p><span style=\"font-weight: 400;\">Esperem que us agradi!<\/span><\/p>\n<div data-url=\"https:\/\/issuu.com\/montsetdp\/docs\/som_torre_num.1\" style=\"width: 500px; height: 354px;\" class=\"issuuembed\"><\/div>\n<p><script type=\"text\/javascript\" src=\"\/\/e.issuu.com\/embed.js\" async=\"true\"><\/script><\/p>\n","protected":false},"excerpt":{"rendered":"<p>Aquest any l\u2019alumnat de 3r d\u2019ESO ha creat la revista de l&#8217;Institut Torre del Palau com a producte final del projecte SENTIM. Han escrit not\u00edcies, reportatges, entrevistes, c\u00f2mics, entre d\u2019altre i l\u2019\u2019equip de maquetaci\u00f3 li ha donat forma. La idea \u00e9s oferir temes d&#8217;inter\u00e8s relacionats amb l\u2019actualitat del m\u00f3n que ens envolta. Per l\u2019alumnat de [&hellip;]<\/p>\n","protected":false},"author":1,"featured_media":8330,"comment_status":"closed","ping_status":"closed","sticky":false,"template":"","format":"standard","meta":{"_bbp_topic_count":0,"_bbp_reply_count":0,"_bbp_total_topic_count":0,"_bbp_total_reply_count":0,"_bbp_voice_count":0,"_bbp_anonymous_reply_count":0,"_bbp_topic_count_hidden":0,"_bbp_reply_count_hidden":0,"_bbp_forum_subforum_count":0,"site-sidebar-layout":"default","site-content-layout":"","ast-site-content-layout":"","site-content-style":"default","site-sidebar-style":"default","ast-global-header-display":"","ast-banner-title-visibility":"","ast-main-header-display":"","ast-hfb-above-header-display":"","ast-hfb-below-header-display":"","ast-hfb-mobile-header-display":"","site-post-title":"","ast-breadcrumbs-content":"","ast-featured-img":"","footer-sml-layout":"","theme-transparent-header-meta":"","adv-header-id-meta":"","stick-header-meta":"","header-above-stick-meta":"","header-main-stick-meta":"","header-below-stick-meta":"","astra-migrate-meta-layouts":"default","ast-page-background-enabled":"default","ast-page-background-meta":{"desktop":{"background-color":"var(--ast-global-color-4)","background-image":"","background-repeat":"repeat","background-position":"center center","background-size":"auto","background-attachment":"scroll","background-type":"","background-media":"","overlay-type":"","overlay-color":"","overlay-opacity":"","overlay-gradient":""},"tablet":{"background-color":"","background-image":"","background-repeat":"repeat","background-position":"center center","background-size":"auto","background-attachment":"scroll","background-type":"","background-media":"","overlay-type":"","overlay-color":"","overlay-opacity":"","overlay-gradient":""},"mobile":{"background-color":"","background-image":"","background-repeat":"repeat","background-position":"center center","background-size":"auto","background-attachment":"scroll","background-type":"","background-media":"","overlay-type":"","overlay-color":"","overlay-opacity":"","overlay-gradient":""}},"ast-content-background-meta":{"desktop":{"background-color":"var(--ast-global-color-5)","background-image":"","background-repeat":"repeat","background-position":"center center","background-size":"auto","background-attachment":"scroll","background-type":"","background-media":"","overlay-type":"","overlay-color":"","overlay-opacity":"","overlay-gradient":""},"tablet":{"background-color":"var(--ast-global-color-5)","background-image":"","background-repeat":"repeat","background-position":"center center","background-size":"auto","background-attachment":"scroll","background-type":"","background-media":"","overlay-type":"","overlay-color":"","overlay-opacity":"","overlay-gradient":""},"mobile":{"background-color":"var(--ast-global-color-5)","background-image":"","background-repeat":"repeat","background-position":"center center","background-size":"auto","background-attachment":"scroll","background-type":"","background-media":"","overlay-type":"","overlay-color":"","overlay-opacity":"","overlay-gradient":""}},"footnotes":""},"categories":[1,107,29],"tags":[],"class_list":["post-8329","post","type-post","status-publish","format-standard","has-post-thumbnail","hentry","category-general","category-noticies-del-centre","category-portada"],"post_mailing_queue_ids":[],"_links":{"self":[{"href":"https:\/\/agora.xtec.cat\/iestorredelpalau\/wp-json\/wp\/v2\/posts\/8329","targetHints":{"allow":["GET"]}}],"collection":[{"href":"https:\/\/agora.xtec.cat\/iestorredelpalau\/wp-json\/wp\/v2\/posts"}],"about":[{"href":"https:\/\/agora.xtec.cat\/iestorredelpalau\/wp-json\/wp\/v2\/types\/post"}],"author":[{"embeddable":true,"href":"https:\/\/agora.xtec.cat\/iestorredelpalau\/wp-json\/wp\/v2\/users\/1"}],"replies":[{"embeddable":true,"href":"https:\/\/agora.xtec.cat\/iestorredelpalau\/wp-json\/wp\/v2\/comments?post=8329"}],"version-history":[{"count":2,"href":"https:\/\/agora.xtec.cat\/iestorredelpalau\/wp-json\/wp\/v2\/posts\/8329\/revisions"}],"predecessor-version":[{"id":8332,"href":"https:\/\/agora.xtec.cat\/iestorredelpalau\/wp-json\/wp\/v2\/posts\/8329\/revisions\/8332"}],"wp:featuredmedia":[{"embeddable":true,"href":"https:\/\/agora.xtec.cat\/iestorredelpalau\/wp-json\/wp\/v2\/media\/8330"}],"wp:attachment":[{"href":"https:\/\/agora.xtec.cat\/iestorredelpalau\/wp-json\/wp\/v2\/media?parent=8329"}],"wp:term":[{"taxonomy":"category","embeddable":true,"href":"https:\/\/agora.xtec.cat\/iestorredelpalau\/wp-json\/wp\/v2\/categories?post=8329"},{"taxonomy":"post_tag","embeddable":true,"href":"https:\/\/agora.xtec.cat\/iestorredelpalau\/wp-json\/wp\/v2\/tags?post=8329"}],"curies":[{"name":"wp","href":"https:\/\/api.w.org\/{rel}","templated":true}]}}