{"id":8183,"date":"2023-10-05T09:09:37","date_gmt":"2023-10-05T07:09:37","guid":{"rendered":"https:\/\/agora.xtec.cat\/iestorredelpalau\/?p=8183"},"modified":"2023-10-05T09:09:37","modified_gmt":"2023-10-05T07:09:37","slug":"inici-de-les-activitats-extraescolars","status":"publish","type":"post","link":"https:\/\/agora.xtec.cat\/iestorredelpalau\/general\/inici-de-les-activitats-extraescolars\/","title":{"rendered":"Inici de les activitats extraescolars"},"content":{"rendered":"<p><i><span style=\"font-weight: 400;\">&#8220;Posem en marxa les activitats extraescolars del curs 2023-2024!<\/span><\/i><\/p>\n<p><i><span style=\"font-weight: 400;\">El pr\u00f2xim dilluns 9 d&#8217;octubre a les 15:30\u202fh comencem la temporada d&#8217;entrenaments. Com b\u00e9 sabeu, aquests s\u00f3n els dilluns i dimecres de 15:30 h a 16:30 h.<\/span><\/i><\/p>\n<p><i><span style=\"font-weight: 400;\">Encara tenim places disponibles en els equips de v\u00f2lei i futbol!\u00a0<\/span><\/i><\/p>\n<p><i><span style=\"font-weight: 400;\">Si est\u00e0s dubtant i encara no saps si et vols apuntar, pots venir a provar un dels entrenaments sense cap mena de comprom\u00eds.<\/span><\/i><\/p>\n<p><i><span style=\"font-weight: 400;\">Per a m\u00e9s informaci\u00f3 podeu contactar amb el professorat d&#8217;Educaci\u00f3 f\u00edsica.<\/span><\/i><\/p>\n<p><i><span style=\"font-weight: 400;\">Atentament associaci\u00f3 esportiva de la Torre del Palau.&#8221;<\/span><\/i><\/p>\n<p><span style=\"font-weight: 400;\">Gr\u00e0cies.<\/span><\/p>\n<p><a href=\"https:\/\/agora.xtec.cat\/iestorredelpalau\/wp-content\/uploads\/usu1331\/2023\/10\/Inici-extraescolars.jpg\"><img loading=\"lazy\" decoding=\"async\" class=\"wp-image-8184 aligncenter\" src=\"https:\/\/agora.xtec.cat\/iestorredelpalau\/wp-content\/uploads\/usu1331\/2023\/10\/Inici-extraescolars-1024x724.jpg\" alt=\"\" width=\"607\" height=\"429\" srcset=\"https:\/\/agora.xtec.cat\/iestorredelpalau\/wp-content\/uploads\/usu1331\/2023\/10\/Inici-extraescolars-1024x724.jpg 1024w, https:\/\/agora.xtec.cat\/iestorredelpalau\/wp-content\/uploads\/usu1331\/2023\/10\/Inici-extraescolars-300x212.jpg 300w, https:\/\/agora.xtec.cat\/iestorredelpalau\/wp-content\/uploads\/usu1331\/2023\/10\/Inici-extraescolars-768x543.jpg 768w, https:\/\/agora.xtec.cat\/iestorredelpalau\/wp-content\/uploads\/usu1331\/2023\/10\/Inici-extraescolars-1536x1086.jpg 1536w, https:\/\/agora.xtec.cat\/iestorredelpalau\/wp-content\/uploads\/usu1331\/2023\/10\/Inici-extraescolars.jpg 2000w\" sizes=\"auto, (max-width: 607px) 100vw, 607px\" \/><\/a><\/p>\n","protected":false},"excerpt":{"rendered":"<p>&#8220;Posem en marxa les activitats extraescolars del curs 2023-2024! El pr\u00f2xim dilluns 9 d&#8217;octubre a les 15:30\u202fh comencem la temporada d&#8217;entrenaments. Com b\u00e9 sabeu, aquests s\u00f3n els dilluns i dimecres de 15:30 h a 16:30 h. Encara tenim places disponibles en els equips de v\u00f2lei i futbol!\u00a0 Si est\u00e0s dubtant i encara no saps si [&hellip;]<\/p>\n","protected":false},"author":1,"featured_media":8184,"comment_status":"closed","ping_status":"closed","sticky":false,"template":"","format":"standard","meta":{"_bbp_topic_count":0,"_bbp_reply_count":0,"_bbp_total_topic_count":0,"_bbp_total_reply_count":0,"_bbp_voice_count":0,"_bbp_anonymous_reply_count":0,"_bbp_topic_count_hidden":0,"_bbp_reply_count_hidden":0,"_bbp_forum_subforum_count":0,"site-sidebar-layout":"default","site-content-layout":"","ast-site-content-layout":"","site-content-style":"default","site-sidebar-style":"default","ast-global-header-display":"","ast-banner-title-visibility":"","ast-main-header-display":"","ast-hfb-above-header-display":"","ast-hfb-below-header-display":"","ast-hfb-mobile-header-display":"","site-post-title":"","ast-breadcrumbs-content":"","ast-featured-img":"","footer-sml-layout":"","theme-transparent-header-meta":"","adv-header-id-meta":"","stick-header-meta":"","header-above-stick-meta":"","header-main-stick-meta":"","header-below-stick-meta":"","astra-migrate-meta-layouts":"default","ast-page-background-enabled":"default","ast-page-background-meta":{"desktop":{"background-color":"var(--ast-global-color-4)","background-image":"","background-repeat":"repeat","background-position":"center center","background-size":"auto","background-attachment":"scroll","background-type":"","background-media":"","overlay-type":"","overlay-color":"","overlay-opacity":"","overlay-gradient":""},"tablet":{"background-color":"","background-image":"","background-repeat":"repeat","background-position":"center center","background-size":"auto","background-attachment":"scroll","background-type":"","background-media":"","overlay-type":"","overlay-color":"","overlay-opacity":"","overlay-gradient":""},"mobile":{"background-color":"","background-image":"","background-repeat":"repeat","background-position":"center center","background-size":"auto","background-attachment":"scroll","background-type":"","background-media":"","overlay-type":"","overlay-color":"","overlay-opacity":"","overlay-gradient":""}},"ast-content-background-meta":{"desktop":{"background-color":"var(--ast-global-color-5)","background-image":"","background-repeat":"repeat","background-position":"center center","background-size":"auto","background-attachment":"scroll","background-type":"","background-media":"","overlay-type":"","overlay-color":"","overlay-opacity":"","overlay-gradient":""},"tablet":{"background-color":"var(--ast-global-color-5)","background-image":"","background-repeat":"repeat","background-position":"center center","background-size":"auto","background-attachment":"scroll","background-type":"","background-media":"","overlay-type":"","overlay-color":"","overlay-opacity":"","overlay-gradient":""},"mobile":{"background-color":"var(--ast-global-color-5)","background-image":"","background-repeat":"repeat","background-position":"center center","background-size":"auto","background-attachment":"scroll","background-type":"","background-media":"","overlay-type":"","overlay-color":"","overlay-opacity":"","overlay-gradient":""}},"footnotes":""},"categories":[149,1,107,29],"tags":[163],"class_list":["post-8183","post","type-post","status-publish","format-standard","has-post-thumbnail","hentry","category-dep-educacio-fisica","category-general","category-noticies-del-centre","category-portada","tag-departament-educacio-fisica"],"post_mailing_queue_ids":[],"_links":{"self":[{"href":"https:\/\/agora.xtec.cat\/iestorredelpalau\/wp-json\/wp\/v2\/posts\/8183","targetHints":{"allow":["GET"]}}],"collection":[{"href":"https:\/\/agora.xtec.cat\/iestorredelpalau\/wp-json\/wp\/v2\/posts"}],"about":[{"href":"https:\/\/agora.xtec.cat\/iestorredelpalau\/wp-json\/wp\/v2\/types\/post"}],"author":[{"embeddable":true,"href":"https:\/\/agora.xtec.cat\/iestorredelpalau\/wp-json\/wp\/v2\/users\/1"}],"replies":[{"embeddable":true,"href":"https:\/\/agora.xtec.cat\/iestorredelpalau\/wp-json\/wp\/v2\/comments?post=8183"}],"version-history":[{"count":1,"href":"https:\/\/agora.xtec.cat\/iestorredelpalau\/wp-json\/wp\/v2\/posts\/8183\/revisions"}],"predecessor-version":[{"id":8185,"href":"https:\/\/agora.xtec.cat\/iestorredelpalau\/wp-json\/wp\/v2\/posts\/8183\/revisions\/8185"}],"wp:featuredmedia":[{"embeddable":true,"href":"https:\/\/agora.xtec.cat\/iestorredelpalau\/wp-json\/wp\/v2\/media\/8184"}],"wp:attachment":[{"href":"https:\/\/agora.xtec.cat\/iestorredelpalau\/wp-json\/wp\/v2\/media?parent=8183"}],"wp:term":[{"taxonomy":"category","embeddable":true,"href":"https:\/\/agora.xtec.cat\/iestorredelpalau\/wp-json\/wp\/v2\/categories?post=8183"},{"taxonomy":"post_tag","embeddable":true,"href":"https:\/\/agora.xtec.cat\/iestorredelpalau\/wp-json\/wp\/v2\/tags?post=8183"}],"curies":[{"name":"wp","href":"https:\/\/api.w.org\/{rel}","templated":true}]}}