{"id":7969,"date":"2023-06-30T16:46:12","date_gmt":"2023-06-30T14:46:12","guid":{"rendered":"https:\/\/agora.xtec.cat\/iestorredelpalau\/?p=7969"},"modified":"2023-06-30T16:46:12","modified_gmt":"2023-06-30T14:46:12","slug":"crownfunding-maternitat-suissa-delna","status":"publish","type":"post","link":"https:\/\/agora.xtec.cat\/iestorredelpalau\/general\/crownfunding-maternitat-suissa-delna\/","title":{"rendered":"Crownfunding MATERNITAT SU\u00cfSSA D\u2019ELNA"},"content":{"rendered":"<p>L\u2019institut Torre del Palau visitem la Maternitat Su\u00efssa d\u2019Elna des de fa m\u00e9s de 10 anys dins el projecte de Mem\u00f2ria hist\u00f2rica que treballem a 4t d\u2019ESO. Molts alumnes hi han anat i tots han enmudit escoltant l\u2019Assumpta Montell\u00e0 quan ens ha explicat tot el que va passar a Argelers i a Elna.<br \/>\nAVUI LA MATERNITAT SU\u00cfSSA D\u2019ELNA ENS NECESSITA, PER QU\u00c8?<br \/>\nA l\u2019edifici s\u2019han detectat uns problemes estructurals a conseq\u00fc\u00e8ncia de l\u2019enderrocament d\u2019una de les 4 torres, no fa pas massa anys. \u00c9s per aix\u00f2 que s\u2019han endegat diversos projectes de Crownfunding, per a salvar la maternitat.<\/p>\n<p>QU\u00c8 \u00c9S I VA SER LA MATERNITAT?<br \/>\nL\u2019edifici de la Maternitat Su\u00efssa d\u2019Elna va acollir m\u00e9s de 600 mares de les platges d\u2019Argelers i fugitives jueves del r\u00e8gim Nazi. La su\u00efssa Elizabeth Eidenbenz va endegar un projecte d\u2019acollida de mares per a que puguessin parir en condicions dignes. La seva tasca va fer possible que 595 nens i nenes nasquessin i sobrevisquessin a l\u2019horror que els condemnava a una mort segura. Una terrassenca, la Rosa Maria Font hi va n\u00e9ixer.<\/p>\n<p>Us adjuntem el link on s\u2019explica i podeu col.laborar. Moltes gr\u00e0cies.<\/p>\n<p><a href=\"https:\/\/www.goteo.org\/project\/ajuda-a-la-maternitat-d-elna\" target=\"_blank\" rel=\"noopener\" data-saferedirecturl=\"https:\/\/www.google.com\/url?q=https:\/\/www.goteo.org\/project\/ajuda-a-la-maternitat-d-elna&amp;source=gmail&amp;ust=1688222407050000&amp;usg=AOvVaw1jbxAAqFU6oBAlPKbzt9vc\">https:\/\/www.goteo.org\/project\/<wbr \/>ajuda-a-la-maternitat-d-elna<\/a><br \/>\nCordialment<\/p>\n<p>Helena Gallart<a href=\"https:\/\/agora.xtec.cat\/iestorredelpalau\/wp-content\/uploads\/usu1331\/2023\/06\/1-9.jpg\"><img loading=\"lazy\" decoding=\"async\" class=\"aligncenter size-full wp-image-7971\" src=\"https:\/\/agora.xtec.cat\/iestorredelpalau\/wp-content\/uploads\/usu1331\/2023\/06\/1-9.jpg\" alt=\"\" width=\"785\" height=\"594\" srcset=\"https:\/\/agora.xtec.cat\/iestorredelpalau\/wp-content\/uploads\/usu1331\/2023\/06\/1-9.jpg 785w, https:\/\/agora.xtec.cat\/iestorredelpalau\/wp-content\/uploads\/usu1331\/2023\/06\/1-9-300x227.jpg 300w, https:\/\/agora.xtec.cat\/iestorredelpalau\/wp-content\/uploads\/usu1331\/2023\/06\/1-9-768x581.jpg 768w, https:\/\/agora.xtec.cat\/iestorredelpalau\/wp-content\/uploads\/usu1331\/2023\/06\/1-9-200x150.jpg 200w\" sizes=\"auto, (max-width: 785px) 100vw, 785px\" \/><\/a> <a href=\"https:\/\/agora.xtec.cat\/iestorredelpalau\/wp-content\/uploads\/usu1331\/2023\/06\/2-4.jpg\"><img loading=\"lazy\" decoding=\"async\" class=\"aligncenter size-large wp-image-7972\" src=\"https:\/\/agora.xtec.cat\/iestorredelpalau\/wp-content\/uploads\/usu1331\/2023\/06\/2-4.jpg\" alt=\"\" width=\"200\" height=\"239\" \/><\/a><\/p>\n","protected":false},"excerpt":{"rendered":"<p>L\u2019institut Torre del Palau visitem la Maternitat Su\u00efssa d\u2019Elna des de fa m\u00e9s de 10 anys dins el projecte de Mem\u00f2ria hist\u00f2rica que treballem a 4t d\u2019ESO. Molts alumnes hi han anat i tots han enmudit escoltant l\u2019Assumpta Montell\u00e0 quan ens ha explicat tot el que va passar a Argelers i a Elna. AVUI LA [&hellip;]<\/p>\n","protected":false},"author":1,"featured_media":7971,"comment_status":"closed","ping_status":"closed","sticky":false,"template":"","format":"standard","meta":{"_bbp_topic_count":0,"_bbp_reply_count":0,"_bbp_total_topic_count":0,"_bbp_total_reply_count":0,"_bbp_voice_count":0,"_bbp_anonymous_reply_count":0,"_bbp_topic_count_hidden":0,"_bbp_reply_count_hidden":0,"_bbp_forum_subforum_count":0,"site-sidebar-layout":"default","site-content-layout":"","ast-site-content-layout":"","site-content-style":"default","site-sidebar-style":"default","ast-global-header-display":"","ast-banner-title-visibility":"","ast-main-header-display":"","ast-hfb-above-header-display":"","ast-hfb-below-header-display":"","ast-hfb-mobile-header-display":"","site-post-title":"","ast-breadcrumbs-content":"","ast-featured-img":"","footer-sml-layout":"","theme-transparent-header-meta":"","adv-header-id-meta":"","stick-header-meta":"","header-above-stick-meta":"","header-main-stick-meta":"","header-below-stick-meta":"","astra-migrate-meta-layouts":"default","ast-page-background-enabled":"default","ast-page-background-meta":{"desktop":{"background-color":"var(--ast-global-color-4)","background-image":"","background-repeat":"repeat","background-position":"center center","background-size":"auto","background-attachment":"scroll","background-type":"","background-media":"","overlay-type":"","overlay-color":"","overlay-opacity":"","overlay-gradient":""},"tablet":{"background-color":"","background-image":"","background-repeat":"repeat","background-position":"center center","background-size":"auto","background-attachment":"scroll","background-type":"","background-media":"","overlay-type":"","overlay-color":"","overlay-opacity":"","overlay-gradient":""},"mobile":{"background-color":"","background-image":"","background-repeat":"repeat","background-position":"center center","background-size":"auto","background-attachment":"scroll","background-type":"","background-media":"","overlay-type":"","overlay-color":"","overlay-opacity":"","overlay-gradient":""}},"ast-content-background-meta":{"desktop":{"background-color":"var(--ast-global-color-5)","background-image":"","background-repeat":"repeat","background-position":"center center","background-size":"auto","background-attachment":"scroll","background-type":"","background-media":"","overlay-type":"","overlay-color":"","overlay-opacity":"","overlay-gradient":""},"tablet":{"background-color":"var(--ast-global-color-5)","background-image":"","background-repeat":"repeat","background-position":"center center","background-size":"auto","background-attachment":"scroll","background-type":"","background-media":"","overlay-type":"","overlay-color":"","overlay-opacity":"","overlay-gradient":""},"mobile":{"background-color":"var(--ast-global-color-5)","background-image":"","background-repeat":"repeat","background-position":"center center","background-size":"auto","background-attachment":"scroll","background-type":"","background-media":"","overlay-type":"","overlay-color":"","overlay-opacity":"","overlay-gradient":""}},"footnotes":""},"categories":[1,107,29],"tags":[93],"class_list":["post-7969","post","type-post","status-publish","format-standard","has-post-thumbnail","hentry","category-general","category-noticies-del-centre","category-portada","tag-noticies-dactualitat-del-centre"],"post_mailing_queue_ids":[],"_links":{"self":[{"href":"https:\/\/agora.xtec.cat\/iestorredelpalau\/wp-json\/wp\/v2\/posts\/7969","targetHints":{"allow":["GET"]}}],"collection":[{"href":"https:\/\/agora.xtec.cat\/iestorredelpalau\/wp-json\/wp\/v2\/posts"}],"about":[{"href":"https:\/\/agora.xtec.cat\/iestorredelpalau\/wp-json\/wp\/v2\/types\/post"}],"author":[{"embeddable":true,"href":"https:\/\/agora.xtec.cat\/iestorredelpalau\/wp-json\/wp\/v2\/users\/1"}],"replies":[{"embeddable":true,"href":"https:\/\/agora.xtec.cat\/iestorredelpalau\/wp-json\/wp\/v2\/comments?post=7969"}],"version-history":[{"count":1,"href":"https:\/\/agora.xtec.cat\/iestorredelpalau\/wp-json\/wp\/v2\/posts\/7969\/revisions"}],"predecessor-version":[{"id":7973,"href":"https:\/\/agora.xtec.cat\/iestorredelpalau\/wp-json\/wp\/v2\/posts\/7969\/revisions\/7973"}],"wp:featuredmedia":[{"embeddable":true,"href":"https:\/\/agora.xtec.cat\/iestorredelpalau\/wp-json\/wp\/v2\/media\/7971"}],"wp:attachment":[{"href":"https:\/\/agora.xtec.cat\/iestorredelpalau\/wp-json\/wp\/v2\/media?parent=7969"}],"wp:term":[{"taxonomy":"category","embeddable":true,"href":"https:\/\/agora.xtec.cat\/iestorredelpalau\/wp-json\/wp\/v2\/categories?post=7969"},{"taxonomy":"post_tag","embeddable":true,"href":"https:\/\/agora.xtec.cat\/iestorredelpalau\/wp-json\/wp\/v2\/tags?post=7969"}],"curies":[{"name":"wp","href":"https:\/\/api.w.org\/{rel}","templated":true}]}}