{"id":7890,"date":"2023-06-19T15:50:12","date_gmt":"2023-06-19T13:50:12","guid":{"rendered":"https:\/\/agora.xtec.cat\/iestorredelpalau\/?p=7890"},"modified":"2023-07-05T20:10:17","modified_gmt":"2023-07-05T18:10:17","slug":"matricula-eso-i-batxillerat-2023","status":"publish","type":"post","link":"https:\/\/agora.xtec.cat\/iestorredelpalau\/general\/matricula-eso-i-batxillerat-2023\/","title":{"rendered":"Matr\u00edcula ESO i Batxillerat 2023"},"content":{"rendered":"<p><strong>Matr\u00edcula de l&#8217;ESO<\/strong><\/p>\n<p><span style=\"font-weight: 400;\">Per\u00edode: del 20 al 28 de juny<\/span><\/p>\n<p><span style=\"font-weight: 400;\">Les fam\u00edlies admeses a la ESO rebreu al correu electr\u00f2nic l&#8217;enlla\u00e7 per fer la matr\u00edcula telem\u00e0ticament.<\/span><\/p>\n<p><span style=\"font-weight: 400;\">Tamb\u00e9 us afegim l&#8217;<\/span><a href=\"https:\/\/forms.gle\/36YRJXufYRMLugk18\"><span style=\"font-weight: 400;\">enlla\u00e7<\/span><\/a><span style=\"font-weight: 400;\"> per fer-la directament des de la p\u00e0gina web.<\/span><\/p>\n<p><span style=\"font-weight: 400;\">\u00a0<\/span><\/p>\n<p><strong>Matr\u00edcula de Batxillerat<\/strong><\/p>\n<p><span style=\"font-weight: 400;\">Per\u00edode: del 22 de juny al 3 de juliol (El 3 de juliol \u00e9s festiu local, el centre romandr\u00e0 tancat. L&#8217;\u00faltim dia h\u00e0bil per fer consultes ser\u00e0 el 30 de juny)<\/span><\/p>\n<p><span style=\"font-weight: 400;\">Les fam\u00edlies admeses al Batxillerat rebreu al correu electr\u00f2nic l&#8217;enlla\u00e7 per fer la matr\u00edcula telem\u00e0ticament.<\/span><\/p>\n<p><span style=\"font-weight: 400;\">Tamb\u00e9 us afegim l&#8217;<\/span><a href=\"https:\/\/forms.gle\/MnpCzDVFWPgoip9TA\"><span style=\"font-weight: 400;\">enlla\u00e7<\/span><\/a><span style=\"font-weight: 400;\"> per fer-la directament des de la p\u00e0gina web.<\/span><\/p>\n","protected":false},"excerpt":{"rendered":"<p>Matr\u00edcula de l&#8217;ESO Per\u00edode: del 20 al 28 de juny Les fam\u00edlies admeses a la ESO rebreu al correu electr\u00f2nic l&#8217;enlla\u00e7 per fer la matr\u00edcula telem\u00e0ticament. Tamb\u00e9 us afegim l&#8217;enlla\u00e7 per fer-la directament des de la p\u00e0gina web. \u00a0 Matr\u00edcula de Batxillerat Per\u00edode: del 22 de juny al 3 de juliol (El 3 de juliol [&hellip;]<\/p>\n","protected":false},"author":1,"featured_media":7892,"comment_status":"closed","ping_status":"closed","sticky":false,"template":"","format":"standard","meta":{"_bbp_topic_count":0,"_bbp_reply_count":0,"_bbp_total_topic_count":0,"_bbp_total_reply_count":0,"_bbp_voice_count":0,"_bbp_anonymous_reply_count":0,"_bbp_topic_count_hidden":0,"_bbp_reply_count_hidden":0,"_bbp_forum_subforum_count":0,"site-sidebar-layout":"default","site-content-layout":"","ast-site-content-layout":"","site-content-style":"default","site-sidebar-style":"default","ast-global-header-display":"","ast-banner-title-visibility":"","ast-main-header-display":"","ast-hfb-above-header-display":"","ast-hfb-below-header-display":"","ast-hfb-mobile-header-display":"","site-post-title":"","ast-breadcrumbs-content":"","ast-featured-img":"","footer-sml-layout":"","theme-transparent-header-meta":"","adv-header-id-meta":"","stick-header-meta":"","header-above-stick-meta":"","header-main-stick-meta":"","header-below-stick-meta":"","astra-migrate-meta-layouts":"default","ast-page-background-enabled":"default","ast-page-background-meta":{"desktop":{"background-color":"var(--ast-global-color-4)","background-image":"","background-repeat":"repeat","background-position":"center center","background-size":"auto","background-attachment":"scroll","background-type":"","background-media":"","overlay-type":"","overlay-color":"","overlay-opacity":"","overlay-gradient":""},"tablet":{"background-color":"","background-image":"","background-repeat":"repeat","background-position":"center center","background-size":"auto","background-attachment":"scroll","background-type":"","background-media":"","overlay-type":"","overlay-color":"","overlay-opacity":"","overlay-gradient":""},"mobile":{"background-color":"","background-image":"","background-repeat":"repeat","background-position":"center center","background-size":"auto","background-attachment":"scroll","background-type":"","background-media":"","overlay-type":"","overlay-color":"","overlay-opacity":"","overlay-gradient":""}},"ast-content-background-meta":{"desktop":{"background-color":"var(--ast-global-color-5)","background-image":"","background-repeat":"repeat","background-position":"center center","background-size":"auto","background-attachment":"scroll","background-type":"","background-media":"","overlay-type":"","overlay-color":"","overlay-opacity":"","overlay-gradient":""},"tablet":{"background-color":"var(--ast-global-color-5)","background-image":"","background-repeat":"repeat","background-position":"center center","background-size":"auto","background-attachment":"scroll","background-type":"","background-media":"","overlay-type":"","overlay-color":"","overlay-opacity":"","overlay-gradient":""},"mobile":{"background-color":"var(--ast-global-color-5)","background-image":"","background-repeat":"repeat","background-position":"center center","background-size":"auto","background-attachment":"scroll","background-type":"","background-media":"","overlay-type":"","overlay-color":"","overlay-opacity":"","overlay-gradient":""}},"footnotes":""},"categories":[1,107,29],"tags":[],"class_list":["post-7890","post","type-post","status-publish","format-standard","has-post-thumbnail","hentry","category-general","category-noticies-del-centre","category-portada"],"post_mailing_queue_ids":[],"_links":{"self":[{"href":"https:\/\/agora.xtec.cat\/iestorredelpalau\/wp-json\/wp\/v2\/posts\/7890","targetHints":{"allow":["GET"]}}],"collection":[{"href":"https:\/\/agora.xtec.cat\/iestorredelpalau\/wp-json\/wp\/v2\/posts"}],"about":[{"href":"https:\/\/agora.xtec.cat\/iestorredelpalau\/wp-json\/wp\/v2\/types\/post"}],"author":[{"embeddable":true,"href":"https:\/\/agora.xtec.cat\/iestorredelpalau\/wp-json\/wp\/v2\/users\/1"}],"replies":[{"embeddable":true,"href":"https:\/\/agora.xtec.cat\/iestorredelpalau\/wp-json\/wp\/v2\/comments?post=7890"}],"version-history":[{"count":3,"href":"https:\/\/agora.xtec.cat\/iestorredelpalau\/wp-json\/wp\/v2\/posts\/7890\/revisions"}],"predecessor-version":[{"id":7901,"href":"https:\/\/agora.xtec.cat\/iestorredelpalau\/wp-json\/wp\/v2\/posts\/7890\/revisions\/7901"}],"wp:featuredmedia":[{"embeddable":true,"href":"https:\/\/agora.xtec.cat\/iestorredelpalau\/wp-json\/wp\/v2\/media\/7892"}],"wp:attachment":[{"href":"https:\/\/agora.xtec.cat\/iestorredelpalau\/wp-json\/wp\/v2\/media?parent=7890"}],"wp:term":[{"taxonomy":"category","embeddable":true,"href":"https:\/\/agora.xtec.cat\/iestorredelpalau\/wp-json\/wp\/v2\/categories?post=7890"},{"taxonomy":"post_tag","embeddable":true,"href":"https:\/\/agora.xtec.cat\/iestorredelpalau\/wp-json\/wp\/v2\/tags?post=7890"}],"curies":[{"name":"wp","href":"https:\/\/api.w.org\/{rel}","templated":true}]}}