{"id":7882,"date":"2023-06-19T12:07:59","date_gmt":"2023-06-19T10:07:59","guid":{"rendered":"https:\/\/agora.xtec.cat\/iestorredelpalau\/?p=7882"},"modified":"2023-06-19T12:19:38","modified_gmt":"2023-06-19T10:19:38","slug":"viatge-fi-de-curs-2n-de-batx-2023-24","status":"publish","type":"post","link":"https:\/\/agora.xtec.cat\/iestorredelpalau\/general\/viatge-fi-de-curs-2n-de-batx-2023-24\/","title":{"rendered":"Viatge fi de curs 2n de batx 2023-24"},"content":{"rendered":"<p style=\"font-weight: 400;\"><a href=\"https:\/\/agora.xtec.cat\/iestorredelpalau\/wp-content\/uploads\/usu1331\/2023\/06\/1-3.png\"><img loading=\"lazy\" decoding=\"async\" class=\"aligncenter size-full wp-image-7883\" src=\"https:\/\/agora.xtec.cat\/iestorredelpalau\/wp-content\/uploads\/usu1331\/2023\/06\/1-3.png\" alt=\"\" width=\"548\" height=\"407\" srcset=\"https:\/\/agora.xtec.cat\/iestorredelpalau\/wp-content\/uploads\/usu1331\/2023\/06\/1-3.png 548w, https:\/\/agora.xtec.cat\/iestorredelpalau\/wp-content\/uploads\/usu1331\/2023\/06\/1-3-300x223.png 300w, https:\/\/agora.xtec.cat\/iestorredelpalau\/wp-content\/uploads\/usu1331\/2023\/06\/1-3-200x150.png 200w\" sizes=\"auto, (max-width: 548px) 100vw, 548px\" \/><\/a>Benvolgudes fam\u00edlies de 1r de BATX,<\/p>\n<p style=\"font-weight: 400;\">De ben segur que els vostres fills i filles us han explicat que de cara al curs vinent 2023-24 tenim previst anar a Berlin per gaudir d&#8217;un viatge de final de curs i d\u2019etapa.<\/p>\n<p style=\"font-weight: 400;\">\u00c9s per aix\u00f2 que us convoquem a la reuni\u00f3 que farem via meet el proper dilluns 26 de juny a les\u00a0 18.00h.<\/p>\n<p style=\"font-weight: 400;\">En aquesta reuni\u00f3 us explicarem\u00a0 el viatge i resoldrem tots els dubtes que puguin sorgir.<\/p>\n<p style=\"font-weight: 400;\">La vostra assist\u00e8ncia \u00e9s molt important! Perqu\u00e8 per poder fer la reserva caldr\u00e0 fer un primer pagament de manera imminent durant els dies posteriors a\u00a0 la mateixa setmana de la reuni\u00f3.<\/p>\n<p style=\"font-weight: 400;\">Aqu\u00ed us deixem l&#8217;enlla\u00e7 de la reuni\u00f3 (cliqueu a sobre):<\/p>\n<p style=\"font-weight: 400;\"><a href=\"https:\/\/meet.google.com\/aqz-vhjq-ekt\" data-saferedirecturl=\"https:\/\/www.google.com\/url?q=https:\/\/meet.google.com\/aqz-vhjq-ekt&amp;source=gmail&amp;ust=1687255214590000&amp;usg=AOvVaw0poD9mCVnQpbadX0CZ4_C1\">https:\/\/meet.google.com\/aqz-vhjq-ekt<br \/>\n<\/a><\/p>\n<p style=\"font-weight: 400;\">Coordinaci\u00f3<\/p>\n<p style=\"font-weight: 400;\">INS Torre del Palau<\/p>\n<p>&nbsp;<\/p>\n","protected":false},"excerpt":{"rendered":"<p>Benvolgudes fam\u00edlies de 1r de BATX, De ben segur que els vostres fills i filles us han explicat que de cara al curs vinent 2023-24 tenim previst anar a Berlin per gaudir d&#8217;un viatge de final de curs i d\u2019etapa. \u00c9s per aix\u00f2 que us convoquem a la reuni\u00f3 que farem via meet el proper [&hellip;]<\/p>\n","protected":false},"author":1,"featured_media":7883,"comment_status":"closed","ping_status":"closed","sticky":false,"template":"","format":"standard","meta":{"_bbp_topic_count":0,"_bbp_reply_count":0,"_bbp_total_topic_count":0,"_bbp_total_reply_count":0,"_bbp_voice_count":0,"_bbp_anonymous_reply_count":0,"_bbp_topic_count_hidden":0,"_bbp_reply_count_hidden":0,"_bbp_forum_subforum_count":0,"site-sidebar-layout":"default","site-content-layout":"","ast-site-content-layout":"","site-content-style":"default","site-sidebar-style":"default","ast-global-header-display":"","ast-banner-title-visibility":"","ast-main-header-display":"","ast-hfb-above-header-display":"","ast-hfb-below-header-display":"","ast-hfb-mobile-header-display":"","site-post-title":"","ast-breadcrumbs-content":"","ast-featured-img":"","footer-sml-layout":"","theme-transparent-header-meta":"","adv-header-id-meta":"","stick-header-meta":"","header-above-stick-meta":"","header-main-stick-meta":"","header-below-stick-meta":"","astra-migrate-meta-layouts":"default","ast-page-background-enabled":"default","ast-page-background-meta":{"desktop":{"background-color":"var(--ast-global-color-4)","background-image":"","background-repeat":"repeat","background-position":"center center","background-size":"auto","background-attachment":"scroll","background-type":"","background-media":"","overlay-type":"","overlay-color":"","overlay-opacity":"","overlay-gradient":""},"tablet":{"background-color":"","background-image":"","background-repeat":"repeat","background-position":"center center","background-size":"auto","background-attachment":"scroll","background-type":"","background-media":"","overlay-type":"","overlay-color":"","overlay-opacity":"","overlay-gradient":""},"mobile":{"background-color":"","background-image":"","background-repeat":"repeat","background-position":"center center","background-size":"auto","background-attachment":"scroll","background-type":"","background-media":"","overlay-type":"","overlay-color":"","overlay-opacity":"","overlay-gradient":""}},"ast-content-background-meta":{"desktop":{"background-color":"var(--ast-global-color-5)","background-image":"","background-repeat":"repeat","background-position":"center center","background-size":"auto","background-attachment":"scroll","background-type":"","background-media":"","overlay-type":"","overlay-color":"","overlay-opacity":"","overlay-gradient":""},"tablet":{"background-color":"var(--ast-global-color-5)","background-image":"","background-repeat":"repeat","background-position":"center center","background-size":"auto","background-attachment":"scroll","background-type":"","background-media":"","overlay-type":"","overlay-color":"","overlay-opacity":"","overlay-gradient":""},"mobile":{"background-color":"var(--ast-global-color-5)","background-image":"","background-repeat":"repeat","background-position":"center center","background-size":"auto","background-attachment":"scroll","background-type":"","background-media":"","overlay-type":"","overlay-color":"","overlay-opacity":"","overlay-gradient":""}},"footnotes":""},"categories":[1,107,29],"tags":[93],"class_list":["post-7882","post","type-post","status-publish","format-standard","has-post-thumbnail","hentry","category-general","category-noticies-del-centre","category-portada","tag-noticies-dactualitat-del-centre"],"post_mailing_queue_ids":[],"_links":{"self":[{"href":"https:\/\/agora.xtec.cat\/iestorredelpalau\/wp-json\/wp\/v2\/posts\/7882","targetHints":{"allow":["GET"]}}],"collection":[{"href":"https:\/\/agora.xtec.cat\/iestorredelpalau\/wp-json\/wp\/v2\/posts"}],"about":[{"href":"https:\/\/agora.xtec.cat\/iestorredelpalau\/wp-json\/wp\/v2\/types\/post"}],"author":[{"embeddable":true,"href":"https:\/\/agora.xtec.cat\/iestorredelpalau\/wp-json\/wp\/v2\/users\/1"}],"replies":[{"embeddable":true,"href":"https:\/\/agora.xtec.cat\/iestorredelpalau\/wp-json\/wp\/v2\/comments?post=7882"}],"version-history":[{"count":2,"href":"https:\/\/agora.xtec.cat\/iestorredelpalau\/wp-json\/wp\/v2\/posts\/7882\/revisions"}],"predecessor-version":[{"id":7889,"href":"https:\/\/agora.xtec.cat\/iestorredelpalau\/wp-json\/wp\/v2\/posts\/7882\/revisions\/7889"}],"wp:featuredmedia":[{"embeddable":true,"href":"https:\/\/agora.xtec.cat\/iestorredelpalau\/wp-json\/wp\/v2\/media\/7883"}],"wp:attachment":[{"href":"https:\/\/agora.xtec.cat\/iestorredelpalau\/wp-json\/wp\/v2\/media?parent=7882"}],"wp:term":[{"taxonomy":"category","embeddable":true,"href":"https:\/\/agora.xtec.cat\/iestorredelpalau\/wp-json\/wp\/v2\/categories?post=7882"},{"taxonomy":"post_tag","embeddable":true,"href":"https:\/\/agora.xtec.cat\/iestorredelpalau\/wp-json\/wp\/v2\/tags?post=7882"}],"curies":[{"name":"wp","href":"https:\/\/api.w.org\/{rel}","templated":true}]}}