{"id":7792,"date":"2023-06-08T07:03:43","date_gmt":"2023-06-08T05:03:43","guid":{"rendered":"https:\/\/agora.xtec.cat\/iestorredelpalau\/?p=7792"},"modified":"2023-06-08T07:03:43","modified_gmt":"2023-06-08T05:03:43","slug":"comencem-la-selectivitat-2023","status":"publish","type":"post","link":"https:\/\/agora.xtec.cat\/iestorredelpalau\/general\/comencem-la-selectivitat-2023\/","title":{"rendered":"Comencem la Selectivitat &#8211; 2023"},"content":{"rendered":"<p>Els nostres estimats alumnes de 2n de Batxillerat han iniciat les proves de selectivitat. Aqu\u00ed teniu una imatge de l&#8217;alumnat preparat per la proba d&#8217;an\u00e0lisi musical. En aquests tres dies intensos, desitgem a tots els estudiants molta sort i \u00e8xit.<\/p>\n<p>Sabem que han treballat durant tot el curs per preparar-se per a aquest moment crucial. Han dedicat hores interminables d&#8217;estudi i esfor\u00e7 per assolir tots els coneixements i habilitats necess\u00e0ries. Ara \u00e9s el moment de posar a prova tots els seus coneixements i demostrar les seves capacitats.<\/p>\n<p>Volem que els nostres alumnes de 2n de Batxillerat s\u00e0piguen que estem aqu\u00ed per donar-los suport en aquesta etapa important de les seves vides. Els animem a donar el millor de si mateixos i a confiar en les seves habilitats i preparaci\u00f3. Sabem que s\u00f3n capa\u00e7os de superar aquest repte amb \u00e8xit.<\/p>\n<p>Els resultats de les proves de selectivitat reflectiran tot el treball durant el curs. Confiant en el seu esfor\u00e7, estem segurs que obtindran els resultats que desitgen i que obren les portes a les seves aspiracions acad\u00e8miques i professionals.<\/p>\n<p>A m\u00e9s de felicitar-los per la seva dedicaci\u00f3 fins ara, tamb\u00e9 volem desitjar-los molta sort en la nova etapa que estan a punt de comen\u00e7ar i que els oferir\u00e0 noves oportunitats i experi\u00e8ncies enriquidores. Estem segurs que aprofitaran al m\u00e0xim aquesta etapa i que continuaran brillant amb el seu esfor\u00e7 i passi\u00f3 per l&#8217;aprenentatge.<\/p>\n<p>Estem amb vosaltres, alumnes de 2n de Batxillerat, en aquests moments importants. Sigui quin sigui el resultat de les proves, recordeu que teniu tot el suport i l&#8217;admiraci\u00f3 de la comunitat de Torre del Palau. Us desitgem tota la sort del m\u00f3n i estem segurs que aconseguireu grans \u00e8xits en el futur.<\/p>\n<p>Moltes gr\u00e0cies per ser part de la nostra comunitat educativa i per inspirar-nos amb el vostre esfor\u00e7 i dedicaci\u00f3.<\/p>\n<p>Equip de Torre del Palau<\/p>\n<p><a href=\"https:\/\/agora.xtec.cat\/iestorredelpalau\/wp-content\/uploads\/usu1331\/2023\/06\/1-3.jpg\"><img loading=\"lazy\" decoding=\"async\" class=\"aligncenter size-full wp-image-7794\" src=\"https:\/\/agora.xtec.cat\/iestorredelpalau\/wp-content\/uploads\/usu1331\/2023\/06\/1-3.jpg\" alt=\"\" width=\"1002\" height=\"426\" srcset=\"https:\/\/agora.xtec.cat\/iestorredelpalau\/wp-content\/uploads\/usu1331\/2023\/06\/1-3.jpg 1002w, https:\/\/agora.xtec.cat\/iestorredelpalau\/wp-content\/uploads\/usu1331\/2023\/06\/1-3-300x128.jpg 300w, https:\/\/agora.xtec.cat\/iestorredelpalau\/wp-content\/uploads\/usu1331\/2023\/06\/1-3-768x327.jpg 768w\" sizes=\"auto, (max-width: 1002px) 100vw, 1002px\" \/><\/a><\/p>\n","protected":false},"excerpt":{"rendered":"<p>Els nostres estimats alumnes de 2n de Batxillerat han iniciat les proves de selectivitat. Aqu\u00ed teniu una imatge de l&#8217;alumnat preparat per la proba d&#8217;an\u00e0lisi musical. En aquests tres dies intensos, desitgem a tots els estudiants molta sort i \u00e8xit. Sabem que han treballat durant tot el curs per preparar-se per a aquest moment crucial. [&hellip;]<\/p>\n","protected":false},"author":1,"featured_media":7794,"comment_status":"open","ping_status":"closed","sticky":false,"template":"","format":"standard","meta":{"_bbp_topic_count":0,"_bbp_reply_count":0,"_bbp_total_topic_count":0,"_bbp_total_reply_count":0,"_bbp_voice_count":0,"_bbp_anonymous_reply_count":0,"_bbp_topic_count_hidden":0,"_bbp_reply_count_hidden":0,"_bbp_forum_subforum_count":0,"site-sidebar-layout":"default","site-content-layout":"","ast-site-content-layout":"","site-content-style":"default","site-sidebar-style":"default","ast-global-header-display":"","ast-banner-title-visibility":"","ast-main-header-display":"","ast-hfb-above-header-display":"","ast-hfb-below-header-display":"","ast-hfb-mobile-header-display":"","site-post-title":"","ast-breadcrumbs-content":"","ast-featured-img":"","footer-sml-layout":"","theme-transparent-header-meta":"","adv-header-id-meta":"","stick-header-meta":"","header-above-stick-meta":"","header-main-stick-meta":"","header-below-stick-meta":"","astra-migrate-meta-layouts":"default","ast-page-background-enabled":"default","ast-page-background-meta":{"desktop":{"background-color":"var(--ast-global-color-4)","background-image":"","background-repeat":"repeat","background-position":"center center","background-size":"auto","background-attachment":"scroll","background-type":"","background-media":"","overlay-type":"","overlay-color":"","overlay-opacity":"","overlay-gradient":""},"tablet":{"background-color":"","background-image":"","background-repeat":"repeat","background-position":"center center","background-size":"auto","background-attachment":"scroll","background-type":"","background-media":"","overlay-type":"","overlay-color":"","overlay-opacity":"","overlay-gradient":""},"mobile":{"background-color":"","background-image":"","background-repeat":"repeat","background-position":"center center","background-size":"auto","background-attachment":"scroll","background-type":"","background-media":"","overlay-type":"","overlay-color":"","overlay-opacity":"","overlay-gradient":""}},"ast-content-background-meta":{"desktop":{"background-color":"var(--ast-global-color-5)","background-image":"","background-repeat":"repeat","background-position":"center center","background-size":"auto","background-attachment":"scroll","background-type":"","background-media":"","overlay-type":"","overlay-color":"","overlay-opacity":"","overlay-gradient":""},"tablet":{"background-color":"var(--ast-global-color-5)","background-image":"","background-repeat":"repeat","background-position":"center center","background-size":"auto","background-attachment":"scroll","background-type":"","background-media":"","overlay-type":"","overlay-color":"","overlay-opacity":"","overlay-gradient":""},"mobile":{"background-color":"var(--ast-global-color-5)","background-image":"","background-repeat":"repeat","background-position":"center center","background-size":"auto","background-attachment":"scroll","background-type":"","background-media":"","overlay-type":"","overlay-color":"","overlay-opacity":"","overlay-gradient":""}},"footnotes":""},"categories":[8,1,107,29],"tags":[93],"class_list":["post-7792","post","type-post","status-publish","format-standard","has-post-thumbnail","hentry","category-batxillerat","category-general","category-noticies-del-centre","category-portada","tag-noticies-dactualitat-del-centre"],"post_mailing_queue_ids":[],"_links":{"self":[{"href":"https:\/\/agora.xtec.cat\/iestorredelpalau\/wp-json\/wp\/v2\/posts\/7792","targetHints":{"allow":["GET"]}}],"collection":[{"href":"https:\/\/agora.xtec.cat\/iestorredelpalau\/wp-json\/wp\/v2\/posts"}],"about":[{"href":"https:\/\/agora.xtec.cat\/iestorredelpalau\/wp-json\/wp\/v2\/types\/post"}],"author":[{"embeddable":true,"href":"https:\/\/agora.xtec.cat\/iestorredelpalau\/wp-json\/wp\/v2\/users\/1"}],"replies":[{"embeddable":true,"href":"https:\/\/agora.xtec.cat\/iestorredelpalau\/wp-json\/wp\/v2\/comments?post=7792"}],"version-history":[{"count":1,"href":"https:\/\/agora.xtec.cat\/iestorredelpalau\/wp-json\/wp\/v2\/posts\/7792\/revisions"}],"predecessor-version":[{"id":7795,"href":"https:\/\/agora.xtec.cat\/iestorredelpalau\/wp-json\/wp\/v2\/posts\/7792\/revisions\/7795"}],"wp:featuredmedia":[{"embeddable":true,"href":"https:\/\/agora.xtec.cat\/iestorredelpalau\/wp-json\/wp\/v2\/media\/7794"}],"wp:attachment":[{"href":"https:\/\/agora.xtec.cat\/iestorredelpalau\/wp-json\/wp\/v2\/media?parent=7792"}],"wp:term":[{"taxonomy":"category","embeddable":true,"href":"https:\/\/agora.xtec.cat\/iestorredelpalau\/wp-json\/wp\/v2\/categories?post=7792"},{"taxonomy":"post_tag","embeddable":true,"href":"https:\/\/agora.xtec.cat\/iestorredelpalau\/wp-json\/wp\/v2\/tags?post=7792"}],"curies":[{"name":"wp","href":"https:\/\/api.w.org\/{rel}","templated":true}]}}