{"id":7781,"date":"2023-06-07T17:02:18","date_gmt":"2023-06-07T15:02:18","guid":{"rendered":"https:\/\/agora.xtec.cat\/iestorredelpalau\/?p=7781"},"modified":"2023-06-09T10:29:52","modified_gmt":"2023-06-09T08:29:52","slug":"els-dos-ultims-podcasts-del-projecte-sentim","status":"publish","type":"post","link":"https:\/\/agora.xtec.cat\/iestorredelpalau\/general\/els-dos-ultims-podcasts-del-projecte-sentim\/","title":{"rendered":"Els dos \u00faltims podcasts del projecte SENTIM"},"content":{"rendered":"<p>Amb gran alegria, volem anunciar que els alumnes del projecte SENTIM han finalitzat els seus podcasts clim\u00e0tics! Amb aix\u00f2, donem per conclosos els projectes SENTIM d&#8217;aquest primer curs amb un gran \u00e8xit i satisfacci\u00f3.<\/p>\n<p>Estem encantats amb els resultats aconseguits pels alumnes de primer de l&#8217;ESO, que han demostrat un esfor\u00e7 i dedicaci\u00f3 exemplars en aquesta iniciativa. Han abordat temes rellevants sobre el canvi clim\u00e0tic i han creat contingut de qualitat, informatiu i inspirador.<\/p>\n<p>Des de Torre del Palau i l&#8217;equip SENTIM, volem felicitar a tots els alumnes per la seva excel\u00b7lent feina i per la seva passi\u00f3 per aprendre sobre aquesta q\u00fcesti\u00f3 tan important. La seva participaci\u00f3 en el projecte \u00e9s un exemple de com la col\u00b7laboraci\u00f3 i l&#8217;esfor\u00e7 poden conduir a resultats sorprenents.<\/p>\n<p>Agra\u00efm a tots els professors i mentors que han guiat i inspirat els alumnes al llarg d&#8217;aquesta experi\u00e8ncia enriquidora. Tamb\u00e9 volem expressar el nostre agra\u00efment als experts que ens han vingut a donar un cop de m\u00e0 per donar suport als seus fills en aquesta aventura educativa.<\/p>\n<p>Estem orgullosos de l&#8217;\u00e8xit dels alumnes i de l&#8217;impacte positiu que han tingut en la consci\u00e8ncia ambiental de la nostra comunitat. Esperem que aquesta experi\u00e8ncia els hagi perm\u00e8s entendre millor la import\u00e0ncia de la sostenibilitat i els animi a continuar treballant per preservar el nostre planeta.<\/p>\n<p>Estem emocionats per veure qu\u00e8 deparar\u00e0 el futur i desitgem a tots un molt bon estiu pl\u00e8 de consci\u00e8ncia clim\u00e0tica.<\/p>\n<p>Moltes gr\u00e0cies per ser part del nostre projecte SETNIM i per contribuir al canvi positiu envers el medi ambient!<\/p>\n<p>Climatic REV:<a href=\"https:\/\/on.soundcloud.com\/qWCZr\">https:\/\/on.soundcloud.com\/qWCZr<\/a><\/p>\n<p>Climatic Fever: <a href=\"https:\/\/on.soundcloud.com\/Tt7xs\">https:\/\/on.soundcloud.com\/Tt7xs<\/a><\/p>\n<p>Autors\/es: Equip SENTIM<\/p>\n<p><span style=\"color: #0000ff;\">Aquest projecte est\u00e0 enmarcat en le projecte de centre ERASMUS+CETE+<\/span><a href=\"https:\/\/agora.xtec.cat\/iestorredelpalau\/wp-content\/uploads\/usu1331\/2023\/06\/1-2.jpg\"><img loading=\"lazy\" decoding=\"async\" class=\"aligncenter size-full wp-image-7784\" src=\"https:\/\/agora.xtec.cat\/iestorredelpalau\/wp-content\/uploads\/usu1331\/2023\/06\/1-2.jpg\" alt=\"\" width=\"451\" height=\"210\" srcset=\"https:\/\/agora.xtec.cat\/iestorredelpalau\/wp-content\/uploads\/usu1331\/2023\/06\/1-2.jpg 451w, https:\/\/agora.xtec.cat\/iestorredelpalau\/wp-content\/uploads\/usu1331\/2023\/06\/1-2-300x140.jpg 300w\" sizes=\"auto, (max-width: 451px) 100vw, 451px\" \/><\/a><\/p>\n","protected":false},"excerpt":{"rendered":"<p>Amb gran alegria, volem anunciar que els alumnes del projecte SENTIM han finalitzat els seus podcasts clim\u00e0tics! Amb aix\u00f2, donem per conclosos els projectes SENTIM d&#8217;aquest primer curs amb un gran \u00e8xit i satisfacci\u00f3. Estem encantats amb els resultats aconseguits pels alumnes de primer de l&#8217;ESO, que han demostrat un esfor\u00e7 i dedicaci\u00f3 exemplars en [&hellip;]<\/p>\n","protected":false},"author":1,"featured_media":7784,"comment_status":"closed","ping_status":"closed","sticky":false,"template":"","format":"standard","meta":{"_bbp_topic_count":0,"_bbp_reply_count":0,"_bbp_total_topic_count":0,"_bbp_total_reply_count":0,"_bbp_voice_count":0,"_bbp_anonymous_reply_count":0,"_bbp_topic_count_hidden":0,"_bbp_reply_count_hidden":0,"_bbp_forum_subforum_count":0,"site-sidebar-layout":"default","site-content-layout":"","ast-site-content-layout":"","site-content-style":"default","site-sidebar-style":"default","ast-global-header-display":"","ast-banner-title-visibility":"","ast-main-header-display":"","ast-hfb-above-header-display":"","ast-hfb-below-header-display":"","ast-hfb-mobile-header-display":"","site-post-title":"","ast-breadcrumbs-content":"","ast-featured-img":"","footer-sml-layout":"","theme-transparent-header-meta":"","adv-header-id-meta":"","stick-header-meta":"","header-above-stick-meta":"","header-main-stick-meta":"","header-below-stick-meta":"","astra-migrate-meta-layouts":"default","ast-page-background-enabled":"default","ast-page-background-meta":{"desktop":{"background-color":"var(--ast-global-color-4)","background-image":"","background-repeat":"repeat","background-position":"center center","background-size":"auto","background-attachment":"scroll","background-type":"","background-media":"","overlay-type":"","overlay-color":"","overlay-opacity":"","overlay-gradient":""},"tablet":{"background-color":"","background-image":"","background-repeat":"repeat","background-position":"center center","background-size":"auto","background-attachment":"scroll","background-type":"","background-media":"","overlay-type":"","overlay-color":"","overlay-opacity":"","overlay-gradient":""},"mobile":{"background-color":"","background-image":"","background-repeat":"repeat","background-position":"center center","background-size":"auto","background-attachment":"scroll","background-type":"","background-media":"","overlay-type":"","overlay-color":"","overlay-opacity":"","overlay-gradient":""}},"ast-content-background-meta":{"desktop":{"background-color":"var(--ast-global-color-5)","background-image":"","background-repeat":"repeat","background-position":"center center","background-size":"auto","background-attachment":"scroll","background-type":"","background-media":"","overlay-type":"","overlay-color":"","overlay-opacity":"","overlay-gradient":""},"tablet":{"background-color":"var(--ast-global-color-5)","background-image":"","background-repeat":"repeat","background-position":"center center","background-size":"auto","background-attachment":"scroll","background-type":"","background-media":"","overlay-type":"","overlay-color":"","overlay-opacity":"","overlay-gradient":""},"mobile":{"background-color":"var(--ast-global-color-5)","background-image":"","background-repeat":"repeat","background-position":"center center","background-size":"auto","background-attachment":"scroll","background-type":"","background-media":"","overlay-type":"","overlay-color":"","overlay-opacity":"","overlay-gradient":""}},"footnotes":""},"categories":[1,107,29],"tags":[],"class_list":["post-7781","post","type-post","status-publish","format-standard","has-post-thumbnail","hentry","category-general","category-noticies-del-centre","category-portada"],"post_mailing_queue_ids":[],"_links":{"self":[{"href":"https:\/\/agora.xtec.cat\/iestorredelpalau\/wp-json\/wp\/v2\/posts\/7781","targetHints":{"allow":["GET"]}}],"collection":[{"href":"https:\/\/agora.xtec.cat\/iestorredelpalau\/wp-json\/wp\/v2\/posts"}],"about":[{"href":"https:\/\/agora.xtec.cat\/iestorredelpalau\/wp-json\/wp\/v2\/types\/post"}],"author":[{"embeddable":true,"href":"https:\/\/agora.xtec.cat\/iestorredelpalau\/wp-json\/wp\/v2\/users\/1"}],"replies":[{"embeddable":true,"href":"https:\/\/agora.xtec.cat\/iestorredelpalau\/wp-json\/wp\/v2\/comments?post=7781"}],"version-history":[{"count":4,"href":"https:\/\/agora.xtec.cat\/iestorredelpalau\/wp-json\/wp\/v2\/posts\/7781\/revisions"}],"predecessor-version":[{"id":7805,"href":"https:\/\/agora.xtec.cat\/iestorredelpalau\/wp-json\/wp\/v2\/posts\/7781\/revisions\/7805"}],"wp:featuredmedia":[{"embeddable":true,"href":"https:\/\/agora.xtec.cat\/iestorredelpalau\/wp-json\/wp\/v2\/media\/7784"}],"wp:attachment":[{"href":"https:\/\/agora.xtec.cat\/iestorredelpalau\/wp-json\/wp\/v2\/media?parent=7781"}],"wp:term":[{"taxonomy":"category","embeddable":true,"href":"https:\/\/agora.xtec.cat\/iestorredelpalau\/wp-json\/wp\/v2\/categories?post=7781"},{"taxonomy":"post_tag","embeddable":true,"href":"https:\/\/agora.xtec.cat\/iestorredelpalau\/wp-json\/wp\/v2\/tags?post=7781"}],"curies":[{"name":"wp","href":"https:\/\/api.w.org\/{rel}","templated":true}]}}