{"id":7775,"date":"2023-06-05T07:14:48","date_gmt":"2023-06-05T05:14:48","guid":{"rendered":"https:\/\/agora.xtec.cat\/iestorredelpalau\/?p=7775"},"modified":"2023-06-05T08:43:43","modified_gmt":"2023-06-05T06:43:43","slug":"ultim-concert-de-la-coral-2","status":"publish","type":"post","link":"https:\/\/agora.xtec.cat\/iestorredelpalau\/general\/ultim-concert-de-la-coral-2\/","title":{"rendered":"\u00daltim concert de la Coral"},"content":{"rendered":"<p>Agra\u00efments especials a tots els assistents al emocionant concert de comiat de la Coral de l&#8217;INS Torre del Palau! Volem expressar el nostre m\u00e9s sincer agra\u00efment a cadascun de vosaltres per la vostra pres\u00e8ncia i suport en aquesta vetllada tan especial.<\/p>\n<p>La nit del dia 8 va ser m\u00e0gica, plena de m\u00fasica i emocions. Va ser un moment per celebrar i acomiadar els talentosos cantaires de darrer curs que estan comen\u00e7ant una nova etapa. La vostra pres\u00e8ncia i aplaudiments van crear una atmosfera \u00fanica i inoblidable.<\/p>\n<p>Volem aprofitar aquesta oportunitat per agrair a tots els membres de la Coral per la seva dedicaci\u00f3 i talent excepcionals. Els seus esfor\u00e7os i la seva passi\u00f3 per la m\u00fasica ens han brindat moments meravellosos al llarg d&#8217;aquest curs.<\/p>\n<p>Si vau assistir al concert i voleu reviure aquests moments especials, us convidem a visitar el seg\u00fcent <a href=\"https:\/\/drive.google.com\/drive\/folders\/1uccny8QDC3DhQx1uKil1EdfPR8cQwu6l?usp=share_link\">enlla\u00e7<\/a>. All\u00e0 trobareu una col\u00b7lecci\u00f3 d&#8217;imatges que captura l&#8217;esperit i l&#8217;emoci\u00f3 d&#8217;aquella nit.<\/p>\n<p>Gr\u00e0cies de nou per la vostra pres\u00e8ncia i suport continu. La vostra participaci\u00f3 en aquest concert ha estat un regal per a tota la comunitat del nostre institut.<\/p>\n<p>Salutacions cordials, INS Torre del Palau<\/p>\n<p>&nbsp;<\/p>\n","protected":false},"excerpt":{"rendered":"<p>Agra\u00efments especials a tots els assistents al emocionant concert de comiat de la Coral de l&#8217;INS Torre del Palau! Volem expressar el nostre m\u00e9s sincer agra\u00efment a cadascun de vosaltres per la vostra pres\u00e8ncia i suport en aquesta vetllada tan especial. La nit del dia 8 va ser m\u00e0gica, plena de m\u00fasica i emocions. Va [&hellip;]<\/p>\n","protected":false},"author":1,"featured_media":7777,"comment_status":"closed","ping_status":"closed","sticky":false,"template":"","format":"standard","meta":{"_bbp_topic_count":0,"_bbp_reply_count":0,"_bbp_total_topic_count":0,"_bbp_total_reply_count":0,"_bbp_voice_count":0,"_bbp_anonymous_reply_count":0,"_bbp_topic_count_hidden":0,"_bbp_reply_count_hidden":0,"_bbp_forum_subforum_count":0,"site-sidebar-layout":"default","site-content-layout":"","ast-site-content-layout":"","site-content-style":"default","site-sidebar-style":"default","ast-global-header-display":"","ast-banner-title-visibility":"","ast-main-header-display":"","ast-hfb-above-header-display":"","ast-hfb-below-header-display":"","ast-hfb-mobile-header-display":"","site-post-title":"","ast-breadcrumbs-content":"","ast-featured-img":"","footer-sml-layout":"","theme-transparent-header-meta":"","adv-header-id-meta":"","stick-header-meta":"","header-above-stick-meta":"","header-main-stick-meta":"","header-below-stick-meta":"","astra-migrate-meta-layouts":"default","ast-page-background-enabled":"default","ast-page-background-meta":{"desktop":{"background-color":"var(--ast-global-color-4)","background-image":"","background-repeat":"repeat","background-position":"center center","background-size":"auto","background-attachment":"scroll","background-type":"","background-media":"","overlay-type":"","overlay-color":"","overlay-opacity":"","overlay-gradient":""},"tablet":{"background-color":"","background-image":"","background-repeat":"repeat","background-position":"center center","background-size":"auto","background-attachment":"scroll","background-type":"","background-media":"","overlay-type":"","overlay-color":"","overlay-opacity":"","overlay-gradient":""},"mobile":{"background-color":"","background-image":"","background-repeat":"repeat","background-position":"center center","background-size":"auto","background-attachment":"scroll","background-type":"","background-media":"","overlay-type":"","overlay-color":"","overlay-opacity":"","overlay-gradient":""}},"ast-content-background-meta":{"desktop":{"background-color":"var(--ast-global-color-5)","background-image":"","background-repeat":"repeat","background-position":"center center","background-size":"auto","background-attachment":"scroll","background-type":"","background-media":"","overlay-type":"","overlay-color":"","overlay-opacity":"","overlay-gradient":""},"tablet":{"background-color":"var(--ast-global-color-5)","background-image":"","background-repeat":"repeat","background-position":"center center","background-size":"auto","background-attachment":"scroll","background-type":"","background-media":"","overlay-type":"","overlay-color":"","overlay-opacity":"","overlay-gradient":""},"mobile":{"background-color":"var(--ast-global-color-5)","background-image":"","background-repeat":"repeat","background-position":"center center","background-size":"auto","background-attachment":"scroll","background-type":"","background-media":"","overlay-type":"","overlay-color":"","overlay-opacity":"","overlay-gradient":""}},"footnotes":""},"categories":[1,107,29],"tags":[93],"class_list":["post-7775","post","type-post","status-publish","format-standard","has-post-thumbnail","hentry","category-general","category-noticies-del-centre","category-portada","tag-noticies-dactualitat-del-centre"],"post_mailing_queue_ids":[],"_links":{"self":[{"href":"https:\/\/agora.xtec.cat\/iestorredelpalau\/wp-json\/wp\/v2\/posts\/7775","targetHints":{"allow":["GET"]}}],"collection":[{"href":"https:\/\/agora.xtec.cat\/iestorredelpalau\/wp-json\/wp\/v2\/posts"}],"about":[{"href":"https:\/\/agora.xtec.cat\/iestorredelpalau\/wp-json\/wp\/v2\/types\/post"}],"author":[{"embeddable":true,"href":"https:\/\/agora.xtec.cat\/iestorredelpalau\/wp-json\/wp\/v2\/users\/1"}],"replies":[{"embeddable":true,"href":"https:\/\/agora.xtec.cat\/iestorredelpalau\/wp-json\/wp\/v2\/comments?post=7775"}],"version-history":[{"count":2,"href":"https:\/\/agora.xtec.cat\/iestorredelpalau\/wp-json\/wp\/v2\/posts\/7775\/revisions"}],"predecessor-version":[{"id":7779,"href":"https:\/\/agora.xtec.cat\/iestorredelpalau\/wp-json\/wp\/v2\/posts\/7775\/revisions\/7779"}],"wp:featuredmedia":[{"embeddable":true,"href":"https:\/\/agora.xtec.cat\/iestorredelpalau\/wp-json\/wp\/v2\/media\/7777"}],"wp:attachment":[{"href":"https:\/\/agora.xtec.cat\/iestorredelpalau\/wp-json\/wp\/v2\/media?parent=7775"}],"wp:term":[{"taxonomy":"category","embeddable":true,"href":"https:\/\/agora.xtec.cat\/iestorredelpalau\/wp-json\/wp\/v2\/categories?post=7775"},{"taxonomy":"post_tag","embeddable":true,"href":"https:\/\/agora.xtec.cat\/iestorredelpalau\/wp-json\/wp\/v2\/tags?post=7775"}],"curies":[{"name":"wp","href":"https:\/\/api.w.org\/{rel}","templated":true}]}}