{"id":7742,"date":"2023-06-02T09:24:02","date_gmt":"2023-06-02T07:24:02","guid":{"rendered":"https:\/\/agora.xtec.cat\/iestorredelpalau\/?p=7742"},"modified":"2023-06-02T09:24:02","modified_gmt":"2023-06-02T07:24:02","slug":"ultim-concert-de-la-coral","status":"publish","type":"post","link":"https:\/\/agora.xtec.cat\/iestorredelpalau\/general\/ultim-concert-de-la-coral\/","title":{"rendered":"\u00daltim concert de la Coral"},"content":{"rendered":"<p>\u00c9s amb gran emoci\u00f3 que us convidem a assistir a l&#8217;\u00faltim concert d&#8217;aquest curs de la Coral de l&#8217;INS Torre del Palau. Aquesta nit especial, que tindr\u00e0 lloc a les 8 en punt, marca la despedida dels cantaires que inicien una nova etapa lluny del nostre estimat centre.<\/p>\n<p>Amb una melodia plena d&#8217;alegria i harmonia, la Coral ens portar\u00e0 en un viatge musical inoblidable. Amb la seva dedicaci\u00f3 i passi\u00f3, han treballat arduament per presentar un repertori variat i cautivador, que captivar\u00e0 els nostres cors i \u00e0nimes.<\/p>\n<p>Aquest concert \u00e9s una ocasi\u00f3 \u00fanica per celebrar els \u00e8xits i els moments compartits amb aquests cantaires talentosos que ara prenen un nou cam\u00ed. \u00c9s un moment de reconeixement i agra\u00efment per la seva contribuci\u00f3 excepcional a la nostra coral i a la nostra comunitat.<\/p>\n<p>Us convidem a unir-vos a nosaltres i a compartir aquesta experi\u00e8ncia inigualable. El pati de l&#8217;INS Torre del Palau s&#8217;omplir\u00e0 de m\u00fasica i d&#8217;emocions mentre celebrem l&#8217;ad\u00e9u i el comen\u00e7ament de noves aventures.<\/p>\n<p>Aprofitem aquesta ocasi\u00f3 per agrair a tots els membres de la Coral per la seva dedicaci\u00f3 i talent. Les seves veus han enriquit la nostra comunitat i ens han brindat moments m\u00e0gics al llarg d&#8217;aquest curs.<\/p>\n<p>Us esperem a tots aquest vespre a les 8 per celebrar i aplaudir els cantaires que prenen aquesta nova etapa lluny de nosaltres. Que la m\u00fasica ens uneixi i que les seves can\u00e7ons resonin en els nostres cors per sempre<\/p>\n<p>autors: Helena Gallart, Jordi Cunillera i Soria Royo<\/p>\n<p><a href=\"https:\/\/agora.xtec.cat\/iestorredelpalau\/wp-content\/uploads\/usu1331\/2023\/06\/1.png\"><img loading=\"lazy\" decoding=\"async\" class=\"aligncenter size-full wp-image-7743\" src=\"https:\/\/agora.xtec.cat\/iestorredelpalau\/wp-content\/uploads\/usu1331\/2023\/06\/1.png\" alt=\"\" width=\"356\" height=\"508\" srcset=\"https:\/\/agora.xtec.cat\/iestorredelpalau\/wp-content\/uploads\/usu1331\/2023\/06\/1.png 356w, https:\/\/agora.xtec.cat\/iestorredelpalau\/wp-content\/uploads\/usu1331\/2023\/06\/1-210x300.png 210w\" sizes=\"auto, (max-width: 356px) 100vw, 356px\" \/><\/a><\/p>\n","protected":false},"excerpt":{"rendered":"<p>\u00c9s amb gran emoci\u00f3 que us convidem a assistir a l&#8217;\u00faltim concert d&#8217;aquest curs de la Coral de l&#8217;INS Torre del Palau. Aquesta nit especial, que tindr\u00e0 lloc a les 8 en punt, marca la despedida dels cantaires que inicien una nova etapa lluny del nostre estimat centre. Amb una melodia plena d&#8217;alegria i harmonia, [&hellip;]<\/p>\n","protected":false},"author":1,"featured_media":7743,"comment_status":"closed","ping_status":"closed","sticky":false,"template":"","format":"standard","meta":{"_bbp_topic_count":0,"_bbp_reply_count":0,"_bbp_total_topic_count":0,"_bbp_total_reply_count":0,"_bbp_voice_count":0,"_bbp_anonymous_reply_count":0,"_bbp_topic_count_hidden":0,"_bbp_reply_count_hidden":0,"_bbp_forum_subforum_count":0,"site-sidebar-layout":"default","site-content-layout":"","ast-site-content-layout":"","site-content-style":"default","site-sidebar-style":"default","ast-global-header-display":"","ast-banner-title-visibility":"","ast-main-header-display":"","ast-hfb-above-header-display":"","ast-hfb-below-header-display":"","ast-hfb-mobile-header-display":"","site-post-title":"","ast-breadcrumbs-content":"","ast-featured-img":"","footer-sml-layout":"","theme-transparent-header-meta":"","adv-header-id-meta":"","stick-header-meta":"","header-above-stick-meta":"","header-main-stick-meta":"","header-below-stick-meta":"","astra-migrate-meta-layouts":"default","ast-page-background-enabled":"default","ast-page-background-meta":{"desktop":{"background-color":"var(--ast-global-color-4)","background-image":"","background-repeat":"repeat","background-position":"center center","background-size":"auto","background-attachment":"scroll","background-type":"","background-media":"","overlay-type":"","overlay-color":"","overlay-opacity":"","overlay-gradient":""},"tablet":{"background-color":"","background-image":"","background-repeat":"repeat","background-position":"center center","background-size":"auto","background-attachment":"scroll","background-type":"","background-media":"","overlay-type":"","overlay-color":"","overlay-opacity":"","overlay-gradient":""},"mobile":{"background-color":"","background-image":"","background-repeat":"repeat","background-position":"center center","background-size":"auto","background-attachment":"scroll","background-type":"","background-media":"","overlay-type":"","overlay-color":"","overlay-opacity":"","overlay-gradient":""}},"ast-content-background-meta":{"desktop":{"background-color":"var(--ast-global-color-5)","background-image":"","background-repeat":"repeat","background-position":"center center","background-size":"auto","background-attachment":"scroll","background-type":"","background-media":"","overlay-type":"","overlay-color":"","overlay-opacity":"","overlay-gradient":""},"tablet":{"background-color":"var(--ast-global-color-5)","background-image":"","background-repeat":"repeat","background-position":"center center","background-size":"auto","background-attachment":"scroll","background-type":"","background-media":"","overlay-type":"","overlay-color":"","overlay-opacity":"","overlay-gradient":""},"mobile":{"background-color":"var(--ast-global-color-5)","background-image":"","background-repeat":"repeat","background-position":"center center","background-size":"auto","background-attachment":"scroll","background-type":"","background-media":"","overlay-type":"","overlay-color":"","overlay-opacity":"","overlay-gradient":""}},"footnotes":""},"categories":[1,107,29],"tags":[93],"class_list":["post-7742","post","type-post","status-publish","format-standard","has-post-thumbnail","hentry","category-general","category-noticies-del-centre","category-portada","tag-noticies-dactualitat-del-centre"],"post_mailing_queue_ids":[],"_links":{"self":[{"href":"https:\/\/agora.xtec.cat\/iestorredelpalau\/wp-json\/wp\/v2\/posts\/7742","targetHints":{"allow":["GET"]}}],"collection":[{"href":"https:\/\/agora.xtec.cat\/iestorredelpalau\/wp-json\/wp\/v2\/posts"}],"about":[{"href":"https:\/\/agora.xtec.cat\/iestorredelpalau\/wp-json\/wp\/v2\/types\/post"}],"author":[{"embeddable":true,"href":"https:\/\/agora.xtec.cat\/iestorredelpalau\/wp-json\/wp\/v2\/users\/1"}],"replies":[{"embeddable":true,"href":"https:\/\/agora.xtec.cat\/iestorredelpalau\/wp-json\/wp\/v2\/comments?post=7742"}],"version-history":[{"count":1,"href":"https:\/\/agora.xtec.cat\/iestorredelpalau\/wp-json\/wp\/v2\/posts\/7742\/revisions"}],"predecessor-version":[{"id":7744,"href":"https:\/\/agora.xtec.cat\/iestorredelpalau\/wp-json\/wp\/v2\/posts\/7742\/revisions\/7744"}],"wp:featuredmedia":[{"embeddable":true,"href":"https:\/\/agora.xtec.cat\/iestorredelpalau\/wp-json\/wp\/v2\/media\/7743"}],"wp:attachment":[{"href":"https:\/\/agora.xtec.cat\/iestorredelpalau\/wp-json\/wp\/v2\/media?parent=7742"}],"wp:term":[{"taxonomy":"category","embeddable":true,"href":"https:\/\/agora.xtec.cat\/iestorredelpalau\/wp-json\/wp\/v2\/categories?post=7742"},{"taxonomy":"post_tag","embeddable":true,"href":"https:\/\/agora.xtec.cat\/iestorredelpalau\/wp-json\/wp\/v2\/tags?post=7742"}],"curies":[{"name":"wp","href":"https:\/\/api.w.org\/{rel}","templated":true}]}}