{"id":7737,"date":"2023-05-27T18:04:55","date_gmt":"2023-05-27T16:04:55","guid":{"rendered":"https:\/\/agora.xtec.cat\/iestorredelpalau\/?p=7737"},"modified":"2023-05-27T18:07:07","modified_gmt":"2023-05-27T16:07:07","slug":"graduacio-2n-btx-2023","status":"publish","type":"post","link":"https:\/\/agora.xtec.cat\/iestorredelpalau\/general\/graduacio-2n-btx-2023\/","title":{"rendered":"Graduaci\u00f3 2n BTX 2023"},"content":{"rendered":"<p>Felicitats als alumnes graduats de segon de batxillerat de l&#8217;Institut Torre del Palau! Avui \u00e9s un dia especial en qu\u00e8 celebrem els vostres esfor\u00e7os, dedicaci\u00f3 i aven\u00e7os durant aquests anys de treball ardu. Com a alumnat de segon de batxillerat, heu superat reptes i us heu enfrontat a desafiaments acad\u00e8mics amb determinaci\u00f3 i perseveran\u00e7a. Avui, \u00e9s un moment per recon\u00e8ixer els vostres \u00e8xits i mirar cap al futur amb confian\u00e7a.<\/p>\n<p>Durant aquests anys, heu apr\u00e8s molt m\u00e9s que mat\u00e8ries acad\u00e8miques. Heu adquirit habilitats de resoluci\u00f3 de problemes, pensament cr\u00edtic i treball en equip, que us seran \u00fatils en els propers passos de la vostra vida. Aquesta etapa de la vostra educaci\u00f3 ha estat fonamental per cr\u00e9ixer com a persones i per construir les bases del vostre futur. Aprofiteu aquesta graduaci\u00f3 per reflexionar sobre tot el que heu aconseguit fins ara i per fixar-vos nous objectius. El m\u00f3n est\u00e0 ple d&#8217;oportunitats i desafiaments que us esperen. Seguiu perseguint els vostres somnis amb passi\u00f3 i determinaci\u00f3, i estem segurs que assolireu grans \u00e8xits en tot all\u00f2 que us proposeu.<\/p>\n<p>Agra\u00efm tamb\u00e9 als professors i familiars que han estat al vostre costat, donant-vos suport i guiant-vos en aquest cam\u00ed educatiu. Sense ells, no haur\u00edeu arribat fins aqu\u00ed. \u00c9s un moment per a agrair a tots aquells que us han ajudat i animar-vos a valorar i recon\u00e8ixer el suport que heu rebut. Recordeu sempre que el coneixement \u00e9s un viatge continu. Aprofiteu cada oportunitat per aprendre i cr\u00e9ixer com a persones. Mantingueu l&#8217;esperit de curiositat i la passi\u00f3 pel saber, i aix\u00ed us obrir\u00e0 totes les portes cap a un futur prometedor.<\/p>\n<p>Una vegada m\u00e9s, felicitats per aquesta gran fita. Que aquesta graduaci\u00f3 sigui el principi d&#8217;una vida plena d&#8217;\u00e8xits i realitzacions personals. Estem orgullosos de vosaltres i us desitgem tot el millor en els vostres pr\u00f2xims projectes i aventures.<\/p>\n<p>Aqu\u00ed us deixem un parell de fotografies que el professorat va fer amb el m\u00f2bil. Molt aviat, el reportatge senser.\r\n\t<div class=\"slideshow_container slideshow_container_style-light\" style=\"height: 300px; \" data-slideshow-id=\"7731\" data-style-name=\"style-light\" data-style-version=\"2.3.1\" >\r\n\r\n\t\t\t\t\t<div class=\"slideshow_loading_icon\"><\/div>\r\n\t\t\r\n\t\t<div class=\"slideshow_content\" style=\"display: none;\">\r\n\r\n\t\t\t<div class=\"slideshow_view\">\r\n\t\t\t\t<div class=\"slideshow_slide slideshow_slide_image\">\r\n\t\t\t\t\t\t\t\t\t\t\t<img src=\"https:\/\/agora.xtec.cat\/iestorredelpalau\/wp-content\/uploads\/usu1331\/2023\/05\/1-9.jpg\" alt=\"1\" width=\"1287\" height=\"653\" \/>\r\n\t\t\t\t\t\t\t\t\t\t<div class=\"slideshow_description_box slideshow_transparent\">\r\n\t\t\t\t\t\t\t\t\t\t\t\t\t\t\t\t\t<\/div>\r\n\t\t\t\t<\/div>\r\n\r\n\t\t\t\t\t\t<div style=\"clear: both;\"><\/div><\/div><div class=\"slideshow_view\">\r\n\t\t\t\t<div class=\"slideshow_slide slideshow_slide_image\">\r\n\t\t\t\t\t\t\t\t\t\t\t<img src=\"https:\/\/agora.xtec.cat\/iestorredelpalau\/wp-content\/uploads\/usu1331\/2023\/05\/2-8.jpg\" alt=\"2\" width=\"1290\" height=\"481\" \/>\r\n\t\t\t\t\t\t\t\t\t\t<div class=\"slideshow_description_box slideshow_transparent\">\r\n\t\t\t\t\t\t\t\t\t\t\t\t\t\t\t\t\t<\/div>\r\n\t\t\t\t<\/div>\r\n\r\n\t\t\t\t\t\t<div style=\"clear: both;\"><\/div><\/div><div class=\"slideshow_view\">\r\n\t\t\t\t<div class=\"slideshow_slide slideshow_slide_image\">\r\n\t\t\t\t\t\t\t\t\t\t\t<img src=\"https:\/\/agora.xtec.cat\/iestorredelpalau\/wp-content\/uploads\/usu1331\/2023\/05\/3-6.jpg\" alt=\"3\" width=\"1036\" height=\"446\" \/>\r\n\t\t\t\t\t\t\t\t\t\t<div class=\"slideshow_description_box slideshow_transparent\">\r\n\t\t\t\t\t\t\t\t\t\t\t\t\t\t\t\t\t<\/div>\r\n\t\t\t\t<\/div>\r\n\r\n\t\t\t\t\t\t<div style=\"clear: both;\"><\/div><\/div><div class=\"slideshow_view\">\r\n\t\t\t\t<div class=\"slideshow_slide slideshow_slide_image\">\r\n\t\t\t\t\t\t\t\t\t\t\t<img src=\"https:\/\/agora.xtec.cat\/iestorredelpalau\/wp-content\/uploads\/usu1331\/2023\/05\/4-4.jpg\" alt=\"4\" width=\"1230\" height=\"590\" \/>\r\n\t\t\t\t\t\t\t\t\t\t<div class=\"slideshow_description_box slideshow_transparent\">\r\n\t\t\t\t\t\t\t\t\t\t\t\t\t\t\t\t\t<\/div>\r\n\t\t\t\t<\/div>\r\n\r\n\t\t\t\t\t\t<div style=\"clear: both;\"><\/div><\/div>\r\n\t\t<\/div>\r\n\r\n\t\t<div class=\"slideshow_controlPanel slideshow_transparent\" style=\"display: none;\"><ul><li class=\"slideshow_togglePlay\" data-play-text=\"Visualitza\" data-pause-text=\"Pausa\"><\/li><\/ul><\/div>\r\n\r\n\t\t<div class=\"slideshow_button slideshow_previous slideshow_transparent\" role=\"button\" data-previous-text=\"Anterior\" style=\"display: none;\"><\/div>\r\n\t\t<div class=\"slideshow_button slideshow_next slideshow_transparent\" role=\"button\" data-next-text=\"Seg\u00fcent\" style=\"display: none;\"><\/div>\r\n\r\n\t\t<div class=\"slideshow_pagination\" style=\"display: none;\" data-go-to-text=\"V\u00e9s a la diapositiva\"><div class=\"slideshow_pagination_center\"><\/div><\/div>\r\n\r\n\t\t<!-- WordPress Slideshow Version 2.3.1 -->\r\n\r\n\t\t\t<\/div>\r\n\r\n<\/p>\n","protected":false},"excerpt":{"rendered":"<p>Felicitats als alumnes graduats de segon de batxillerat de l&#8217;Institut Torre del Palau! Avui \u00e9s un dia especial en qu\u00e8 celebrem els vostres esfor\u00e7os, dedicaci\u00f3 i aven\u00e7os durant aquests anys de treball ardu. Com a alumnat de segon de batxillerat, heu superat reptes i us heu enfrontat a desafiaments acad\u00e8mics amb determinaci\u00f3 i perseveran\u00e7a. Avui, [&hellip;]<\/p>\n","protected":false},"author":1,"featured_media":7739,"comment_status":"closed","ping_status":"closed","sticky":false,"template":"","format":"standard","meta":{"_bbp_topic_count":0,"_bbp_reply_count":0,"_bbp_total_topic_count":0,"_bbp_total_reply_count":0,"_bbp_voice_count":0,"_bbp_anonymous_reply_count":0,"_bbp_topic_count_hidden":0,"_bbp_reply_count_hidden":0,"_bbp_forum_subforum_count":0,"site-sidebar-layout":"default","site-content-layout":"","ast-site-content-layout":"","site-content-style":"default","site-sidebar-style":"default","ast-global-header-display":"","ast-banner-title-visibility":"","ast-main-header-display":"","ast-hfb-above-header-display":"","ast-hfb-below-header-display":"","ast-hfb-mobile-header-display":"","site-post-title":"","ast-breadcrumbs-content":"","ast-featured-img":"","footer-sml-layout":"","theme-transparent-header-meta":"","adv-header-id-meta":"","stick-header-meta":"","header-above-stick-meta":"","header-main-stick-meta":"","header-below-stick-meta":"","astra-migrate-meta-layouts":"default","ast-page-background-enabled":"default","ast-page-background-meta":{"desktop":{"background-color":"var(--ast-global-color-4)","background-image":"","background-repeat":"repeat","background-position":"center center","background-size":"auto","background-attachment":"scroll","background-type":"","background-media":"","overlay-type":"","overlay-color":"","overlay-opacity":"","overlay-gradient":""},"tablet":{"background-color":"","background-image":"","background-repeat":"repeat","background-position":"center center","background-size":"auto","background-attachment":"scroll","background-type":"","background-media":"","overlay-type":"","overlay-color":"","overlay-opacity":"","overlay-gradient":""},"mobile":{"background-color":"","background-image":"","background-repeat":"repeat","background-position":"center center","background-size":"auto","background-attachment":"scroll","background-type":"","background-media":"","overlay-type":"","overlay-color":"","overlay-opacity":"","overlay-gradient":""}},"ast-content-background-meta":{"desktop":{"background-color":"var(--ast-global-color-5)","background-image":"","background-repeat":"repeat","background-position":"center center","background-size":"auto","background-attachment":"scroll","background-type":"","background-media":"","overlay-type":"","overlay-color":"","overlay-opacity":"","overlay-gradient":""},"tablet":{"background-color":"var(--ast-global-color-5)","background-image":"","background-repeat":"repeat","background-position":"center center","background-size":"auto","background-attachment":"scroll","background-type":"","background-media":"","overlay-type":"","overlay-color":"","overlay-opacity":"","overlay-gradient":""},"mobile":{"background-color":"var(--ast-global-color-5)","background-image":"","background-repeat":"repeat","background-position":"center center","background-size":"auto","background-attachment":"scroll","background-type":"","background-media":"","overlay-type":"","overlay-color":"","overlay-opacity":"","overlay-gradient":""}},"footnotes":""},"categories":[1,107,29],"tags":[93],"class_list":["post-7737","post","type-post","status-publish","format-standard","has-post-thumbnail","hentry","category-general","category-noticies-del-centre","category-portada","tag-noticies-dactualitat-del-centre"],"post_mailing_queue_ids":[],"_links":{"self":[{"href":"https:\/\/agora.xtec.cat\/iestorredelpalau\/wp-json\/wp\/v2\/posts\/7737","targetHints":{"allow":["GET"]}}],"collection":[{"href":"https:\/\/agora.xtec.cat\/iestorredelpalau\/wp-json\/wp\/v2\/posts"}],"about":[{"href":"https:\/\/agora.xtec.cat\/iestorredelpalau\/wp-json\/wp\/v2\/types\/post"}],"author":[{"embeddable":true,"href":"https:\/\/agora.xtec.cat\/iestorredelpalau\/wp-json\/wp\/v2\/users\/1"}],"replies":[{"embeddable":true,"href":"https:\/\/agora.xtec.cat\/iestorredelpalau\/wp-json\/wp\/v2\/comments?post=7737"}],"version-history":[{"count":2,"href":"https:\/\/agora.xtec.cat\/iestorredelpalau\/wp-json\/wp\/v2\/posts\/7737\/revisions"}],"predecessor-version":[{"id":7741,"href":"https:\/\/agora.xtec.cat\/iestorredelpalau\/wp-json\/wp\/v2\/posts\/7737\/revisions\/7741"}],"wp:featuredmedia":[{"embeddable":true,"href":"https:\/\/agora.xtec.cat\/iestorredelpalau\/wp-json\/wp\/v2\/media\/7739"}],"wp:attachment":[{"href":"https:\/\/agora.xtec.cat\/iestorredelpalau\/wp-json\/wp\/v2\/media?parent=7737"}],"wp:term":[{"taxonomy":"category","embeddable":true,"href":"https:\/\/agora.xtec.cat\/iestorredelpalau\/wp-json\/wp\/v2\/categories?post=7737"},{"taxonomy":"post_tag","embeddable":true,"href":"https:\/\/agora.xtec.cat\/iestorredelpalau\/wp-json\/wp\/v2\/tags?post=7737"}],"curies":[{"name":"wp","href":"https:\/\/api.w.org\/{rel}","templated":true}]}}