{"id":7727,"date":"2023-05-23T13:26:18","date_gmt":"2023-05-23T11:26:18","guid":{"rendered":"https:\/\/agora.xtec.cat\/iestorredelpalau\/?p=7727"},"modified":"2023-05-23T13:26:18","modified_gmt":"2023-05-23T11:26:18","slug":"la-coral-canta-al-centre-la-pineda","status":"publish","type":"post","link":"https:\/\/agora.xtec.cat\/iestorredelpalau\/general\/la-coral-canta-al-centre-la-pineda\/","title":{"rendered":"La CORAL canta al centre La Pineda"},"content":{"rendered":"<div>\n<div dir=\"auto\">Divendres 12 la Coral va fer l\u2019\u00faltima de les cantades d\u2019aquest curs i vam anar a cantar a La Pineda, un centre per a persones adultes amb discapacitats diverses. Ens esperaven amb molt d\u2019inter\u00e8s ja que per a ells va ser una sortida de la rutina important. Aix\u00ed mateix, van poder gaudir de la m\u00fasica en directe, una oportunitat molt poc freq\u00fcent per a ells. Per la nostra part, vam poder percebre els efectes terap\u00e8utics de la m\u00fasica\u00a0i com la m\u00fasica els feia participar ballant, aplaudint el que sentien amb les nostres veus. Vam fer la pre-estrena del This is me, can\u00e7\u00f3 que podreu escoltar al nostre concert de final de curs el proper 2 de juny. Apunteu-vos la data!<\/p>\n<p>Jordi Cunillera, Helena Gallart i Sofia Royo, professorat responsable.<\/p><\/div>\n<\/div>\n<div><\/div>\n<div><a href=\"https:\/\/agora.xtec.cat\/iestorredelpalau\/wp-content\/uploads\/usu1331\/2023\/05\/2-5.png\"><img loading=\"lazy\" decoding=\"async\" class=\"aligncenter size-full wp-image-7728\" src=\"https:\/\/agora.xtec.cat\/iestorredelpalau\/wp-content\/uploads\/usu1331\/2023\/05\/2-5.png\" alt=\"\" width=\"397\" height=\"361\" srcset=\"https:\/\/agora.xtec.cat\/iestorredelpalau\/wp-content\/uploads\/usu1331\/2023\/05\/2-5.png 397w, https:\/\/agora.xtec.cat\/iestorredelpalau\/wp-content\/uploads\/usu1331\/2023\/05\/2-5-300x273.png 300w\" sizes=\"auto, (max-width: 397px) 100vw, 397px\" \/><\/a> <a href=\"https:\/\/agora.xtec.cat\/iestorredelpalau\/wp-content\/uploads\/usu1331\/2023\/05\/1-6.png\"><img loading=\"lazy\" decoding=\"async\" class=\"aligncenter size-large wp-image-7729\" src=\"https:\/\/agora.xtec.cat\/iestorredelpalau\/wp-content\/uploads\/usu1331\/2023\/05\/1-6.png\" alt=\"\" width=\"392\" height=\"399\" srcset=\"https:\/\/agora.xtec.cat\/iestorredelpalau\/wp-content\/uploads\/usu1331\/2023\/05\/1-6.png 392w, https:\/\/agora.xtec.cat\/iestorredelpalau\/wp-content\/uploads\/usu1331\/2023\/05\/1-6-295x300.png 295w\" sizes=\"auto, (max-width: 392px) 100vw, 392px\" \/><\/a><\/div>\n","protected":false},"excerpt":{"rendered":"<p>Divendres 12 la Coral va fer l\u2019\u00faltima de les cantades d\u2019aquest curs i vam anar a cantar a La Pineda, un centre per a persones adultes amb discapacitats diverses. Ens esperaven amb molt d\u2019inter\u00e8s ja que per a ells va ser una sortida de la rutina important. Aix\u00ed mateix, van poder gaudir de la m\u00fasica [&hellip;]<\/p>\n","protected":false},"author":1,"featured_media":7729,"comment_status":"closed","ping_status":"closed","sticky":false,"template":"","format":"standard","meta":{"_bbp_topic_count":0,"_bbp_reply_count":0,"_bbp_total_topic_count":0,"_bbp_total_reply_count":0,"_bbp_voice_count":0,"_bbp_anonymous_reply_count":0,"_bbp_topic_count_hidden":0,"_bbp_reply_count_hidden":0,"_bbp_forum_subforum_count":0,"site-sidebar-layout":"default","site-content-layout":"","ast-site-content-layout":"","site-content-style":"default","site-sidebar-style":"default","ast-global-header-display":"","ast-banner-title-visibility":"","ast-main-header-display":"","ast-hfb-above-header-display":"","ast-hfb-below-header-display":"","ast-hfb-mobile-header-display":"","site-post-title":"","ast-breadcrumbs-content":"","ast-featured-img":"","footer-sml-layout":"","theme-transparent-header-meta":"","adv-header-id-meta":"","stick-header-meta":"","header-above-stick-meta":"","header-main-stick-meta":"","header-below-stick-meta":"","astra-migrate-meta-layouts":"default","ast-page-background-enabled":"default","ast-page-background-meta":{"desktop":{"background-color":"var(--ast-global-color-4)","background-image":"","background-repeat":"repeat","background-position":"center center","background-size":"auto","background-attachment":"scroll","background-type":"","background-media":"","overlay-type":"","overlay-color":"","overlay-opacity":"","overlay-gradient":""},"tablet":{"background-color":"","background-image":"","background-repeat":"repeat","background-position":"center center","background-size":"auto","background-attachment":"scroll","background-type":"","background-media":"","overlay-type":"","overlay-color":"","overlay-opacity":"","overlay-gradient":""},"mobile":{"background-color":"","background-image":"","background-repeat":"repeat","background-position":"center center","background-size":"auto","background-attachment":"scroll","background-type":"","background-media":"","overlay-type":"","overlay-color":"","overlay-opacity":"","overlay-gradient":""}},"ast-content-background-meta":{"desktop":{"background-color":"var(--ast-global-color-5)","background-image":"","background-repeat":"repeat","background-position":"center center","background-size":"auto","background-attachment":"scroll","background-type":"","background-media":"","overlay-type":"","overlay-color":"","overlay-opacity":"","overlay-gradient":""},"tablet":{"background-color":"var(--ast-global-color-5)","background-image":"","background-repeat":"repeat","background-position":"center center","background-size":"auto","background-attachment":"scroll","background-type":"","background-media":"","overlay-type":"","overlay-color":"","overlay-opacity":"","overlay-gradient":""},"mobile":{"background-color":"var(--ast-global-color-5)","background-image":"","background-repeat":"repeat","background-position":"center center","background-size":"auto","background-attachment":"scroll","background-type":"","background-media":"","overlay-type":"","overlay-color":"","overlay-opacity":"","overlay-gradient":""}},"footnotes":""},"categories":[1,107,29],"tags":[93],"class_list":["post-7727","post","type-post","status-publish","format-standard","has-post-thumbnail","hentry","category-general","category-noticies-del-centre","category-portada","tag-noticies-dactualitat-del-centre"],"post_mailing_queue_ids":[],"_links":{"self":[{"href":"https:\/\/agora.xtec.cat\/iestorredelpalau\/wp-json\/wp\/v2\/posts\/7727","targetHints":{"allow":["GET"]}}],"collection":[{"href":"https:\/\/agora.xtec.cat\/iestorredelpalau\/wp-json\/wp\/v2\/posts"}],"about":[{"href":"https:\/\/agora.xtec.cat\/iestorredelpalau\/wp-json\/wp\/v2\/types\/post"}],"author":[{"embeddable":true,"href":"https:\/\/agora.xtec.cat\/iestorredelpalau\/wp-json\/wp\/v2\/users\/1"}],"replies":[{"embeddable":true,"href":"https:\/\/agora.xtec.cat\/iestorredelpalau\/wp-json\/wp\/v2\/comments?post=7727"}],"version-history":[{"count":1,"href":"https:\/\/agora.xtec.cat\/iestorredelpalau\/wp-json\/wp\/v2\/posts\/7727\/revisions"}],"predecessor-version":[{"id":7730,"href":"https:\/\/agora.xtec.cat\/iestorredelpalau\/wp-json\/wp\/v2\/posts\/7727\/revisions\/7730"}],"wp:featuredmedia":[{"embeddable":true,"href":"https:\/\/agora.xtec.cat\/iestorredelpalau\/wp-json\/wp\/v2\/media\/7729"}],"wp:attachment":[{"href":"https:\/\/agora.xtec.cat\/iestorredelpalau\/wp-json\/wp\/v2\/media?parent=7727"}],"wp:term":[{"taxonomy":"category","embeddable":true,"href":"https:\/\/agora.xtec.cat\/iestorredelpalau\/wp-json\/wp\/v2\/categories?post=7727"},{"taxonomy":"post_tag","embeddable":true,"href":"https:\/\/agora.xtec.cat\/iestorredelpalau\/wp-json\/wp\/v2\/tags?post=7727"}],"curies":[{"name":"wp","href":"https:\/\/api.w.org\/{rel}","templated":true}]}}