{"id":762,"date":"2017-02-01T12:16:12","date_gmt":"2017-02-01T11:16:12","guid":{"rendered":"http:\/\/agora.xtec.cat\/iestorredelpalau\/?p=762"},"modified":"2017-02-01T12:35:18","modified_gmt":"2017-02-01T11:35:18","slug":"nfngfnfnhf","status":"publish","type":"post","link":"https:\/\/agora.xtec.cat\/iestorredelpalau\/portada\/nfngfnfnhf\/","title":{"rendered":"\u00c8xit de l&#8217;alumnat del centre a les Proves PISA de 2015"},"content":{"rendered":"<p>L&#8217;alumnat de 15 anys de l&#8217;institut que va participar a les proves PISA de 2015 han\u00a0 obtingut uns resultats molt positius. Les van respondre 42 alumnes, nascuts l&#8217;any 1999. Van ser triats per l&#8217;organitzaci\u00f3 de les proves educatives m\u00e9s importants del m\u00f3n, les proves PISA, que depenen de l&#8217;OCDE. En aquesta edici\u00f3 van participar 72 pa\u00efsos i regions de tot el m\u00f3n amb 537.591 alumnes de 18.541 centres educatius.<\/p>\n<p>Se&#8217;n van realitzar al maig de 2015 a Catalunya. Per primera vegada tot es feia amb ordinadors port\u00e0tils que facilitava l&#8217;empresa aplicadora. El passat 6 de desembre de 2016 els resultats globals es van presentar als mitjans de comunicaci\u00f3 en tot el m\u00f3n. La setmana passada les direccions dels centres educatius participants a Catalunya van ser informades dels resultats espec\u00edfics.<\/p>\n<p>La principal compet\u00e8ncia avaluada era la cient\u00edfica. Els resultats obtinguts per l&#8217;alumnat del nostre institut es situa per sobre de la mitja de Catalunya, Espanya i els pa\u00efsos de l&#8217;OCDE. De forma secund\u00e0ria tamb\u00e9 es va avaluar la compet\u00e8ncia de comprensi\u00f3 lectora, amb resultats semblants a la resta de pa\u00efdos, i la compet\u00e8ncia matem\u00e0tica, amb uns resultats tamb\u00e9 per sobre de la resta de Catalunya, Espanya i OCDE. Un grup concret d&#8217;alumnes tamb\u00e9 va fer la prova sobre compet\u00e8ncia finan\u00e7era.<\/p>\n<p>Hem de felicitar l&#8217;alumnat participant i al professorat. Ara uns estudien segon de batxillerat al centre i d&#8217;altres desenvolupen d&#8217;altres estudis i ocupacions.<\/p>\n<p>Evaristo Gonz\u00e1lez Prieto, director<\/p>\n","protected":false},"excerpt":{"rendered":"<p>L&#8217;alumnat de 15 anys de l&#8217;institut que va participar a les proves PISA de 2015 han\u00a0 obtingut uns resultats molt positius. Les van respondre 42 alumnes, nascuts l&#8217;any 1999. Van ser triats per l&#8217;organitzaci\u00f3 de les proves educatives m\u00e9s importants del m\u00f3n, les proves PISA, que depenen de l&#8217;OCDE. En aquesta edici\u00f3 van participar 72 [&hellip;]<\/p>\n","protected":false},"author":1,"featured_media":0,"comment_status":"open","ping_status":"open","sticky":false,"template":"","format":"standard","meta":{"_bbp_topic_count":0,"_bbp_reply_count":0,"_bbp_total_topic_count":0,"_bbp_total_reply_count":0,"_bbp_voice_count":0,"_bbp_anonymous_reply_count":0,"_bbp_topic_count_hidden":0,"_bbp_reply_count_hidden":0,"_bbp_forum_subforum_count":0,"site-sidebar-layout":"default","site-content-layout":"","ast-site-content-layout":"","site-content-style":"default","site-sidebar-style":"default","ast-global-header-display":"","ast-banner-title-visibility":"","ast-main-header-display":"","ast-hfb-above-header-display":"","ast-hfb-below-header-display":"","ast-hfb-mobile-header-display":"","site-post-title":"","ast-breadcrumbs-content":"","ast-featured-img":"","footer-sml-layout":"","theme-transparent-header-meta":"","adv-header-id-meta":"","stick-header-meta":"","header-above-stick-meta":"","header-main-stick-meta":"","header-below-stick-meta":"","astra-migrate-meta-layouts":"default","ast-page-background-enabled":"default","ast-page-background-meta":{"desktop":{"background-color":"var(--ast-global-color-4)","background-image":"","background-repeat":"repeat","background-position":"center center","background-size":"auto","background-attachment":"scroll","background-type":"","background-media":"","overlay-type":"","overlay-color":"","overlay-opacity":"","overlay-gradient":""},"tablet":{"background-color":"","background-image":"","background-repeat":"repeat","background-position":"center center","background-size":"auto","background-attachment":"scroll","background-type":"","background-media":"","overlay-type":"","overlay-color":"","overlay-opacity":"","overlay-gradient":""},"mobile":{"background-color":"","background-image":"","background-repeat":"repeat","background-position":"center center","background-size":"auto","background-attachment":"scroll","background-type":"","background-media":"","overlay-type":"","overlay-color":"","overlay-opacity":"","overlay-gradient":""}},"ast-content-background-meta":{"desktop":{"background-color":"var(--ast-global-color-5)","background-image":"","background-repeat":"repeat","background-position":"center center","background-size":"auto","background-attachment":"scroll","background-type":"","background-media":"","overlay-type":"","overlay-color":"","overlay-opacity":"","overlay-gradient":""},"tablet":{"background-color":"var(--ast-global-color-5)","background-image":"","background-repeat":"repeat","background-position":"center center","background-size":"auto","background-attachment":"scroll","background-type":"","background-media":"","overlay-type":"","overlay-color":"","overlay-opacity":"","overlay-gradient":""},"mobile":{"background-color":"var(--ast-global-color-5)","background-image":"","background-repeat":"repeat","background-position":"center center","background-size":"auto","background-attachment":"scroll","background-type":"","background-media":"","overlay-type":"","overlay-color":"","overlay-opacity":"","overlay-gradient":""}},"footnotes":""},"categories":[29],"tags":[102],"class_list":["post-762","post","type-post","status-publish","format-standard","hentry","category-portada","tag-proves-pisa"],"post_mailing_queue_ids":[],"_links":{"self":[{"href":"https:\/\/agora.xtec.cat\/iestorredelpalau\/wp-json\/wp\/v2\/posts\/762","targetHints":{"allow":["GET"]}}],"collection":[{"href":"https:\/\/agora.xtec.cat\/iestorredelpalau\/wp-json\/wp\/v2\/posts"}],"about":[{"href":"https:\/\/agora.xtec.cat\/iestorredelpalau\/wp-json\/wp\/v2\/types\/post"}],"author":[{"embeddable":true,"href":"https:\/\/agora.xtec.cat\/iestorredelpalau\/wp-json\/wp\/v2\/users\/1"}],"replies":[{"embeddable":true,"href":"https:\/\/agora.xtec.cat\/iestorredelpalau\/wp-json\/wp\/v2\/comments?post=762"}],"version-history":[{"count":3,"href":"https:\/\/agora.xtec.cat\/iestorredelpalau\/wp-json\/wp\/v2\/posts\/762\/revisions"}],"predecessor-version":[{"id":776,"href":"https:\/\/agora.xtec.cat\/iestorredelpalau\/wp-json\/wp\/v2\/posts\/762\/revisions\/776"}],"wp:attachment":[{"href":"https:\/\/agora.xtec.cat\/iestorredelpalau\/wp-json\/wp\/v2\/media?parent=762"}],"wp:term":[{"taxonomy":"category","embeddable":true,"href":"https:\/\/agora.xtec.cat\/iestorredelpalau\/wp-json\/wp\/v2\/categories?post=762"},{"taxonomy":"post_tag","embeddable":true,"href":"https:\/\/agora.xtec.cat\/iestorredelpalau\/wp-json\/wp\/v2\/tags?post=762"}],"curies":[{"name":"wp","href":"https:\/\/api.w.org\/{rel}","templated":true}]}}