{"id":6573,"date":"2022-11-25T09:44:12","date_gmt":"2022-11-25T08:44:12","guid":{"rendered":"https:\/\/agora.xtec.cat\/iestorredelpalau\/?p=6573"},"modified":"2022-11-25T09:45:45","modified_gmt":"2022-11-25T08:45:45","slug":"setmana-de-la-ciencia","status":"publish","type":"post","link":"https:\/\/agora.xtec.cat\/iestorredelpalau\/general\/setmana-de-la-ciencia\/","title":{"rendered":"Setmana de la Ci\u00e8ncia"},"content":{"rendered":"<div><b>Les alumnes de 1r i 2n de batxillerat cient\u00edfic hem participat des de la mat\u00e8ria de Biologia i des de l&#8217;optativa de biomedicina, a la confer\u00e8ncia organitzada per l&#8217; Institut de Ci\u00e8ncia i Tecnologia de Barcelona (BIST)<\/b><\/div>\n<div><b>Sota el t\u00edtol:&#8221;\u00a0<i>Es poden fer medicaments a mida? Qu\u00e8 \u00e9s\u00a0la medicina de precisi\u00f3?&#8221;,<\/i>\u00a0joves investigadores de centres BIST ens han explicat projectes de recerca b\u00e0sica molt interessants que contribuiran en un futur a fer una medicina\u00a0 de precisi\u00f3 que\u00a0 aconsegueixi un tractament ajustat per a\u00a0 cada persona i en el moment adequat.<\/b><\/div>\n<div><b>L&#8217;<i>Alba Herrero G\u00f3mez<\/i>, de l&#8217; Institut de bioenginyeria de Catalunya (IBEC), ens va explicar qu\u00e8 \u00e9s la imatge molecular i com es pot utilitzar per veure qu\u00e8 fa cada cos\u00a0 i cada tipus cel.lular amb els medicaments que prenem. El\u00a0<i>Xavier Hern\u00e1ndez Alias<\/i>, del Centre de Regulaci\u00f3 Gen\u00f2mica (CRG), ens va parlar de l&#8217;\u00fas del big data en Biologia i de com estudiant el nostre material gen\u00e8tic es poden dissenyar ter\u00e0pies personalitzades. I l&#8217;<i>Eduard Masvidal Codina<\/i>, de l&#8217; Institut Catal\u00e0 de Nanoci\u00e8ncia i Nanotecnologia (ICN2), ens va ensenyar aparells m\u00e8dics fets a partir de nous materials com el graf\u00e8.<\/b><\/div>\n<div><b>La sessi\u00f3 va ser moderada per l&#8217; Elena Mel\u00e9ndez, responsable dels programes d&#8217;educaci\u00f3 a l&#8217; Institut de Recerca Biom\u00e8dica de Barcelona (IRB) que va facilitar la comunicaci\u00f3 dels investigadors i els va fer arribar les preguntes dels nois i noies a trav\u00e9s del xat.<\/b><\/div>\n<div><b>Si esteu interessats podeu veure la confer\u00e8ncia completa a trav\u00e9s de youtube en aquest <a href=\"https:\/\/youtu.be\/LB99YWKaw3s\">enlla\u00e7<\/a><\/b><\/div>\n<div>Autor\/a: Montse Laguarda<\/div>\n<div>\r\n\t<div class=\"slideshow_container slideshow_container_style-light\" style=\"height: 300px; \" data-slideshow-id=\"6568\" data-style-name=\"style-light\" data-style-version=\"2.3.1\" >\r\n\r\n\t\t\t\t\t<div class=\"slideshow_loading_icon\"><\/div>\r\n\t\t\r\n\t\t<div class=\"slideshow_content\" style=\"display: none;\">\r\n\r\n\t\t\t<div class=\"slideshow_view\">\r\n\t\t\t\t<div class=\"slideshow_slide slideshow_slide_image\">\r\n\t\t\t\t\t\t\t\t\t\t\t<img src=\"https:\/\/agora.xtec.cat\/iestorredelpalau\/wp-content\/uploads\/usu1331\/2022\/11\/istb2.jpg\" alt=\"istb2\" width=\"1024\" height=\"768\" \/>\r\n\t\t\t\t\t\t\t\t\t\t<div class=\"slideshow_description_box slideshow_transparent\">\r\n\t\t\t\t\t\t<div class=\"slideshow_title\">istb2<\/div>\t\t\t\t\t\t\t\t\t\t\t<\/div>\r\n\t\t\t\t<\/div>\r\n\r\n\t\t\t\t\t\t<div style=\"clear: both;\"><\/div><\/div><div class=\"slideshow_view\">\r\n\t\t\t\t<div class=\"slideshow_slide slideshow_slide_image\">\r\n\t\t\t\t\t\t\t\t\t\t\t<img src=\"https:\/\/agora.xtec.cat\/iestorredelpalau\/wp-content\/uploads\/usu1331\/2022\/11\/istb1.jpg\" alt=\"istb1\" width=\"1024\" height=\"768\" \/>\r\n\t\t\t\t\t\t\t\t\t\t<div class=\"slideshow_description_box slideshow_transparent\">\r\n\t\t\t\t\t\t<div class=\"slideshow_title\">istb1<\/div>\t\t\t\t\t\t\t\t\t\t\t<\/div>\r\n\t\t\t\t<\/div>\r\n\r\n\t\t\t\t\t\t<div style=\"clear: both;\"><\/div><\/div><div class=\"slideshow_view\">\r\n\t\t\t\t<div class=\"slideshow_slide slideshow_slide_image\">\r\n\t\t\t\t\t\t\t\t\t\t\t<img src=\"https:\/\/agora.xtec.cat\/iestorredelpalau\/wp-content\/uploads\/usu1331\/2022\/11\/isbt3.jpg\" alt=\"isbt3\" width=\"768\" height=\"1024\" \/>\r\n\t\t\t\t\t\t\t\t\t\t<div class=\"slideshow_description_box slideshow_transparent\">\r\n\t\t\t\t\t\t<div class=\"slideshow_title\">isbt3<\/div>\t\t\t\t\t\t\t\t\t\t\t<\/div>\r\n\t\t\t\t<\/div>\r\n\r\n\t\t\t\t\t\t<div style=\"clear: both;\"><\/div><\/div><div class=\"slideshow_view\">\r\n\t\t\t\t<div class=\"slideshow_slide slideshow_slide_image\">\r\n\t\t\t\t\t\t\t\t\t\t\t<img src=\"https:\/\/agora.xtec.cat\/iestorredelpalau\/wp-content\/uploads\/usu1331\/2022\/11\/bist.png\" alt=\"bist\" width=\"764\" height=\"436\" \/>\r\n\t\t\t\t\t\t\t\t\t\t<div class=\"slideshow_description_box slideshow_transparent\">\r\n\t\t\t\t\t\t<div class=\"slideshow_title\">bist<\/div>\t\t\t\t\t\t\t\t\t\t\t<\/div>\r\n\t\t\t\t<\/div>\r\n\r\n\t\t\t\t\t\t<div style=\"clear: both;\"><\/div><\/div>\r\n\t\t<\/div>\r\n\r\n\t\t<div class=\"slideshow_controlPanel slideshow_transparent\" style=\"display: none;\"><ul><li class=\"slideshow_togglePlay\" data-play-text=\"Visualitza\" data-pause-text=\"Pausa\"><\/li><\/ul><\/div>\r\n\r\n\t\t<div class=\"slideshow_button slideshow_previous slideshow_transparent\" role=\"button\" data-previous-text=\"Anterior\" style=\"display: none;\"><\/div>\r\n\t\t<div class=\"slideshow_button slideshow_next slideshow_transparent\" role=\"button\" data-next-text=\"Seg\u00fcent\" style=\"display: none;\"><\/div>\r\n\r\n\t\t<div class=\"slideshow_pagination\" style=\"display: none;\" data-go-to-text=\"V\u00e9s a la diapositiva\"><div class=\"slideshow_pagination_center\"><\/div><\/div>\r\n\r\n\t\t<!-- WordPress Slideshow Version 2.3.1 -->\r\n\r\n\t\t\t<\/div>\r\n\r\n<\/div>\n","protected":false},"excerpt":{"rendered":"<p>Les alumnes de 1r i 2n de batxillerat cient\u00edfic hem participat des de la mat\u00e8ria de Biologia i des de l&#8217;optativa de biomedicina, a la confer\u00e8ncia organitzada per l&#8217; Institut de Ci\u00e8ncia i Tecnologia de Barcelona (BIST) Sota el t\u00edtol:&#8221;\u00a0Es poden fer medicaments a mida? Qu\u00e8 \u00e9s\u00a0la medicina de precisi\u00f3?&#8221;,\u00a0joves investigadores de centres BIST ens [&hellip;]<\/p>\n","protected":false},"author":1,"featured_media":6569,"comment_status":"closed","ping_status":"closed","sticky":false,"template":"","format":"standard","meta":{"_bbp_topic_count":0,"_bbp_reply_count":0,"_bbp_total_topic_count":0,"_bbp_total_reply_count":0,"_bbp_voice_count":0,"_bbp_anonymous_reply_count":0,"_bbp_topic_count_hidden":0,"_bbp_reply_count_hidden":0,"_bbp_forum_subforum_count":0,"site-sidebar-layout":"default","site-content-layout":"","ast-site-content-layout":"","site-content-style":"default","site-sidebar-style":"default","ast-global-header-display":"","ast-banner-title-visibility":"","ast-main-header-display":"","ast-hfb-above-header-display":"","ast-hfb-below-header-display":"","ast-hfb-mobile-header-display":"","site-post-title":"","ast-breadcrumbs-content":"","ast-featured-img":"","footer-sml-layout":"","theme-transparent-header-meta":"","adv-header-id-meta":"","stick-header-meta":"","header-above-stick-meta":"","header-main-stick-meta":"","header-below-stick-meta":"","astra-migrate-meta-layouts":"default","ast-page-background-enabled":"default","ast-page-background-meta":{"desktop":{"background-color":"var(--ast-global-color-4)","background-image":"","background-repeat":"repeat","background-position":"center center","background-size":"auto","background-attachment":"scroll","background-type":"","background-media":"","overlay-type":"","overlay-color":"","overlay-opacity":"","overlay-gradient":""},"tablet":{"background-color":"","background-image":"","background-repeat":"repeat","background-position":"center center","background-size":"auto","background-attachment":"scroll","background-type":"","background-media":"","overlay-type":"","overlay-color":"","overlay-opacity":"","overlay-gradient":""},"mobile":{"background-color":"","background-image":"","background-repeat":"repeat","background-position":"center center","background-size":"auto","background-attachment":"scroll","background-type":"","background-media":"","overlay-type":"","overlay-color":"","overlay-opacity":"","overlay-gradient":""}},"ast-content-background-meta":{"desktop":{"background-color":"var(--ast-global-color-5)","background-image":"","background-repeat":"repeat","background-position":"center center","background-size":"auto","background-attachment":"scroll","background-type":"","background-media":"","overlay-type":"","overlay-color":"","overlay-opacity":"","overlay-gradient":""},"tablet":{"background-color":"var(--ast-global-color-5)","background-image":"","background-repeat":"repeat","background-position":"center center","background-size":"auto","background-attachment":"scroll","background-type":"","background-media":"","overlay-type":"","overlay-color":"","overlay-opacity":"","overlay-gradient":""},"mobile":{"background-color":"var(--ast-global-color-5)","background-image":"","background-repeat":"repeat","background-position":"center center","background-size":"auto","background-attachment":"scroll","background-type":"","background-media":"","overlay-type":"","overlay-color":"","overlay-opacity":"","overlay-gradient":""}},"footnotes":""},"categories":[8,1,107,29],"tags":[166,93],"class_list":["post-6573","post","type-post","status-publish","format-standard","has-post-thumbnail","hentry","category-batxillerat","category-general","category-noticies-del-centre","category-portada","tag-1r-batxillerat","tag-noticies-dactualitat-del-centre"],"post_mailing_queue_ids":[],"_links":{"self":[{"href":"https:\/\/agora.xtec.cat\/iestorredelpalau\/wp-json\/wp\/v2\/posts\/6573","targetHints":{"allow":["GET"]}}],"collection":[{"href":"https:\/\/agora.xtec.cat\/iestorredelpalau\/wp-json\/wp\/v2\/posts"}],"about":[{"href":"https:\/\/agora.xtec.cat\/iestorredelpalau\/wp-json\/wp\/v2\/types\/post"}],"author":[{"embeddable":true,"href":"https:\/\/agora.xtec.cat\/iestorredelpalau\/wp-json\/wp\/v2\/users\/1"}],"replies":[{"embeddable":true,"href":"https:\/\/agora.xtec.cat\/iestorredelpalau\/wp-json\/wp\/v2\/comments?post=6573"}],"version-history":[{"count":1,"href":"https:\/\/agora.xtec.cat\/iestorredelpalau\/wp-json\/wp\/v2\/posts\/6573\/revisions"}],"predecessor-version":[{"id":6574,"href":"https:\/\/agora.xtec.cat\/iestorredelpalau\/wp-json\/wp\/v2\/posts\/6573\/revisions\/6574"}],"wp:featuredmedia":[{"embeddable":true,"href":"https:\/\/agora.xtec.cat\/iestorredelpalau\/wp-json\/wp\/v2\/media\/6569"}],"wp:attachment":[{"href":"https:\/\/agora.xtec.cat\/iestorredelpalau\/wp-json\/wp\/v2\/media?parent=6573"}],"wp:term":[{"taxonomy":"category","embeddable":true,"href":"https:\/\/agora.xtec.cat\/iestorredelpalau\/wp-json\/wp\/v2\/categories?post=6573"},{"taxonomy":"post_tag","embeddable":true,"href":"https:\/\/agora.xtec.cat\/iestorredelpalau\/wp-json\/wp\/v2\/tags?post=6573"}],"curies":[{"name":"wp","href":"https:\/\/api.w.org\/{rel}","templated":true}]}}