{"id":6481,"date":"2022-11-15T13:35:49","date_gmt":"2022-11-15T12:35:49","guid":{"rendered":"https:\/\/agora.xtec.cat\/iestorredelpalau\/?p=6481"},"modified":"2022-11-15T13:35:49","modified_gmt":"2022-11-15T12:35:49","slug":"projecte-crocus","status":"publish","type":"post","link":"https:\/\/agora.xtec.cat\/iestorredelpalau\/general\/projecte-crocus\/","title":{"rendered":"PROJECTE CROCUS"},"content":{"rendered":"<p><strong>Des del Departament de SOCIALS a 4t estem treballant la Mem\u00f2ria Hist\u00f2rica, la mem\u00f2ria dels oblidats, ven\u00e7uts i v\u00edctimes dels conflictes. Treballarem la Sho\u00e0\/Holocaust i la trag\u00e8dia d\u2019haver d\u2019emigrar per raons ideol\u00f2giques com ho van fer els republicans espanyols.<\/strong><br \/>\n<strong>Per a recordar els\u00a0milers de nens i joves\u00a0v\u00edctimes de la viol\u00e8ncia nazi hem plantat uns crocus de color groc que floriran\u00a0pels volts del 27 de gener, dia Internacional de totes les V\u00edctimes dels camps de concentraci\u00f3 i extermini. El 27 de gener de 2023 commemorarem el 78\u00e8 aniversari de l\u2019alliberament del camp d\u2019Auschwitz.<\/strong><br \/>\n<strong>SI HA PASSAT, POT TORNAR A PASSAR. NO OBLIDEM.<\/strong><\/p>\n<p><strong>Autor\/a: Helena Gallart, professora responsable\u00a0<\/strong><\/p>\n<p><a href=\"https:\/\/agora.xtec.cat\/iestorredelpalau\/wp-content\/uploads\/usu1331\/2022\/11\/1-1.png\"><img loading=\"lazy\" decoding=\"async\" class=\"aligncenter size-full wp-image-6482\" src=\"https:\/\/agora.xtec.cat\/iestorredelpalau\/wp-content\/uploads\/usu1331\/2022\/11\/1-1.png\" alt=\"\" width=\"331\" height=\"367\" srcset=\"https:\/\/agora.xtec.cat\/iestorredelpalau\/wp-content\/uploads\/usu1331\/2022\/11\/1-1.png 331w, https:\/\/agora.xtec.cat\/iestorredelpalau\/wp-content\/uploads\/usu1331\/2022\/11\/1-1-271x300.png 271w\" sizes=\"auto, (max-width: 331px) 100vw, 331px\" \/><\/a> <a href=\"https:\/\/agora.xtec.cat\/iestorredelpalau\/wp-content\/uploads\/usu1331\/2022\/11\/2.png\"><img loading=\"lazy\" decoding=\"async\" class=\"aligncenter size-large wp-image-6483\" src=\"https:\/\/agora.xtec.cat\/iestorredelpalau\/wp-content\/uploads\/usu1331\/2022\/11\/2.png\" alt=\"\" width=\"314\" height=\"400\" srcset=\"https:\/\/agora.xtec.cat\/iestorredelpalau\/wp-content\/uploads\/usu1331\/2022\/11\/2.png 314w, https:\/\/agora.xtec.cat\/iestorredelpalau\/wp-content\/uploads\/usu1331\/2022\/11\/2-236x300.png 236w\" sizes=\"auto, (max-width: 314px) 100vw, 314px\" \/><\/a> <a href=\"https:\/\/agora.xtec.cat\/iestorredelpalau\/wp-content\/uploads\/usu1331\/2022\/11\/3.png\"><img loading=\"lazy\" decoding=\"async\" class=\"aligncenter size-large wp-image-6484\" src=\"https:\/\/agora.xtec.cat\/iestorredelpalau\/wp-content\/uploads\/usu1331\/2022\/11\/3.png\" alt=\"\" width=\"327\" height=\"433\" srcset=\"https:\/\/agora.xtec.cat\/iestorredelpalau\/wp-content\/uploads\/usu1331\/2022\/11\/3.png 327w, https:\/\/agora.xtec.cat\/iestorredelpalau\/wp-content\/uploads\/usu1331\/2022\/11\/3-227x300.png 227w\" sizes=\"auto, (max-width: 327px) 100vw, 327px\" \/><\/a> <a href=\"https:\/\/agora.xtec.cat\/iestorredelpalau\/wp-content\/uploads\/usu1331\/2022\/11\/4.png\"><img loading=\"lazy\" decoding=\"async\" class=\"aligncenter size-large wp-image-6485\" src=\"https:\/\/agora.xtec.cat\/iestorredelpalau\/wp-content\/uploads\/usu1331\/2022\/11\/4.png\" alt=\"\" width=\"488\" height=\"421\" srcset=\"https:\/\/agora.xtec.cat\/iestorredelpalau\/wp-content\/uploads\/usu1331\/2022\/11\/4.png 488w, https:\/\/agora.xtec.cat\/iestorredelpalau\/wp-content\/uploads\/usu1331\/2022\/11\/4-300x259.png 300w\" sizes=\"auto, (max-width: 488px) 100vw, 488px\" \/><\/a> <a href=\"https:\/\/agora.xtec.cat\/iestorredelpalau\/wp-content\/uploads\/usu1331\/2022\/11\/5.png\"><img loading=\"lazy\" decoding=\"async\" class=\"aligncenter size-large wp-image-6486\" src=\"https:\/\/agora.xtec.cat\/iestorredelpalau\/wp-content\/uploads\/usu1331\/2022\/11\/5.png\" alt=\"\" width=\"309\" height=\"411\" srcset=\"https:\/\/agora.xtec.cat\/iestorredelpalau\/wp-content\/uploads\/usu1331\/2022\/11\/5.png 309w, https:\/\/agora.xtec.cat\/iestorredelpalau\/wp-content\/uploads\/usu1331\/2022\/11\/5-226x300.png 226w\" sizes=\"auto, (max-width: 309px) 100vw, 309px\" \/><\/a> <a href=\"https:\/\/agora.xtec.cat\/iestorredelpalau\/wp-content\/uploads\/usu1331\/2022\/11\/6.png\"><img loading=\"lazy\" decoding=\"async\" class=\"aligncenter size-large wp-image-6487\" src=\"https:\/\/agora.xtec.cat\/iestorredelpalau\/wp-content\/uploads\/usu1331\/2022\/11\/6.png\" alt=\"\" width=\"274\" height=\"400\" srcset=\"https:\/\/agora.xtec.cat\/iestorredelpalau\/wp-content\/uploads\/usu1331\/2022\/11\/6.png 274w, https:\/\/agora.xtec.cat\/iestorredelpalau\/wp-content\/uploads\/usu1331\/2022\/11\/6-206x300.png 206w\" sizes=\"auto, (max-width: 274px) 100vw, 274px\" \/><\/a> <a href=\"https:\/\/agora.xtec.cat\/iestorredelpalau\/wp-content\/uploads\/usu1331\/2022\/11\/7.png\"><img loading=\"lazy\" decoding=\"async\" class=\"aligncenter size-large wp-image-6488\" src=\"https:\/\/agora.xtec.cat\/iestorredelpalau\/wp-content\/uploads\/usu1331\/2022\/11\/7.png\" alt=\"\" width=\"320\" height=\"403\" srcset=\"https:\/\/agora.xtec.cat\/iestorredelpalau\/wp-content\/uploads\/usu1331\/2022\/11\/7.png 320w, https:\/\/agora.xtec.cat\/iestorredelpalau\/wp-content\/uploads\/usu1331\/2022\/11\/7-238x300.png 238w\" sizes=\"auto, (max-width: 320px) 100vw, 320px\" \/><\/a> <a href=\"https:\/\/agora.xtec.cat\/iestorredelpalau\/wp-content\/uploads\/usu1331\/2022\/11\/8.png\"><img loading=\"lazy\" decoding=\"async\" class=\"aligncenter size-large wp-image-6489\" src=\"https:\/\/agora.xtec.cat\/iestorredelpalau\/wp-content\/uploads\/usu1331\/2022\/11\/8.png\" alt=\"\" width=\"299\" height=\"405\" srcset=\"https:\/\/agora.xtec.cat\/iestorredelpalau\/wp-content\/uploads\/usu1331\/2022\/11\/8.png 299w, https:\/\/agora.xtec.cat\/iestorredelpalau\/wp-content\/uploads\/usu1331\/2022\/11\/8-221x300.png 221w\" sizes=\"auto, (max-width: 299px) 100vw, 299px\" \/><\/a> <a href=\"https:\/\/agora.xtec.cat\/iestorredelpalau\/wp-content\/uploads\/usu1331\/2022\/11\/9.png\"><img loading=\"lazy\" decoding=\"async\" class=\"aligncenter size-large wp-image-6490\" src=\"https:\/\/agora.xtec.cat\/iestorredelpalau\/wp-content\/uploads\/usu1331\/2022\/11\/9.png\" alt=\"\" width=\"591\" height=\"350\" srcset=\"https:\/\/agora.xtec.cat\/iestorredelpalau\/wp-content\/uploads\/usu1331\/2022\/11\/9.png 591w, https:\/\/agora.xtec.cat\/iestorredelpalau\/wp-content\/uploads\/usu1331\/2022\/11\/9-300x178.png 300w\" sizes=\"auto, (max-width: 591px) 100vw, 591px\" \/><\/a> <a href=\"https:\/\/agora.xtec.cat\/iestorredelpalau\/wp-content\/uploads\/usu1331\/2022\/11\/10.png\"><img loading=\"lazy\" decoding=\"async\" class=\"aligncenter size-large wp-image-6491\" src=\"https:\/\/agora.xtec.cat\/iestorredelpalau\/wp-content\/uploads\/usu1331\/2022\/11\/10.png\" alt=\"\" width=\"328\" height=\"429\" srcset=\"https:\/\/agora.xtec.cat\/iestorredelpalau\/wp-content\/uploads\/usu1331\/2022\/11\/10.png 328w, https:\/\/agora.xtec.cat\/iestorredelpalau\/wp-content\/uploads\/usu1331\/2022\/11\/10-229x300.png 229w\" sizes=\"auto, (max-width: 328px) 100vw, 328px\" \/><\/a><\/p>\n","protected":false},"excerpt":{"rendered":"<p>Des del Departament de SOCIALS a 4t estem treballant la Mem\u00f2ria Hist\u00f2rica, la mem\u00f2ria dels oblidats, ven\u00e7uts i v\u00edctimes dels conflictes. Treballarem la Sho\u00e0\/Holocaust i la trag\u00e8dia d\u2019haver d\u2019emigrar per raons ideol\u00f2giques com ho van fer els republicans espanyols. Per a recordar els\u00a0milers de nens i joves\u00a0v\u00edctimes de la viol\u00e8ncia nazi hem plantat uns crocus [&hellip;]<\/p>\n","protected":false},"author":1,"featured_media":6490,"comment_status":"open","ping_status":"closed","sticky":false,"template":"","format":"standard","meta":{"_bbp_topic_count":0,"_bbp_reply_count":0,"_bbp_total_topic_count":0,"_bbp_total_reply_count":0,"_bbp_voice_count":0,"_bbp_anonymous_reply_count":0,"_bbp_topic_count_hidden":0,"_bbp_reply_count_hidden":0,"_bbp_forum_subforum_count":0,"site-sidebar-layout":"default","site-content-layout":"","ast-site-content-layout":"","site-content-style":"default","site-sidebar-style":"default","ast-global-header-display":"","ast-banner-title-visibility":"","ast-main-header-display":"","ast-hfb-above-header-display":"","ast-hfb-below-header-display":"","ast-hfb-mobile-header-display":"","site-post-title":"","ast-breadcrumbs-content":"","ast-featured-img":"","footer-sml-layout":"","theme-transparent-header-meta":"","adv-header-id-meta":"","stick-header-meta":"","header-above-stick-meta":"","header-main-stick-meta":"","header-below-stick-meta":"","astra-migrate-meta-layouts":"default","ast-page-background-enabled":"default","ast-page-background-meta":{"desktop":{"background-color":"var(--ast-global-color-4)","background-image":"","background-repeat":"repeat","background-position":"center center","background-size":"auto","background-attachment":"scroll","background-type":"","background-media":"","overlay-type":"","overlay-color":"","overlay-opacity":"","overlay-gradient":""},"tablet":{"background-color":"","background-image":"","background-repeat":"repeat","background-position":"center center","background-size":"auto","background-attachment":"scroll","background-type":"","background-media":"","overlay-type":"","overlay-color":"","overlay-opacity":"","overlay-gradient":""},"mobile":{"background-color":"","background-image":"","background-repeat":"repeat","background-position":"center center","background-size":"auto","background-attachment":"scroll","background-type":"","background-media":"","overlay-type":"","overlay-color":"","overlay-opacity":"","overlay-gradient":""}},"ast-content-background-meta":{"desktop":{"background-color":"var(--ast-global-color-5)","background-image":"","background-repeat":"repeat","background-position":"center center","background-size":"auto","background-attachment":"scroll","background-type":"","background-media":"","overlay-type":"","overlay-color":"","overlay-opacity":"","overlay-gradient":""},"tablet":{"background-color":"var(--ast-global-color-5)","background-image":"","background-repeat":"repeat","background-position":"center center","background-size":"auto","background-attachment":"scroll","background-type":"","background-media":"","overlay-type":"","overlay-color":"","overlay-opacity":"","overlay-gradient":""},"mobile":{"background-color":"var(--ast-global-color-5)","background-image":"","background-repeat":"repeat","background-position":"center center","background-size":"auto","background-attachment":"scroll","background-type":"","background-media":"","overlay-type":"","overlay-color":"","overlay-opacity":"","overlay-gradient":""}},"footnotes":""},"categories":[147,7,1,107,29],"tags":[93],"class_list":["post-6481","post","type-post","status-publish","format-standard","has-post-thumbnail","hentry","category-dep-socials","category-eso-4","category-general","category-noticies-del-centre","category-portada","tag-noticies-dactualitat-del-centre"],"post_mailing_queue_ids":[],"_links":{"self":[{"href":"https:\/\/agora.xtec.cat\/iestorredelpalau\/wp-json\/wp\/v2\/posts\/6481","targetHints":{"allow":["GET"]}}],"collection":[{"href":"https:\/\/agora.xtec.cat\/iestorredelpalau\/wp-json\/wp\/v2\/posts"}],"about":[{"href":"https:\/\/agora.xtec.cat\/iestorredelpalau\/wp-json\/wp\/v2\/types\/post"}],"author":[{"embeddable":true,"href":"https:\/\/agora.xtec.cat\/iestorredelpalau\/wp-json\/wp\/v2\/users\/1"}],"replies":[{"embeddable":true,"href":"https:\/\/agora.xtec.cat\/iestorredelpalau\/wp-json\/wp\/v2\/comments?post=6481"}],"version-history":[{"count":2,"href":"https:\/\/agora.xtec.cat\/iestorredelpalau\/wp-json\/wp\/v2\/posts\/6481\/revisions"}],"predecessor-version":[{"id":6493,"href":"https:\/\/agora.xtec.cat\/iestorredelpalau\/wp-json\/wp\/v2\/posts\/6481\/revisions\/6493"}],"wp:featuredmedia":[{"embeddable":true,"href":"https:\/\/agora.xtec.cat\/iestorredelpalau\/wp-json\/wp\/v2\/media\/6490"}],"wp:attachment":[{"href":"https:\/\/agora.xtec.cat\/iestorredelpalau\/wp-json\/wp\/v2\/media?parent=6481"}],"wp:term":[{"taxonomy":"category","embeddable":true,"href":"https:\/\/agora.xtec.cat\/iestorredelpalau\/wp-json\/wp\/v2\/categories?post=6481"},{"taxonomy":"post_tag","embeddable":true,"href":"https:\/\/agora.xtec.cat\/iestorredelpalau\/wp-json\/wp\/v2\/tags?post=6481"}],"curies":[{"name":"wp","href":"https:\/\/api.w.org\/{rel}","templated":true}]}}