{"id":6189,"date":"2022-07-13T16:26:57","date_gmt":"2022-07-13T14:26:57","guid":{"rendered":"https:\/\/agora.xtec.cat\/iestorredelpalau\/?p=6189"},"modified":"2022-07-13T16:26:57","modified_gmt":"2022-07-13T14:26:57","slug":"les-pau","status":"publish","type":"post","link":"https:\/\/agora.xtec.cat\/iestorredelpalau\/general\/les-pau\/","title":{"rendered":"Les PAU"},"content":{"rendered":"<p style=\"font-weight: 400; text-align: justify;\">Tres alumnes de segon de batxillerat han rebut el reconeixement de l&#8217;Ajuntament de Terrassa a l&#8217;excel\u00b7l\u00e8ncia de les PAU.<\/p>\n<p style=\"font-weight: 400; text-align: justify;\">Aquests alumnes s\u00f3n:<\/p>\n<p style=\"font-weight: 400; text-align: justify;\">Tom\u00e1s Bayle Valero que estudiar\u00e0 Ci\u00e8ncies Biom\u00e8diques, J\u00falia Cantudo Oviedo que estudiar\u00e0 Enginyeria Biom\u00e8dica i Lloren\u00e7 Casals Gimeno que estudiar\u00e0 Nanoci\u00e8ncia i Nanotecnologia.<\/p>\n<p style=\"font-weight: 400; text-align: justify;\">Volem felicitar-los i animar-los a aconseguir molts \u00e8xits en el seu futur acad\u00e8mic i professional.<\/p>\n<p><a href=\"https:\/\/www.diarideterrassa.com\/terrassa\/2022\/07\/13\/terrassa-selectivitat-alumnes\/\">https:\/\/www.diarideterrassa.com\/terrassa\/2022\/07\/13\/terrassa-selectivitat-alumnes\/<\/a><\/p>\n<p><a href=\"https:\/\/agora.xtec.cat\/iestorredelpalau\/wp-content\/uploads\/usu1331\/2022\/07\/IMG-9337-1-rotated.jpg\"><img loading=\"lazy\" decoding=\"async\" class=\"wp-image-6190 aligncenter\" src=\"https:\/\/agora.xtec.cat\/iestorredelpalau\/wp-content\/uploads\/usu1331\/2022\/07\/IMG-9337-1-768x1024.jpg\" alt=\"\" width=\"500\" height=\"666\" srcset=\"https:\/\/agora.xtec.cat\/iestorredelpalau\/wp-content\/uploads\/usu1331\/2022\/07\/IMG-9337-1-768x1024.jpg 768w, https:\/\/agora.xtec.cat\/iestorredelpalau\/wp-content\/uploads\/usu1331\/2022\/07\/IMG-9337-1-225x300.jpg 225w, https:\/\/agora.xtec.cat\/iestorredelpalau\/wp-content\/uploads\/usu1331\/2022\/07\/IMG-9337-1-1152x1536.jpg 1152w, https:\/\/agora.xtec.cat\/iestorredelpalau\/wp-content\/uploads\/usu1331\/2022\/07\/IMG-9337-1-rotated.jpg 1512w\" sizes=\"auto, (max-width: 500px) 100vw, 500px\" \/><\/a><\/p>\n<p>&nbsp;<\/p>\n","protected":false},"excerpt":{"rendered":"<p>Tres alumnes de segon de batxillerat han rebut el reconeixement de l&#8217;Ajuntament de Terrassa a l&#8217;excel\u00b7l\u00e8ncia de les PAU. Aquests alumnes s\u00f3n: Tom\u00e1s Bayle Valero que estudiar\u00e0 Ci\u00e8ncies Biom\u00e8diques, J\u00falia Cantudo Oviedo que estudiar\u00e0 Enginyeria Biom\u00e8dica i Lloren\u00e7 Casals Gimeno que estudiar\u00e0 Nanoci\u00e8ncia i Nanotecnologia. Volem felicitar-los i animar-los a aconseguir molts \u00e8xits en el [&hellip;]<\/p>\n","protected":false},"author":16,"featured_media":6190,"comment_status":"closed","ping_status":"closed","sticky":false,"template":"","format":"standard","meta":{"_bbp_topic_count":0,"_bbp_reply_count":0,"_bbp_total_topic_count":0,"_bbp_total_reply_count":0,"_bbp_voice_count":0,"_bbp_anonymous_reply_count":0,"_bbp_topic_count_hidden":0,"_bbp_reply_count_hidden":0,"_bbp_forum_subforum_count":0,"site-sidebar-layout":"default","site-content-layout":"","ast-site-content-layout":"","site-content-style":"default","site-sidebar-style":"default","ast-global-header-display":"","ast-banner-title-visibility":"","ast-main-header-display":"","ast-hfb-above-header-display":"","ast-hfb-below-header-display":"","ast-hfb-mobile-header-display":"","site-post-title":"","ast-breadcrumbs-content":"","ast-featured-img":"","footer-sml-layout":"","theme-transparent-header-meta":"","adv-header-id-meta":"","stick-header-meta":"","header-above-stick-meta":"","header-main-stick-meta":"","header-below-stick-meta":"","astra-migrate-meta-layouts":"default","ast-page-background-enabled":"default","ast-page-background-meta":{"desktop":{"background-color":"var(--ast-global-color-4)","background-image":"","background-repeat":"repeat","background-position":"center center","background-size":"auto","background-attachment":"scroll","background-type":"","background-media":"","overlay-type":"","overlay-color":"","overlay-opacity":"","overlay-gradient":""},"tablet":{"background-color":"","background-image":"","background-repeat":"repeat","background-position":"center center","background-size":"auto","background-attachment":"scroll","background-type":"","background-media":"","overlay-type":"","overlay-color":"","overlay-opacity":"","overlay-gradient":""},"mobile":{"background-color":"","background-image":"","background-repeat":"repeat","background-position":"center center","background-size":"auto","background-attachment":"scroll","background-type":"","background-media":"","overlay-type":"","overlay-color":"","overlay-opacity":"","overlay-gradient":""}},"ast-content-background-meta":{"desktop":{"background-color":"var(--ast-global-color-5)","background-image":"","background-repeat":"repeat","background-position":"center center","background-size":"auto","background-attachment":"scroll","background-type":"","background-media":"","overlay-type":"","overlay-color":"","overlay-opacity":"","overlay-gradient":""},"tablet":{"background-color":"var(--ast-global-color-5)","background-image":"","background-repeat":"repeat","background-position":"center center","background-size":"auto","background-attachment":"scroll","background-type":"","background-media":"","overlay-type":"","overlay-color":"","overlay-opacity":"","overlay-gradient":""},"mobile":{"background-color":"var(--ast-global-color-5)","background-image":"","background-repeat":"repeat","background-position":"center center","background-size":"auto","background-attachment":"scroll","background-type":"","background-media":"","overlay-type":"","overlay-color":"","overlay-opacity":"","overlay-gradient":""}},"footnotes":""},"categories":[8,1,107,29],"tags":[162],"class_list":["post-6189","post","type-post","status-publish","format-standard","has-post-thumbnail","hentry","category-batxillerat","category-general","category-noticies-del-centre","category-portada","tag-2n-batxillerat"],"post_mailing_queue_ids":[],"_links":{"self":[{"href":"https:\/\/agora.xtec.cat\/iestorredelpalau\/wp-json\/wp\/v2\/posts\/6189","targetHints":{"allow":["GET"]}}],"collection":[{"href":"https:\/\/agora.xtec.cat\/iestorredelpalau\/wp-json\/wp\/v2\/posts"}],"about":[{"href":"https:\/\/agora.xtec.cat\/iestorredelpalau\/wp-json\/wp\/v2\/types\/post"}],"author":[{"embeddable":true,"href":"https:\/\/agora.xtec.cat\/iestorredelpalau\/wp-json\/wp\/v2\/users\/16"}],"replies":[{"embeddable":true,"href":"https:\/\/agora.xtec.cat\/iestorredelpalau\/wp-json\/wp\/v2\/comments?post=6189"}],"version-history":[{"count":3,"href":"https:\/\/agora.xtec.cat\/iestorredelpalau\/wp-json\/wp\/v2\/posts\/6189\/revisions"}],"predecessor-version":[{"id":6193,"href":"https:\/\/agora.xtec.cat\/iestorredelpalau\/wp-json\/wp\/v2\/posts\/6189\/revisions\/6193"}],"wp:featuredmedia":[{"embeddable":true,"href":"https:\/\/agora.xtec.cat\/iestorredelpalau\/wp-json\/wp\/v2\/media\/6190"}],"wp:attachment":[{"href":"https:\/\/agora.xtec.cat\/iestorredelpalau\/wp-json\/wp\/v2\/media?parent=6189"}],"wp:term":[{"taxonomy":"category","embeddable":true,"href":"https:\/\/agora.xtec.cat\/iestorredelpalau\/wp-json\/wp\/v2\/categories?post=6189"},{"taxonomy":"post_tag","embeddable":true,"href":"https:\/\/agora.xtec.cat\/iestorredelpalau\/wp-json\/wp\/v2\/tags?post=6189"}],"curies":[{"name":"wp","href":"https:\/\/api.w.org\/{rel}","templated":true}]}}