{"id":6073,"date":"2022-06-02T10:42:49","date_gmt":"2022-06-02T08:42:49","guid":{"rendered":"https:\/\/agora.xtec.cat\/iestorredelpalau\/?p=6073"},"modified":"2022-06-02T10:42:49","modified_gmt":"2022-06-02T08:42:49","slug":"intercanvi-de-roba-sostenible-al-museu-textil-de-terrassa","status":"publish","type":"post","link":"https:\/\/agora.xtec.cat\/iestorredelpalau\/general\/intercanvi-de-roba-sostenible-al-museu-textil-de-terrassa\/","title":{"rendered":"Intercanvi de roba sostenible al Museu T\u00e8xtil de Terrassa"},"content":{"rendered":"<p>HOLA!<\/p>\n<p>VOLEU RECICLAR ROBA I CONTRIBUIR A UN M\u00d3N M\u00c9S SOSTENIBLE?<\/p>\n<p>ARA TENIU L\u2019OPORTUNITAT. EL DIA 5 JUNY PODEU PORTAR LA ROBA QUE JA NO US POSEU, AL MUSEU<br \/>\nT\u00c8XTIL DE TERRASSA (C\/Salmer\u00f3n, 25 Terrassa) de 10:00 a 11:00 I ALESHORES US ENTREGARAN UNS \u201cSWAPS\u201d<br \/>\n(UNES FITXES) PERQU\u00c8 POGUEU AGAFAR ALTRA ROBA QUE S\u00cd US INTERESSI EN EL MATEIX MOMENT, SENSE CAP COST.<\/p>\n<p>D\u2019AQUESTA MANERA CONTRIBUIREU A L\u2019ECONOMIA CIRCULAR I A REDUIR LA PETJADA ECOL\u00d2GICA QUE IMPLICA LA PRODUCCI\u00d3 DE ROBA.<\/p>\n<p>ANIMEU-VOS!<\/p>\n<p>En el full adjunt trobareu m\u00e9s informaci\u00f3. Gr\u00e0cies!<\/p>\n<p><a href=\"https:\/\/agora.xtec.cat\/iestorredelpalau\/wp-content\/uploads\/usu1331\/2022\/06\/CDMT-FAQ-y-VALOR-Junio-2.pdf\">______ CDMT FAQ y VALOR-Junio (2)<\/a><\/p>\n<p><a href=\"https:\/\/agora.xtec.cat\/iestorredelpalau\/wp-content\/uploads\/usu1331\/2022\/06\/CDMT-Junio-03.png\"><img loading=\"lazy\" decoding=\"async\" class=\"wp-image-6075 aligncenter\" src=\"https:\/\/agora.xtec.cat\/iestorredelpalau\/wp-content\/uploads\/usu1331\/2022\/06\/CDMT-Junio-03-821x1024.png\" alt=\"\" width=\"502\" height=\"626\" srcset=\"https:\/\/agora.xtec.cat\/iestorredelpalau\/wp-content\/uploads\/usu1331\/2022\/06\/CDMT-Junio-03-821x1024.png 821w, https:\/\/agora.xtec.cat\/iestorredelpalau\/wp-content\/uploads\/usu1331\/2022\/06\/CDMT-Junio-03-240x300.png 240w, https:\/\/agora.xtec.cat\/iestorredelpalau\/wp-content\/uploads\/usu1331\/2022\/06\/CDMT-Junio-03-768x958.png 768w, https:\/\/agora.xtec.cat\/iestorredelpalau\/wp-content\/uploads\/usu1331\/2022\/06\/CDMT-Junio-03-1231x1536.png 1231w, https:\/\/agora.xtec.cat\/iestorredelpalau\/wp-content\/uploads\/usu1331\/2022\/06\/CDMT-Junio-03-1641x2048.png 1641w\" sizes=\"auto, (max-width: 502px) 100vw, 502px\" \/><\/a><\/p>\n<p>&nbsp;<\/p>\n","protected":false},"excerpt":{"rendered":"<p>HOLA! VOLEU RECICLAR ROBA I CONTRIBUIR A UN M\u00d3N M\u00c9S SOSTENIBLE? ARA TENIU L\u2019OPORTUNITAT. EL DIA 5 JUNY PODEU PORTAR LA ROBA QUE JA NO US POSEU, AL MUSEU T\u00c8XTIL DE TERRASSA (C\/Salmer\u00f3n, 25 Terrassa) de 10:00 a 11:00 I ALESHORES US ENTREGARAN UNS \u201cSWAPS\u201d (UNES FITXES) PERQU\u00c8 POGUEU AGAFAR ALTRA ROBA QUE S\u00cd US [&hellip;]<\/p>\n","protected":false},"author":16,"featured_media":6075,"comment_status":"closed","ping_status":"closed","sticky":false,"template":"","format":"standard","meta":{"_bbp_topic_count":0,"_bbp_reply_count":0,"_bbp_total_topic_count":0,"_bbp_total_reply_count":0,"_bbp_voice_count":0,"_bbp_anonymous_reply_count":0,"_bbp_topic_count_hidden":0,"_bbp_reply_count_hidden":0,"_bbp_forum_subforum_count":0,"site-sidebar-layout":"default","site-content-layout":"","ast-site-content-layout":"","site-content-style":"default","site-sidebar-style":"default","ast-global-header-display":"","ast-banner-title-visibility":"","ast-main-header-display":"","ast-hfb-above-header-display":"","ast-hfb-below-header-display":"","ast-hfb-mobile-header-display":"","site-post-title":"","ast-breadcrumbs-content":"","ast-featured-img":"","footer-sml-layout":"","theme-transparent-header-meta":"","adv-header-id-meta":"","stick-header-meta":"","header-above-stick-meta":"","header-main-stick-meta":"","header-below-stick-meta":"","astra-migrate-meta-layouts":"default","ast-page-background-enabled":"default","ast-page-background-meta":{"desktop":{"background-color":"var(--ast-global-color-4)","background-image":"","background-repeat":"repeat","background-position":"center center","background-size":"auto","background-attachment":"scroll","background-type":"","background-media":"","overlay-type":"","overlay-color":"","overlay-opacity":"","overlay-gradient":""},"tablet":{"background-color":"","background-image":"","background-repeat":"repeat","background-position":"center center","background-size":"auto","background-attachment":"scroll","background-type":"","background-media":"","overlay-type":"","overlay-color":"","overlay-opacity":"","overlay-gradient":""},"mobile":{"background-color":"","background-image":"","background-repeat":"repeat","background-position":"center center","background-size":"auto","background-attachment":"scroll","background-type":"","background-media":"","overlay-type":"","overlay-color":"","overlay-opacity":"","overlay-gradient":""}},"ast-content-background-meta":{"desktop":{"background-color":"var(--ast-global-color-5)","background-image":"","background-repeat":"repeat","background-position":"center center","background-size":"auto","background-attachment":"scroll","background-type":"","background-media":"","overlay-type":"","overlay-color":"","overlay-opacity":"","overlay-gradient":""},"tablet":{"background-color":"var(--ast-global-color-5)","background-image":"","background-repeat":"repeat","background-position":"center center","background-size":"auto","background-attachment":"scroll","background-type":"","background-media":"","overlay-type":"","overlay-color":"","overlay-opacity":"","overlay-gradient":""},"mobile":{"background-color":"var(--ast-global-color-5)","background-image":"","background-repeat":"repeat","background-position":"center center","background-size":"auto","background-attachment":"scroll","background-type":"","background-media":"","overlay-type":"","overlay-color":"","overlay-opacity":"","overlay-gradient":""}},"footnotes":""},"categories":[1,107,29],"tags":[],"class_list":["post-6073","post","type-post","status-publish","format-standard","has-post-thumbnail","hentry","category-general","category-noticies-del-centre","category-portada"],"post_mailing_queue_ids":[],"_links":{"self":[{"href":"https:\/\/agora.xtec.cat\/iestorredelpalau\/wp-json\/wp\/v2\/posts\/6073","targetHints":{"allow":["GET"]}}],"collection":[{"href":"https:\/\/agora.xtec.cat\/iestorredelpalau\/wp-json\/wp\/v2\/posts"}],"about":[{"href":"https:\/\/agora.xtec.cat\/iestorredelpalau\/wp-json\/wp\/v2\/types\/post"}],"author":[{"embeddable":true,"href":"https:\/\/agora.xtec.cat\/iestorredelpalau\/wp-json\/wp\/v2\/users\/16"}],"replies":[{"embeddable":true,"href":"https:\/\/agora.xtec.cat\/iestorredelpalau\/wp-json\/wp\/v2\/comments?post=6073"}],"version-history":[{"count":1,"href":"https:\/\/agora.xtec.cat\/iestorredelpalau\/wp-json\/wp\/v2\/posts\/6073\/revisions"}],"predecessor-version":[{"id":6076,"href":"https:\/\/agora.xtec.cat\/iestorredelpalau\/wp-json\/wp\/v2\/posts\/6073\/revisions\/6076"}],"wp:featuredmedia":[{"embeddable":true,"href":"https:\/\/agora.xtec.cat\/iestorredelpalau\/wp-json\/wp\/v2\/media\/6075"}],"wp:attachment":[{"href":"https:\/\/agora.xtec.cat\/iestorredelpalau\/wp-json\/wp\/v2\/media?parent=6073"}],"wp:term":[{"taxonomy":"category","embeddable":true,"href":"https:\/\/agora.xtec.cat\/iestorredelpalau\/wp-json\/wp\/v2\/categories?post=6073"},{"taxonomy":"post_tag","embeddable":true,"href":"https:\/\/agora.xtec.cat\/iestorredelpalau\/wp-json\/wp\/v2\/tags?post=6073"}],"curies":[{"name":"wp","href":"https:\/\/api.w.org\/{rel}","templated":true}]}}