{"id":5919,"date":"2022-04-12T18:18:04","date_gmt":"2022-04-12T16:18:04","guid":{"rendered":"https:\/\/agora.xtec.cat\/iestorredelpalau\/?p=5919"},"modified":"2022-04-12T18:18:04","modified_gmt":"2022-04-12T16:18:04","slug":"taller-teixint-un-pensament-sostenible","status":"publish","type":"post","link":"https:\/\/agora.xtec.cat\/iestorredelpalau\/general\/taller-teixint-un-pensament-sostenible\/","title":{"rendered":"Taller \u201cTeixint un pensament sostenible\u201d"},"content":{"rendered":"<p><span style=\"font-weight: 400;\">Avui l\u2019Elena, conservadora del Museu T\u00e8xtil de Terrassa, la Irene, membre de \u201cRoba amiga\u201d, una fundaci\u00f3 privada sense \u00e0nim de lucre que genera llocs de feina per gent vulnerable i la Maria, una volunt\u00e0ria, ens han fet un taller de roba sostenible als de 3ESO que hem pogut enlla\u00e7ar amb el temari de geografia que hem fet al llarg del segon trimestre.<\/span><\/p>\n<p><span style=\"font-weight: 400;\">Primerament ens han fet una breu explicaci\u00f3 de les tasques que ens duen a terme en el Museu (tallers, xerrades, etc.) aix\u00ed com tamb\u00e9 la gran col\u00b7lecci\u00f3 de vestits antics del XIX endavant que tenen i l\u2019espl\u00e8ndida col\u00b7lecci\u00f3 de vestits modernistes que es llueixen durant l\u2019emblem\u00e0tica setmana Modernista que es celebra cada maig a Terrassa.<\/span><\/p>\n<p><span style=\"font-weight: 400;\">En segon lloc, la Irene s\u2019ha centrat a explicar l\u2019impacte mediambiental del m\u00f3n de la moda i d\u2019aquest consumisme desbocat que est\u00e0 tan de moda i que empenyi una part de la poblaci\u00f3 a ser consumistes impulsius de roba cada any o fins i tot cada temporada.<\/span><\/p>\n<p><span style=\"font-weight: 400;\">La ind\u00fastria de la confecci\u00f3 representa avui dia el 10% de les emissions mundials de CO2 a causa de la descentralitzaci\u00f3 de la manufactura, l\u2019energia utilitzada durant la seva producci\u00f3, fabricaci\u00f3 i transport de milions de peces de roba, a m\u00e9s a m\u00e9s, genera molta despesa d\u2019aigua (20% del total de desaprofitament d\u2019aigua) i de recursos de mat\u00e8ries primeres i, per \u00faltim, provoca tones de residus. Per fer-nos una idea: per fabricar uns texans es necessiten 7500 litres d\u2019aigua! Un altre exemple: cada any es tiren al contenidor (nom\u00e9s a Catalunya) unes 6000 tones de roba o, dit d\u2019una altra manera, cada dia es llen\u00e7a el pes de tres elefants! Una barbaritat.<\/span><\/p>\n<p><span style=\"font-weight: 400;\">No obstant aix\u00f2, dins d\u2019aquest negre escenari hi ha certa llum: empreses com \u201cEcofibra\u201d, una empresa que vol ser una soluci\u00f3 al greu problema. Amb els residus t\u00e8xtils fan panels d\u2019a\u00efllament t\u00e8rmic i ac\u00fastic. Les ponents ens han esperonat a comprar roba de segona m\u00e0 i mirar d\u2019estirar al m\u00e0xim la vida \u00fatil de la roba.<\/span><\/p>\n<p><span style=\"font-weight: 400;\">En l\u2019\u00faltima part del taller, els alumnes han jugat un joc de taula \u201cRecuperem la terra\u201d, en grups de 4. Ha estat molt interessant! Una manera l\u00fadica d\u2019aprendre sobre la nostra petjada ecol\u00f2gica a la Terra.<\/span><\/p>\n<p><span style=\"font-weight: 400;\">A mode de conclusi\u00f3, hem de recordar que la terra la gaudim en forma de pr\u00e9stec i que haurem de deixar igual o millor als nostres descendents. Si seguim amb aquest ritme de consumisme necessitarem aviat tres planetes terra. Inviable i urgent canviar de mirada!<\/span><\/p>\n<p><span style=\"font-weight: 400;\">Moltes gr\u00e0cies a l\u2019Elena, la Irene i la Maria per aquest taller tan inspirador!<\/span><\/p>\n<p><span style=\"font-weight: 400;\">Laia P, Neus F, Eva G \u2013 Professores de Socials de 3ESO.<\/span><\/p>\n\r\n\t<div class=\"slideshow_container slideshow_container_style-light\" style=\"height: 500px; \" data-slideshow-id=\"5913\" data-style-name=\"style-light\" data-style-version=\"2.3.1\" >\r\n\r\n\t\t\t\t\t<div class=\"slideshow_loading_icon\"><\/div>\r\n\t\t\r\n\t\t<div class=\"slideshow_content\" style=\"display: none;\">\r\n\r\n\t\t\t<div class=\"slideshow_view\">\r\n\t\t\t\t<div class=\"slideshow_slide slideshow_slide_image\">\r\n\t\t\t\t\t\t\t\t\t\t\t<img src=\"https:\/\/agora.xtec.cat\/iestorredelpalau\/wp-content\/uploads\/usu1331\/2022\/04\/IMG_20220406_125837-1.jpg\" alt=\"IMG_20220406_125837 (1)\" width=\"2080\" height=\"1560\" \/>\r\n\t\t\t\t\t\t\t\t\t\t<div class=\"slideshow_description_box slideshow_transparent\">\r\n\t\t\t\t\t\t\t\t\t\t\t\t\t\t\t\t\t<\/div>\r\n\t\t\t\t<\/div>\r\n\r\n\t\t\t\t\t\t<div style=\"clear: both;\"><\/div><\/div><div class=\"slideshow_view\">\r\n\t\t\t\t<div class=\"slideshow_slide slideshow_slide_image\">\r\n\t\t\t\t\t\t\t\t\t\t\t<img src=\"https:\/\/agora.xtec.cat\/iestorredelpalau\/wp-content\/uploads\/usu1331\/2022\/04\/IMG_20220406_133916-1.jpg\" alt=\"\" width=\"2080\" height=\"1560\" \/>\r\n\t\t\t\t\t\t\t\t\t\t<div class=\"slideshow_description_box slideshow_transparent\">\r\n\t\t\t\t\t\t\t\t\t\t\t\t\t\t\t\t\t<\/div>\r\n\t\t\t\t<\/div>\r\n\r\n\t\t\t\t\t\t<div style=\"clear: both;\"><\/div><\/div><div class=\"slideshow_view\">\r\n\t\t\t\t<div class=\"slideshow_slide slideshow_slide_image\">\r\n\t\t\t\t\t\t\t\t\t\t\t<img src=\"https:\/\/agora.xtec.cat\/iestorredelpalau\/wp-content\/uploads\/usu1331\/2022\/04\/IMG_20220406_132148-scaled.jpg\" alt=\"IMG_20220406_132148\" width=\"2560\" height=\"1920\" \/>\r\n\t\t\t\t\t\t\t\t\t\t<div class=\"slideshow_description_box slideshow_transparent\">\r\n\t\t\t\t\t\t\t\t\t\t\t\t\t\t\t\t\t<\/div>\r\n\t\t\t\t<\/div>\r\n\r\n\t\t\t\t\t\t<div style=\"clear: both;\"><\/div><\/div><div class=\"slideshow_view\">\r\n\t\t\t\t<div class=\"slideshow_slide slideshow_slide_image\">\r\n\t\t\t\t\t\t\t\t\t\t\t<img src=\"https:\/\/agora.xtec.cat\/iestorredelpalau\/wp-content\/uploads\/usu1331\/2022\/04\/IMG_20220406_125832-scaled.jpg\" alt=\"IMG_20220406_125832\" width=\"2560\" height=\"1920\" \/>\r\n\t\t\t\t\t\t\t\t\t\t<div class=\"slideshow_description_box slideshow_transparent\">\r\n\t\t\t\t\t\t\t\t\t\t\t\t\t\t\t\t\t<\/div>\r\n\t\t\t\t<\/div>\r\n\r\n\t\t\t\t\t\t<div style=\"clear: both;\"><\/div><\/div><div class=\"slideshow_view\">\r\n\t\t\t\t<div class=\"slideshow_slide slideshow_slide_image\">\r\n\t\t\t\t\t\t\t\t\t\t\t<img src=\"https:\/\/agora.xtec.cat\/iestorredelpalau\/wp-content\/uploads\/usu1331\/2022\/04\/IMG_20220406_131927-scaled.jpg\" alt=\"IMG_20220406_131927\" width=\"2560\" height=\"1920\" \/>\r\n\t\t\t\t\t\t\t\t\t\t<div class=\"slideshow_description_box slideshow_transparent\">\r\n\t\t\t\t\t\t\t\t\t\t\t\t\t\t\t\t\t<\/div>\r\n\t\t\t\t<\/div>\r\n\r\n\t\t\t\t\t\t<div style=\"clear: both;\"><\/div><\/div>\r\n\t\t<\/div>\r\n\r\n\t\t<div class=\"slideshow_controlPanel slideshow_transparent\" style=\"display: none;\"><ul><li class=\"slideshow_togglePlay\" data-play-text=\"Visualitza\" data-pause-text=\"Pausa\"><\/li><\/ul><\/div>\r\n\r\n\t\t<div class=\"slideshow_button slideshow_previous slideshow_transparent\" role=\"button\" data-previous-text=\"Anterior\" style=\"display: none;\"><\/div>\r\n\t\t<div class=\"slideshow_button slideshow_next slideshow_transparent\" role=\"button\" data-next-text=\"Seg\u00fcent\" style=\"display: none;\"><\/div>\r\n\r\n\t\t<div class=\"slideshow_pagination\" style=\"display: none;\" data-go-to-text=\"V\u00e9s a la diapositiva\"><div class=\"slideshow_pagination_center\"><\/div><\/div>\r\n\r\n\t\t<!-- WordPress Slideshow Version 2.3.1 -->\r\n\r\n\t\t\t<\/div>\r\n\r\n\n","protected":false},"excerpt":{"rendered":"<p>Avui l\u2019Elena, conservadora del Museu T\u00e8xtil de Terrassa, la Irene, membre de \u201cRoba amiga\u201d, una fundaci\u00f3 privada sense \u00e0nim de lucre que genera llocs de feina per gent vulnerable i la Maria, una volunt\u00e0ria, ens han fet un taller de roba sostenible als de 3ESO que hem pogut enlla\u00e7ar amb el temari de geografia que [&hellip;]<\/p>\n","protected":false},"author":16,"featured_media":5917,"comment_status":"closed","ping_status":"closed","sticky":false,"template":"","format":"standard","meta":{"_bbp_topic_count":0,"_bbp_reply_count":0,"_bbp_total_topic_count":0,"_bbp_total_reply_count":0,"_bbp_voice_count":0,"_bbp_anonymous_reply_count":0,"_bbp_topic_count_hidden":0,"_bbp_reply_count_hidden":0,"_bbp_forum_subforum_count":0,"site-sidebar-layout":"default","site-content-layout":"","ast-site-content-layout":"","site-content-style":"default","site-sidebar-style":"default","ast-global-header-display":"","ast-banner-title-visibility":"","ast-main-header-display":"","ast-hfb-above-header-display":"","ast-hfb-below-header-display":"","ast-hfb-mobile-header-display":"","site-post-title":"","ast-breadcrumbs-content":"","ast-featured-img":"","footer-sml-layout":"","theme-transparent-header-meta":"","adv-header-id-meta":"","stick-header-meta":"","header-above-stick-meta":"","header-main-stick-meta":"","header-below-stick-meta":"","astra-migrate-meta-layouts":"default","ast-page-background-enabled":"default","ast-page-background-meta":{"desktop":{"background-color":"var(--ast-global-color-4)","background-image":"","background-repeat":"repeat","background-position":"center center","background-size":"auto","background-attachment":"scroll","background-type":"","background-media":"","overlay-type":"","overlay-color":"","overlay-opacity":"","overlay-gradient":""},"tablet":{"background-color":"","background-image":"","background-repeat":"repeat","background-position":"center center","background-size":"auto","background-attachment":"scroll","background-type":"","background-media":"","overlay-type":"","overlay-color":"","overlay-opacity":"","overlay-gradient":""},"mobile":{"background-color":"","background-image":"","background-repeat":"repeat","background-position":"center center","background-size":"auto","background-attachment":"scroll","background-type":"","background-media":"","overlay-type":"","overlay-color":"","overlay-opacity":"","overlay-gradient":""}},"ast-content-background-meta":{"desktop":{"background-color":"var(--ast-global-color-5)","background-image":"","background-repeat":"repeat","background-position":"center center","background-size":"auto","background-attachment":"scroll","background-type":"","background-media":"","overlay-type":"","overlay-color":"","overlay-opacity":"","overlay-gradient":""},"tablet":{"background-color":"var(--ast-global-color-5)","background-image":"","background-repeat":"repeat","background-position":"center center","background-size":"auto","background-attachment":"scroll","background-type":"","background-media":"","overlay-type":"","overlay-color":"","overlay-opacity":"","overlay-gradient":""},"mobile":{"background-color":"var(--ast-global-color-5)","background-image":"","background-repeat":"repeat","background-position":"center center","background-size":"auto","background-attachment":"scroll","background-type":"","background-media":"","overlay-type":"","overlay-color":"","overlay-opacity":"","overlay-gradient":""}},"footnotes":""},"categories":[147,6,1,107,29],"tags":[132,164],"class_list":["post-5919","post","type-post","status-publish","format-standard","has-post-thumbnail","hentry","category-dep-socials","category-eso-3","category-general","category-noticies-del-centre","category-portada","tag-3reso","tag-departament-de-socials"],"post_mailing_queue_ids":[],"_links":{"self":[{"href":"https:\/\/agora.xtec.cat\/iestorredelpalau\/wp-json\/wp\/v2\/posts\/5919","targetHints":{"allow":["GET"]}}],"collection":[{"href":"https:\/\/agora.xtec.cat\/iestorredelpalau\/wp-json\/wp\/v2\/posts"}],"about":[{"href":"https:\/\/agora.xtec.cat\/iestorredelpalau\/wp-json\/wp\/v2\/types\/post"}],"author":[{"embeddable":true,"href":"https:\/\/agora.xtec.cat\/iestorredelpalau\/wp-json\/wp\/v2\/users\/16"}],"replies":[{"embeddable":true,"href":"https:\/\/agora.xtec.cat\/iestorredelpalau\/wp-json\/wp\/v2\/comments?post=5919"}],"version-history":[{"count":1,"href":"https:\/\/agora.xtec.cat\/iestorredelpalau\/wp-json\/wp\/v2\/posts\/5919\/revisions"}],"predecessor-version":[{"id":5920,"href":"https:\/\/agora.xtec.cat\/iestorredelpalau\/wp-json\/wp\/v2\/posts\/5919\/revisions\/5920"}],"wp:featuredmedia":[{"embeddable":true,"href":"https:\/\/agora.xtec.cat\/iestorredelpalau\/wp-json\/wp\/v2\/media\/5917"}],"wp:attachment":[{"href":"https:\/\/agora.xtec.cat\/iestorredelpalau\/wp-json\/wp\/v2\/media?parent=5919"}],"wp:term":[{"taxonomy":"category","embeddable":true,"href":"https:\/\/agora.xtec.cat\/iestorredelpalau\/wp-json\/wp\/v2\/categories?post=5919"},{"taxonomy":"post_tag","embeddable":true,"href":"https:\/\/agora.xtec.cat\/iestorredelpalau\/wp-json\/wp\/v2\/tags?post=5919"}],"curies":[{"name":"wp","href":"https:\/\/api.w.org\/{rel}","templated":true}]}}