{"id":5571,"date":"2022-03-08T17:02:30","date_gmt":"2022-03-08T16:02:30","guid":{"rendered":"https:\/\/agora.xtec.cat\/iestorredelpalau\/?p=5571"},"modified":"2022-03-25T12:00:38","modified_gmt":"2022-03-25T11:00:38","slug":"informacio-de-preinscripcio-eso-pel-curs-2022-2023","status":"publish","type":"post","link":"https:\/\/agora.xtec.cat\/iestorredelpalau\/general\/informacio-de-preinscripcio-eso-pel-curs-2022-2023\/","title":{"rendered":"INFORMACI\u00d3 de PREINSCRIPCI\u00d3  ESO  pel curs  2022\/2023"},"content":{"rendered":"<p><span style=\"font-size: 12px;\">L&#8217;institut ha preparat un resum informatiu que inclou els criteris, documentaci\u00f3 a presentar i calendari (segons la Resoluci\u00f3 EDU_464_2022, del 24 de febrer), i models de declaraci\u00f3 jurada.<\/span><\/p>\n<p><span style=\"font-size: 12px;\"><a href=\"https:\/\/drive.google.com\/file\/d\/1xPcrXA1vBvgcPWM9-uSSwL67acRYIW2N\/view?usp=sharing\">2022-2023 Preinscripci\u00f3 ESO &#8211; Criteris, documentaci\u00f3 a presentar i calendari &#8211; Resoluci\u00f3 EDU_464_2022, del 24 de febrer.<\/a><\/span><\/p>\n<p><span style=\"font-size: 12px;\"><a href=\"https:\/\/drive.google.com\/file\/d\/1eV8AMLkdbMeZLBvX36vjuElDFggzkSv6\/view?usp=sharing\">DECLARACI\u00d3 JURADA (NIF-adre\u00e7a)<\/a><\/span><\/p>\n<p><span style=\"font-size: 12px;\"><a href=\"https:\/\/drive.google.com\/file\/d\/1QYHRQzPUwoMipbpmmFroqr7WUDgg1Z9N\/view?usp=sharing\">DECLARACI\u00d3 JURADA (m\u00fasica)<\/a><\/span><\/p>\n<p><span style=\"font-size: 12px;\"><strong>Calendari\u00a0\u00a0de\u00a0\u00a0preinscripci\u00f3 \/ matriculaci\u00f3<\/strong><\/span><\/p>\n<p><a href=\"https:\/\/agora.xtec.cat\/iestorredelpalau\/wp-content\/uploads\/usu1331\/2022\/03\/1-1.jpg\"><img loading=\"lazy\" decoding=\"async\" class=\"size-full wp-image-5636 alignleft\" src=\"https:\/\/agora.xtec.cat\/iestorredelpalau\/wp-content\/uploads\/usu1331\/2022\/03\/1-1.jpg\" alt=\"\" width=\"650\" height=\"381\" srcset=\"https:\/\/agora.xtec.cat\/iestorredelpalau\/wp-content\/uploads\/usu1331\/2022\/03\/1-1.jpg 650w, https:\/\/agora.xtec.cat\/iestorredelpalau\/wp-content\/uploads\/usu1331\/2022\/03\/1-1-300x176.jpg 300w\" sizes=\"auto, (max-width: 650px) 100vw, 650px\" \/><\/a><\/p>\n<p>&nbsp;<\/p>\n<p>&nbsp;<\/p>\n<p>&nbsp;<\/p>\n<p>&nbsp;<\/p>\n<p>&nbsp;<\/p>\n<p>&nbsp;<\/p>\n<p>&nbsp;<\/p>\n<p>&nbsp;<\/p>\n<p>&nbsp;<\/p>\n<p>&nbsp;<\/p>\n<p>&nbsp;<\/p>\n<p>&nbsp;<\/p>\n<p>&nbsp;<\/p>\n<p>&nbsp;<\/p>\n<p style=\"font-weight: 400;\"><span style=\"font-size: 12px;\"><strong>Cita pr\u00e8via:<\/strong><\/span><\/p>\n<p style=\"font-weight: 400;\"><span style=\"font-size: 12px;\">Institut Torre del Palau<\/span><\/p>\n<p style=\"font-weight: 400;\"><span style=\"font-size: 12px;\"><a href=\"https:\/\/aplicacions.gestioeducativa.gencat.cat\/pls\/apex\/f?p=CITA_PREVIA:4::::4:P4_TIPUS_CALENDARI,P4_DOMINI:01_Oblig,08045011\" data-saferedirecturl=\"https:\/\/www.google.com\/url?q=https:\/\/aplicacions.gestioeducativa.gencat.cat\/pls\/apex\/f?p%3DCITA_PREVIA:4::::4:P4_TIPUS_CALENDARI,P4_DOMINI:01_Oblig,08045011&amp;source=gmail&amp;ust=1646841026063000&amp;usg=AOvVaw3_GKIPdhe5Ky2TpuIKd1RY\">https:\/\/aplicacions.gestioeducativa.gencat.cat\/pls\/apex\/f?p=CITA_PREVIA:4::::4:P4_TIPUS_CALENDARI,P4_DOMINI:01_Oblig,08045011<\/a><\/span><\/p>\n<p style=\"font-weight: 400;\"><span style=\"font-size: 12px;\">Punts d\u2019orientaci\u00f3 social \u2013 Ajuntament de Terrassa (per fam\u00edlies que precisen ajut per a fer la preinscripci\u00f3 telem\u00e0tica i l\u2019Institut ja t\u00e9 plenes les cites pr\u00e8vies)<\/span><\/p>\n<p style=\"font-weight: 400;\"><span style=\"font-size: 12px;\"><a href=\"https:\/\/www.terrassa.cat\/punts-orientacio-social\" data-saferedirecturl=\"https:\/\/www.google.com\/url?q=https:\/\/www.terrassa.cat\/punts-orientacio-social&amp;source=gmail&amp;ust=1646841026063000&amp;usg=AOvVaw3QZ00lVp-YKjgJPCUcV_Ti\">https:\/\/www.terrassa.cat\/punts-orientacio-social<\/a><\/span><\/p>\n<p style=\"font-weight: 400;\"><span style=\"font-size: 12px;\"><strong>Novetats:<\/strong><\/span><\/p>\n<ul>\n<li style=\"font-weight: 400;\"><span style=\"font-size: 12px;\">Des del curs passat totes les sol\u00b7licituds s\u00f3n en format telem\u00e0tic, per tant, no hi ha la possibilitat de full de preinscripci\u00f3 en paper.<\/span><\/li>\n<li style=\"font-weight: 400;\"><span style=\"font-size: 12px;\">No cal lliurar cap documentaci\u00f3 presencialment al centre educatiu que indiqueu en primera opci\u00f3.<\/span><\/li>\n<li style=\"font-weight: 400;\"><span style=\"font-size: 12px;\">Hi ha dos tipus de sol\u00b7licitud:<\/span><\/li>\n<\/ul>\n<p style=\"font-weight: 400;\"><span style=\"font-size: 12px;\">\u00fe\u00a0\u00a0\u00a0Electr\u00f2nica: cal identificaci\u00f3 digital<\/span><\/p>\n<p style=\"font-weight: 400;\"><span style=\"font-size: 12px;\">\u00fe\u00a0\u00a0\u00a0Suport inform\u00e0tic: sense identificaci\u00f3 digital<\/span><\/p>\n<ul>\n<li style=\"font-weight: 400;\"><span style=\"font-size: 12px;\">Consulta interadministrativa. Es recomana acceptar-ho per evitar haver de presentar documentaci\u00f3 dins un termini, que acostuma a ser curt.<\/span><\/li>\n<\/ul>\n<p style=\"font-weight: 400;\"><span style=\"font-size: 12px;\"><strong>\u00a0<\/strong><\/span><\/p>\n<p style=\"font-weight: 400;\"><span style=\"font-size: 12px;\"><strong>Qu\u00e8 em cal per omplir la sol\u00b7licitud?<\/strong><\/span><\/p>\n<p style=\"font-weight: 400;\"><span style=\"font-size: 12px;\">Hi ha dues opcions:<\/span><\/p>\n<ol>\n<li style=\"font-weight: 400;\"><span style=\"font-size: 12px;\"><u>SOL\u00b7LICITUD ELECTR\u00d2NICA<\/u>: Mitjan\u00e7ant certificat digital, com DNI electr\u00f2nic, Cl@ve, IdCat, etc. Si no es disposa de cap certificat, us en podeu generar un de forma f\u00e0cil, l\u2019idCat M\u00f2bil, us expliquem com:<\/span><\/li>\n<\/ol>\n<p style=\"font-weight: 400;\"><span style=\"font-size: 12px;\">Cal complir els requisits seg\u00fcents:<\/span><\/p>\n<ul>\n<li style=\"font-weight: 400;\"><span style=\"font-size: 12px;\">Ser major de 16 anys<\/span><\/li>\n<li style=\"font-weight: 400;\"><span style=\"font-size: 12px;\">Disposar de DNI\/NIE\/Passaport\/Doc identificador d\u2019un pa\u00eds de la UE o targeta de resid\u00e8ncia comunit\u00e0ria<\/span><\/li>\n<li style=\"font-weight: 400;\"><span style=\"font-size: 12px;\">Disposar d\u2019adre\u00e7a de correu electr\u00f2nic i un tel\u00e8fon m\u00f2bil a efectes d\u2019identificaci\u00f3 i contacte<\/span><\/li>\n<li style=\"font-weight: 400;\"><span style=\"font-size: 12px;\">Targeta sanit\u00e0ria per la teva identificaci\u00f3<\/span><\/li>\n<\/ul>\n<p style=\"font-weight: 400;\"><span style=\"font-size: 12px;\">Accediu a l\u2019adre\u00e7a\u00a0<a href=\"https:\/\/idcatmobil.seu.cat\/\" data-saferedirecturl=\"https:\/\/www.google.com\/url?q=https:\/\/idcatmobil.seu.cat\/&amp;source=gmail&amp;ust=1646841026064000&amp;usg=AOvVaw3doOuNa3nY3uF8c1SM32Ae\">https:\/\/id<\/a><a href=\"https:\/\/idcatmobil.seu.cat\/\" data-saferedirecturl=\"https:\/\/www.google.com\/url?q=https:\/\/idcatmobil.seu.cat\/&amp;source=gmail&amp;ust=1646841026064000&amp;usg=AOvVaw3doOuNa3nY3uF8c1SM32Ae\">catmobil.seu.cat\/<\/a>\u00a0i trobareu les instruccions pas a pas de com fer-ho.<\/span><\/p>\n<p style=\"font-weight: 400;\"><span style=\"font-size: 12px;\">Per utilitzar l\u2019idCAT M\u00f2bil nom\u00e9s cal introduir el n\u00famero de document d\u2019identitat i el n\u00famero de tel\u00e8fon m\u00f2bil en el web on calgui identificar-se electr\u00f2nicament per fer un tr\u00e0mit. Tot seguit es rep un missatge al tel\u00e8fon, que cont\u00e9 una clau d\u2019acc\u00e9s per introduir-la en el web. En aquest cas, al tr\u00e0mit de sol\u00b7licitud de preinscripci\u00f3.<\/span><\/p>\n<p style=\"font-weight: 400;\"><span style=\"font-size: 12px;\">Una vegada identificats, caldr\u00e0 entrar el\u00a0<em>n\u00famero d\u2019identificaci\u00f3 de l\u2019alumne\/a (IDALU)\u00a0<\/em>que us proporcionar\u00e0 l\u2019escola on est\u00e0 matriculat per poder recuperar les seves dades personals i acad\u00e8miques, omplir les prefer\u00e8ncies i enviar la sol\u00b7licitud. En la majoria de casos no caldr\u00e0 fer res m\u00e9s ni adjuntar cap tipus de documentaci\u00f3, donat que s\u2019haur\u00e0 fet l\u2019intercanvi de validaci\u00f3 de les vostres dades amb totes les administracions implicades.<\/span><\/p>\n<ol start=\"2\">\n<li style=\"font-weight: 400;\"><span style=\"font-size: 12px;\"><u>SOL\u00b7LICITUD EN SUPORT INFORM\u00c0TIC<\/u>: Caldr\u00e0 identificar l\u2019alumne\/a amb el seu<em>n\u00fam. d\u2019Identificaci\u00f3 d\u2019alumne\u00a0<\/em>i omplir el formulari, a l\u2019enviar-ho es far\u00e0 l\u2019intercanvi de dades amb les administracions implicades i adjuntar escanejada o fotografiada la documentaci\u00f3 d\u2019identificaci\u00f3 i filiaci\u00f3 (DNI, llibre de fam\u00edlia, etc), juntament amb la que al\u00b7legueu a efectes de barems i que no s\u2019hagi pogut validar.<\/span><\/li>\n<\/ol>\n<p style=\"font-weight: 400;\"><span style=\"font-size: 12px;\"><strong>\u00a0<\/strong><\/span><\/p>\n<p style=\"font-weight: 400;\"><span style=\"font-size: 12px;\"><strong>Puc presentar dues sol\u00b7licituds a dos centres diferents per uns mateixos estudis?\u00a0<\/strong>No, en cap cas. S\u2019ha de presentar una sola sol\u00b7licitud i indicar-hi per ordre de prefer\u00e8ncia els diferents centres als que us interessa inscriure la vostra filla o fill.<\/span><\/p>\n<p style=\"font-weight: 400;\"><span style=\"font-size: 12px;\"><strong>Si tinc dubtes omplint la sol\u00b7licitud on em puc adre\u00e7ar?\u00a0<\/strong>Podeu posar-vos en contacte telef\u00f2nic amb el centre que escolliu inscriure el vostre fill o filla en primera opci\u00f3, en horari d\u2019oficina, i us ajudaran a complimentar el proc\u00e9s.<\/span><\/p>\n<p style=\"font-weight: 400;\"><span style=\"font-size: 12px;\"><strong>Com puc saber els criteris pels barems i la seva puntuaci\u00f3?\u00a0<\/strong>Trobareu tota la informaci\u00f3 sobre criteris, calendari i la resta d\u2019informaci\u00f3 respecte el proc\u00e9s de preinscripci\u00f3 a la p\u00e0gina web\u00a0<a href=\"https:\/\/preinscripcio.gencat.cat\/ca\/inici\" data-saferedirecturl=\"https:\/\/www.google.com\/url?q=https:\/\/preinscripcio.gencat.cat\/ca\/inici&amp;source=gmail&amp;ust=1646841026064000&amp;usg=AOvVaw0-QrlKJXTg6a0QA5klgAH4\">https:\/\/preinscripcio.gencat.cat\/ca\/inici<\/a><\/span><\/p>\n<p style=\"font-weight: 400;\"><span style=\"font-size: 12px;\"><strong>\u00a0<\/strong><\/span><\/p>\n<p style=\"font-weight: 400;\"><span style=\"font-size: 12px;\"><strong>CONSIDERACIONS:<\/strong><\/span><\/p>\n<ul>\n<li style=\"font-weight: 400;\"><span style=\"font-size: 12px;\">Centre adscrit: Ve d\u2019un centre adscrit tot aquell alumnat de les seg\u00fcents escoles:<\/span><\/li>\n<\/ul>\n<table style=\"width: 69.7219%;\" width=\"549\">\n<tbody>\n<tr>\n<td style=\"width: 30.9783%;\" width=\"185\"><span style=\"font-size: 12px;\">L\u00cdNIES SECUND\u00c0RIA<\/span><\/td>\n<td style=\"width: 120.364%; text-align: center;\" colspan=\"2\" width=\"363\"><span style=\"font-size: 12px;\">L\u00cdNIES PRIM\u00c0RIA\u00a0\u00a0(altres adscripcions)<\/span><\/td>\n<\/tr>\n<tr>\n<td style=\"width: 30.9783%;\" width=\"185\"><span style=\"font-size: 12px;\">08045011\u00a0\u00a0\u00a0\u00a0\u00a0\u00a0Institut Torre del Palau<\/span><\/p>\n<p><span style=\"font-size: 12px;\">08046724\u00a0\u00a0\u00a0\u00a0\u00a0\u00a0Institut Montserrat Roig<\/span><\/p>\n<p><span style=\"font-size: 12px;\">08071196\u00a0\u00a0\u00a0\u00a0\u00a0\u00a0Institut Can Roca<\/span><\/td>\n<td style=\"width: 35.8123%;\" width=\"180\"><span style=\"font-size: 12px;\">08039665\u00a0\u00a0\u00a0\u00a0\u00a0\u00a0Escola Lanaspa-Giralt<\/span><\/p>\n<p><span style=\"font-size: 12px;\">08043437\u00a0\u00a0\u00a0\u00a0\u00a0\u00a0Escola Font de l&#8217;Alba<\/span><\/p>\n<p><span style=\"font-size: 12px;\">08044648\u00a0\u00a0\u00a0\u00a0\u00a0\u00a0Escola La Roda<\/span><\/p>\n<p><span style=\"font-size: 12px;\">08051306\u00a0\u00a0\u00a0\u00a0\u00a0\u00a0Escola Abat Marcet<\/span><\/td>\n<td style=\"width: 84.5512%;\" width=\"184\"><span style=\"font-size: 12px;\">08058465\u00a0\u00a0\u00a0\u00a0\u00a0\u00a0Escola Enxaneta<\/span><\/p>\n<p><span style=\"font-size: 12px;\">08065512\u00a0\u00a0\u00a0\u00a0\u00a0\u00a0Escola Serra de l&#8217;Obac<\/span><\/p>\n<p><span style=\"font-size: 12px;\">08067247\u00a0\u00a0\u00a0\u00a0\u00a0\u00a0Escola El Vapor<\/span><\/p>\n<p>&nbsp;<\/td>\n<\/tr>\n<\/tbody>\n<\/table>\n<ul>\n<li style=\"font-weight: 400;\"><span style=\"font-size: 12px;\">Domicili familiar o del lloc de treball:<\/span><\/li>\n<\/ul>\n<p style=\"font-weight: 400;\"><span style=\"font-size: 12px;\"><a href=\"http:\/\/emap.terrassa.cat\/mapGIS\/ambits\/\" data-saferedirecturl=\"https:\/\/www.google.com\/url?q=http:\/\/emap.terrassa.cat\/mapGIS\/ambits\/&amp;source=gmail&amp;ust=1646841026064000&amp;usg=AOvVaw1z9o3w2xc4jU6tViIAUEPK\">http:\/\/emap.terrassa.cat\/mapGIS\/ambits\/<\/a>\u00a0\u00a0web de l\u2019Ajuntament<\/span><\/p>\n<ul>\n<li style=\"font-weight: 400;\"><span style=\"font-size: 12px;\">Nova incorporaci\u00f3 al sistema educatiu: nom\u00e9s afecta a alumnat provinent de fora de Catalunya o que hi porta menys de 2 anys.<\/span><\/li>\n<\/ul>\n<p style=\"font-weight: 400;\"><span style=\"font-size: 12px;\"><strong>\u00a0<\/strong><\/span><\/p>\n<p style=\"font-weight: 400;\"><span style=\"font-size: 12px;\"><strong>INFORMACIONS I\/O RECOMANACIONS:<\/strong><\/span><\/p>\n<ul>\n<li style=\"font-weight: 400;\"><span style=\"font-size: 12px;\">Tenir fotografiada o escanejada la documentaci\u00f3 en el mateix dispositiu des d\u2019on es fa la sol\u00b7licitud.<\/span><\/li>\n<li style=\"font-weight: 400;\"><span style=\"font-size: 12px;\">El codi de centre del nostre Institut \u00e9s <strong>08045011<\/strong>\u00a0el necessitareu per indicar a quin centre voleu preinscriure-us.<\/span><\/li>\n<li style=\"font-weight: 400;\"><span style=\"font-size: 12px;\">Demaneu al vostre centre actual el N\u00fam. d\u2019Identificaci\u00f3 de l\u2019alumne (IDALU) per poder lligar la sol\u00b7licitud al seu expedient acad\u00e8mic i personal.<\/span><\/li>\n<li style=\"font-weight: 400;\"><span style=\"font-size: 12px;\">Cenyiu-vos al calendari establert, lliurar la sol\u00b7licitud o la documentaci\u00f3 fora de termini us fa perdre tots els drets d\u2019adscripci\u00f3 amb el risc que aix\u00f2 comporta de quedar-se sense pla\u00e7a al centre.<\/span><\/li>\n<\/ul>\n<p>&nbsp;<\/p>\n","protected":false},"excerpt":{"rendered":"<p>L&#8217;institut ha preparat un resum informatiu que inclou els criteris, documentaci\u00f3 a presentar i calendari (segons la Resoluci\u00f3 EDU_464_2022, del 24 de febrer), i models de declaraci\u00f3 jurada. 2022-2023 Preinscripci\u00f3 ESO &#8211; Criteris, documentaci\u00f3 a presentar i calendari &#8211; Resoluci\u00f3 EDU_464_2022, del 24 de febrer. DECLARACI\u00d3 JURADA (NIF-adre\u00e7a) DECLARACI\u00d3 JURADA (m\u00fasica) Calendari\u00a0\u00a0de\u00a0\u00a0preinscripci\u00f3 \/ matriculaci\u00f3 &nbsp; [&hellip;]<\/p>\n","protected":false},"author":1,"featured_media":5572,"comment_status":"closed","ping_status":"closed","sticky":false,"template":"","format":"standard","meta":{"_bbp_topic_count":0,"_bbp_reply_count":0,"_bbp_total_topic_count":0,"_bbp_total_reply_count":0,"_bbp_voice_count":0,"_bbp_anonymous_reply_count":0,"_bbp_topic_count_hidden":0,"_bbp_reply_count_hidden":0,"_bbp_forum_subforum_count":0,"site-sidebar-layout":"default","site-content-layout":"","ast-site-content-layout":"","site-content-style":"default","site-sidebar-style":"default","ast-global-header-display":"","ast-banner-title-visibility":"","ast-main-header-display":"","ast-hfb-above-header-display":"","ast-hfb-below-header-display":"","ast-hfb-mobile-header-display":"","site-post-title":"","ast-breadcrumbs-content":"","ast-featured-img":"","footer-sml-layout":"","theme-transparent-header-meta":"","adv-header-id-meta":"","stick-header-meta":"","header-above-stick-meta":"","header-main-stick-meta":"","header-below-stick-meta":"","astra-migrate-meta-layouts":"default","ast-page-background-enabled":"default","ast-page-background-meta":{"desktop":{"background-color":"var(--ast-global-color-4)","background-image":"","background-repeat":"repeat","background-position":"center center","background-size":"auto","background-attachment":"scroll","background-type":"","background-media":"","overlay-type":"","overlay-color":"","overlay-opacity":"","overlay-gradient":""},"tablet":{"background-color":"","background-image":"","background-repeat":"repeat","background-position":"center center","background-size":"auto","background-attachment":"scroll","background-type":"","background-media":"","overlay-type":"","overlay-color":"","overlay-opacity":"","overlay-gradient":""},"mobile":{"background-color":"","background-image":"","background-repeat":"repeat","background-position":"center center","background-size":"auto","background-attachment":"scroll","background-type":"","background-media":"","overlay-type":"","overlay-color":"","overlay-opacity":"","overlay-gradient":""}},"ast-content-background-meta":{"desktop":{"background-color":"var(--ast-global-color-5)","background-image":"","background-repeat":"repeat","background-position":"center center","background-size":"auto","background-attachment":"scroll","background-type":"","background-media":"","overlay-type":"","overlay-color":"","overlay-opacity":"","overlay-gradient":""},"tablet":{"background-color":"var(--ast-global-color-5)","background-image":"","background-repeat":"repeat","background-position":"center center","background-size":"auto","background-attachment":"scroll","background-type":"","background-media":"","overlay-type":"","overlay-color":"","overlay-opacity":"","overlay-gradient":""},"mobile":{"background-color":"var(--ast-global-color-5)","background-image":"","background-repeat":"repeat","background-position":"center center","background-size":"auto","background-attachment":"scroll","background-type":"","background-media":"","overlay-type":"","overlay-color":"","overlay-opacity":"","overlay-gradient":""}},"footnotes":""},"categories":[8,148,150,145,149,136,138,144,147,143,146,4,5,6,7,1,107,29],"tags":[],"class_list":["post-5571","post","type-post","status-publish","format-standard","has-post-thumbnail","hentry","category-batxillerat","category-dep-artistic","category-dep-arts-esceniques","category-dep-ciencies","category-dep-educacio-fisica","category-dep-idiomes","category-dep-llengues","category-dep-matematiques","category-dep-socials","category-dep-tecnologies","category-dep-visual-i-plastica","category-eso-1","category-eso-2","category-eso-3","category-eso-4","category-general","category-noticies-del-centre","category-portada"],"post_mailing_queue_ids":[],"_links":{"self":[{"href":"https:\/\/agora.xtec.cat\/iestorredelpalau\/wp-json\/wp\/v2\/posts\/5571","targetHints":{"allow":["GET"]}}],"collection":[{"href":"https:\/\/agora.xtec.cat\/iestorredelpalau\/wp-json\/wp\/v2\/posts"}],"about":[{"href":"https:\/\/agora.xtec.cat\/iestorredelpalau\/wp-json\/wp\/v2\/types\/post"}],"author":[{"embeddable":true,"href":"https:\/\/agora.xtec.cat\/iestorredelpalau\/wp-json\/wp\/v2\/users\/1"}],"replies":[{"embeddable":true,"href":"https:\/\/agora.xtec.cat\/iestorredelpalau\/wp-json\/wp\/v2\/comments?post=5571"}],"version-history":[{"count":2,"href":"https:\/\/agora.xtec.cat\/iestorredelpalau\/wp-json\/wp\/v2\/posts\/5571\/revisions"}],"predecessor-version":[{"id":5642,"href":"https:\/\/agora.xtec.cat\/iestorredelpalau\/wp-json\/wp\/v2\/posts\/5571\/revisions\/5642"}],"wp:featuredmedia":[{"embeddable":true,"href":"https:\/\/agora.xtec.cat\/iestorredelpalau\/wp-json\/wp\/v2\/media\/5572"}],"wp:attachment":[{"href":"https:\/\/agora.xtec.cat\/iestorredelpalau\/wp-json\/wp\/v2\/media?parent=5571"}],"wp:term":[{"taxonomy":"category","embeddable":true,"href":"https:\/\/agora.xtec.cat\/iestorredelpalau\/wp-json\/wp\/v2\/categories?post=5571"},{"taxonomy":"post_tag","embeddable":true,"href":"https:\/\/agora.xtec.cat\/iestorredelpalau\/wp-json\/wp\/v2\/tags?post=5571"}],"curies":[{"name":"wp","href":"https:\/\/api.w.org\/{rel}","templated":true}]}}