{"id":5539,"date":"2022-03-23T21:21:22","date_gmt":"2022-03-23T20:21:22","guid":{"rendered":"https:\/\/agora.xtec.cat\/iestorredelpalau\/?p=5539"},"modified":"2022-04-01T09:55:24","modified_gmt":"2022-04-01T07:55:24","slug":"concert-solidari","status":"publish","type":"post","link":"https:\/\/agora.xtec.cat\/iestorredelpalau\/general\/concert-solidari\/","title":{"rendered":"CONCERT SOLIDARI"},"content":{"rendered":"<p><span style=\"font-weight: 400;\">Enguany la CORAL torna a cantar a l\u2019Auditori i tornem a fer un concert solidari conjuntament amb la MASSA CORAL de Terrassa. El proper <\/span><span style=\"font-weight: 400;\">dissabte 26 de mar\u00e7<\/span><span style=\"font-weight: 400;\"> a les<\/span><b> 19h<\/b><span style=\"font-weight: 400;\"> cantarem perqu\u00e8 hi ha persones que a Costa d\u2019Ivori que no poden anar a l\u2019escola perqu\u00e8 o no hi ha edifici on fer classes, o no tenen pupitres, o les noies quan els ve la regla ja no van m\u00e9s a l&#8217;escola perqu\u00e8 no hi ha servei de latrines on poder canviar-se.<\/span><\/p>\n<p><span style=\"font-weight: 400;\">L\u2019enlla\u00e7 per comprar les entrades \u00e9s el seg\u00fcent:<\/span><\/p>\n<p><a href=\"https:\/\/www.entrapolis.com\/entradas\/ii-concert-solidari-tothom-a-lescola-passatge-ernest-lluch-1\"><span style=\"font-weight: 400;\">https:\/\/www.entrapolis.com\/entradas\/ii-concert-solidari-tothom-a-lescola-passatge-ernest-lluch-1<\/span><\/a><\/p>\n<p><b>Si no podeu venir, tenim fila zero! Podeu fer un donatiu!<\/b><\/p>\n<p><span style=\"font-weight: 400;\">L\u2019ONG SUMUM \u00e9s la ONG que opera al nord de\u00a0 Costa d\u2019Ivori, en una zona molt remota de la capital i a qui donarem els diners que recollirem. El dia del concert tamb\u00e9 hi ser\u00e0 present i ens explicaran el que fan all\u00e0.<\/span><\/p>\n<p><span style=\"font-weight: 400;\">Ens han demanat de recollir material escolar en bon estat, i especialment motxilles, de les que donen en les curses, per a que els nens puguin dur el seu material quan van a l\u2019escola. Tamb\u00e9 ens han demanat regles, guixos\u00a0 i material esportiu. Creiem per\u00f2 que el m\u00e9s f\u00e0cil de recollir i que menys pesa per dur-ho cap all\u00e0 s\u00f3n les motxilles. Recollim tot aquest material a l\u2019entrada del centre fins al dia del concert.<\/span><\/p>\n<p><span style=\"font-weight: 400;\">Adjuntem els cartells amb la informaci\u00f3.<\/span><\/p>\n<p><span style=\"font-weight: 400;\">ANIMEM A TOTHOM A VENIR I GAUDIR DE LA M\u00daSICA I FER TOTS ESCOLA, I PER QU\u00c8 NO? MILLORAR UNA MICA M\u00c9S AQUEST M\u00d3N ON NO TOTHOM T\u00c9 LES MATEIXES OPORTUNITATS.<\/span><\/p>\n<p><span style=\"font-weight: 400;\">Ben Cordialment<\/span><\/p>\n<p><span style=\"font-weight: 400;\">Jordi Cunillera, Helena Gallart i Sofia Royo. Professors\u00a0 de l&#8217;equip Coral.<\/span><\/p>\n<p><a href=\"https:\/\/agora.xtec.cat\/iestorredelpalau\/wp-content\/uploads\/usu1331\/2022\/03\/IMG_5988-1.png\"><img loading=\"lazy\" decoding=\"async\" class=\"wp-image-5540 aligncenter\" src=\"https:\/\/agora.xtec.cat\/iestorredelpalau\/wp-content\/uploads\/usu1331\/2022\/03\/IMG_5988-1.png\" alt=\"\" width=\"501\" height=\"708\" srcset=\"https:\/\/agora.xtec.cat\/iestorredelpalau\/wp-content\/uploads\/usu1331\/2022\/03\/IMG_5988-1.png 708w, https:\/\/agora.xtec.cat\/iestorredelpalau\/wp-content\/uploads\/usu1331\/2022\/03\/IMG_5988-1-212x300.png 212w\" sizes=\"auto, (max-width: 501px) 100vw, 501px\" \/><\/a><\/p>\n<p><a href=\"https:\/\/agora.xtec.cat\/iestorredelpalau\/wp-content\/uploads\/usu1331\/2022\/03\/IMG_6002.png\"><img loading=\"lazy\" decoding=\"async\" class=\"wp-image-5541 aligncenter\" src=\"https:\/\/agora.xtec.cat\/iestorredelpalau\/wp-content\/uploads\/usu1331\/2022\/03\/IMG_6002.png\" alt=\"\" width=\"502\" height=\"317\" srcset=\"https:\/\/agora.xtec.cat\/iestorredelpalau\/wp-content\/uploads\/usu1331\/2022\/03\/IMG_6002.png 1011w, https:\/\/agora.xtec.cat\/iestorredelpalau\/wp-content\/uploads\/usu1331\/2022\/03\/IMG_6002-300x190.png 300w, https:\/\/agora.xtec.cat\/iestorredelpalau\/wp-content\/uploads\/usu1331\/2022\/03\/IMG_6002-768x485.png 768w\" sizes=\"auto, (max-width: 502px) 100vw, 502px\" \/><\/a><\/p>\n","protected":false},"excerpt":{"rendered":"<p>Enguany la CORAL torna a cantar a l\u2019Auditori i tornem a fer un concert solidari conjuntament amb la MASSA CORAL de Terrassa. El proper dissabte 26 de mar\u00e7 a les 19h cantarem perqu\u00e8 hi ha persones que a Costa d\u2019Ivori que no poden anar a l\u2019escola perqu\u00e8 o no hi ha edifici on fer classes, [&hellip;]<\/p>\n","protected":false},"author":16,"featured_media":5540,"comment_status":"closed","ping_status":"closed","sticky":false,"template":"","format":"standard","meta":{"_bbp_topic_count":0,"_bbp_reply_count":0,"_bbp_total_topic_count":0,"_bbp_total_reply_count":0,"_bbp_voice_count":0,"_bbp_anonymous_reply_count":0,"_bbp_topic_count_hidden":0,"_bbp_reply_count_hidden":0,"_bbp_forum_subforum_count":0,"site-sidebar-layout":"default","site-content-layout":"","ast-site-content-layout":"","site-content-style":"default","site-sidebar-style":"default","ast-global-header-display":"","ast-banner-title-visibility":"","ast-main-header-display":"","ast-hfb-above-header-display":"","ast-hfb-below-header-display":"","ast-hfb-mobile-header-display":"","site-post-title":"","ast-breadcrumbs-content":"","ast-featured-img":"","footer-sml-layout":"","theme-transparent-header-meta":"","adv-header-id-meta":"","stick-header-meta":"","header-above-stick-meta":"","header-main-stick-meta":"","header-below-stick-meta":"","astra-migrate-meta-layouts":"default","ast-page-background-enabled":"default","ast-page-background-meta":{"desktop":{"background-color":"var(--ast-global-color-4)","background-image":"","background-repeat":"repeat","background-position":"center center","background-size":"auto","background-attachment":"scroll","background-type":"","background-media":"","overlay-type":"","overlay-color":"","overlay-opacity":"","overlay-gradient":""},"tablet":{"background-color":"","background-image":"","background-repeat":"repeat","background-position":"center center","background-size":"auto","background-attachment":"scroll","background-type":"","background-media":"","overlay-type":"","overlay-color":"","overlay-opacity":"","overlay-gradient":""},"mobile":{"background-color":"","background-image":"","background-repeat":"repeat","background-position":"center center","background-size":"auto","background-attachment":"scroll","background-type":"","background-media":"","overlay-type":"","overlay-color":"","overlay-opacity":"","overlay-gradient":""}},"ast-content-background-meta":{"desktop":{"background-color":"var(--ast-global-color-5)","background-image":"","background-repeat":"repeat","background-position":"center center","background-size":"auto","background-attachment":"scroll","background-type":"","background-media":"","overlay-type":"","overlay-color":"","overlay-opacity":"","overlay-gradient":""},"tablet":{"background-color":"var(--ast-global-color-5)","background-image":"","background-repeat":"repeat","background-position":"center center","background-size":"auto","background-attachment":"scroll","background-type":"","background-media":"","overlay-type":"","overlay-color":"","overlay-opacity":"","overlay-gradient":""},"mobile":{"background-color":"var(--ast-global-color-5)","background-image":"","background-repeat":"repeat","background-position":"center center","background-size":"auto","background-attachment":"scroll","background-type":"","background-media":"","overlay-type":"","overlay-color":"","overlay-opacity":"","overlay-gradient":""}},"footnotes":""},"categories":[1,107,29],"tags":[179],"class_list":["post-5539","post","type-post","status-publish","format-standard","has-post-thumbnail","hentry","category-general","category-noticies-del-centre","category-portada","tag-la-coral"],"post_mailing_queue_ids":[],"_links":{"self":[{"href":"https:\/\/agora.xtec.cat\/iestorredelpalau\/wp-json\/wp\/v2\/posts\/5539","targetHints":{"allow":["GET"]}}],"collection":[{"href":"https:\/\/agora.xtec.cat\/iestorredelpalau\/wp-json\/wp\/v2\/posts"}],"about":[{"href":"https:\/\/agora.xtec.cat\/iestorredelpalau\/wp-json\/wp\/v2\/types\/post"}],"author":[{"embeddable":true,"href":"https:\/\/agora.xtec.cat\/iestorredelpalau\/wp-json\/wp\/v2\/users\/16"}],"replies":[{"embeddable":true,"href":"https:\/\/agora.xtec.cat\/iestorredelpalau\/wp-json\/wp\/v2\/comments?post=5539"}],"version-history":[{"count":2,"href":"https:\/\/agora.xtec.cat\/iestorredelpalau\/wp-json\/wp\/v2\/posts\/5539\/revisions"}],"predecessor-version":[{"id":5770,"href":"https:\/\/agora.xtec.cat\/iestorredelpalau\/wp-json\/wp\/v2\/posts\/5539\/revisions\/5770"}],"wp:featuredmedia":[{"embeddable":true,"href":"https:\/\/agora.xtec.cat\/iestorredelpalau\/wp-json\/wp\/v2\/media\/5540"}],"wp:attachment":[{"href":"https:\/\/agora.xtec.cat\/iestorredelpalau\/wp-json\/wp\/v2\/media?parent=5539"}],"wp:term":[{"taxonomy":"category","embeddable":true,"href":"https:\/\/agora.xtec.cat\/iestorredelpalau\/wp-json\/wp\/v2\/categories?post=5539"},{"taxonomy":"post_tag","embeddable":true,"href":"https:\/\/agora.xtec.cat\/iestorredelpalau\/wp-json\/wp\/v2\/tags?post=5539"}],"curies":[{"name":"wp","href":"https:\/\/api.w.org\/{rel}","templated":true}]}}