{"id":5508,"date":"2022-02-23T08:46:45","date_gmt":"2022-02-23T07:46:45","guid":{"rendered":"https:\/\/agora.xtec.cat\/iestorredelpalau\/?p=5508"},"modified":"2022-02-23T08:47:23","modified_gmt":"2022-02-23T07:47:23","slug":"la-coral-i-long-sumum","status":"publish","type":"post","link":"https:\/\/agora.xtec.cat\/iestorredelpalau\/general\/la-coral-i-long-sumum\/","title":{"rendered":"LA CORAL I L&#8217;ONG SUMUM"},"content":{"rendered":"<p><b>La CORAL xerra amb l&#8217;ONG SUMUM<\/b><\/p>\n<p><span style=\"font-weight: 400;\">Fa uns dies la CORAL va fer una videoconfer\u00e8ncia amb l\u2019<\/span><a href=\"https:\/\/www.ongsumum.com\/\"><span style=\"font-weight: 400;\">ONG SUMUM<\/span><\/a><span style=\"font-weight: 400;\">, qui va explicar als cantaires tota la tasca que fan a Costa d\u2019Ivori per millorar el dret a l\u2019educaci\u00f3 als nens i dones d\u2019all\u00e0. I \u00e9s que la CORAL es troba immersa en els preparatius del concert solidari que far\u00e0 el <\/span><a href=\"https:\/\/www.terrassamusicaclassica.cat\/ca\/programacio\/2022-3-26.html\"><span style=\"font-weight: 400;\">26 de mar\u00e7 a l\u2019Auditori de Terrassa<\/span><\/a><span style=\"font-weight: 400;\"> en benefici d\u2019aquesta ONG. Podeu adquirir ja les vostres entrades a <\/span><a href=\"https:\/\/www.entrapolis.com\/entrades\/ii-concert-solidari-tothom-a-lescola-passatge-ernest-lluch-1\"><span style=\"font-weight: 400;\">entrapolis.com<\/span><\/a><span style=\"font-weight: 400;\">! Tamb\u00e9 hi ha <\/span><a href=\"https:\/\/www.entrapolis.com\/entradas\/fila-zero-ii-concert-solidari-tothom-a-lescola\"><span style=\"font-weight: 400;\">fila zero<\/span><\/a><span style=\"font-weight: 400;\"> per donatius! #terrassaciutatcoral #coraltdp #instorredelpalau\u00a0<\/span><\/p>\n<p><span style=\"font-weight: 400;\">Jordi Cunillera, Helena Gallart, Sofia Royo. Professorat responsable.<\/span><\/p>\n<p>Moltes gr\u00e0cies!!!!<\/p>\n<p><span style=\"font-weight: 400;\"><a href=\"https:\/\/agora.xtec.cat\/iestorredelpalau\/wp-content\/uploads\/usu1331\/2022\/02\/49DFCAEE-C71B-414D-988B-F829F8BF3CE6.jpg\"><img loading=\"lazy\" decoding=\"async\" class=\"size-large wp-image-5509 aligncenter\" src=\"https:\/\/agora.xtec.cat\/iestorredelpalau\/wp-content\/uploads\/usu1331\/2022\/02\/49DFCAEE-C71B-414D-988B-F829F8BF3CE6-819x1024.jpg\" alt=\"\" width=\"819\" height=\"1024\" srcset=\"https:\/\/agora.xtec.cat\/iestorredelpalau\/wp-content\/uploads\/usu1331\/2022\/02\/49DFCAEE-C71B-414D-988B-F829F8BF3CE6-819x1024.jpg 819w, https:\/\/agora.xtec.cat\/iestorredelpalau\/wp-content\/uploads\/usu1331\/2022\/02\/49DFCAEE-C71B-414D-988B-F829F8BF3CE6-240x300.jpg 240w, https:\/\/agora.xtec.cat\/iestorredelpalau\/wp-content\/uploads\/usu1331\/2022\/02\/49DFCAEE-C71B-414D-988B-F829F8BF3CE6-768x960.jpg 768w, https:\/\/agora.xtec.cat\/iestorredelpalau\/wp-content\/uploads\/usu1331\/2022\/02\/49DFCAEE-C71B-414D-988B-F829F8BF3CE6-1229x1536.jpg 1229w, https:\/\/agora.xtec.cat\/iestorredelpalau\/wp-content\/uploads\/usu1331\/2022\/02\/49DFCAEE-C71B-414D-988B-F829F8BF3CE6.jpg 1242w\" sizes=\"auto, (max-width: 819px) 100vw, 819px\" \/><\/a><\/span><\/p>\n","protected":false},"excerpt":{"rendered":"<p>La CORAL xerra amb l&#8217;ONG SUMUM Fa uns dies la CORAL va fer una videoconfer\u00e8ncia amb l\u2019ONG SUMUM, qui va explicar als cantaires tota la tasca que fan a Costa d\u2019Ivori per millorar el dret a l\u2019educaci\u00f3 als nens i dones d\u2019all\u00e0. I \u00e9s que la CORAL es troba immersa en els preparatius del concert [&hellip;]<\/p>\n","protected":false},"author":16,"featured_media":5509,"comment_status":"closed","ping_status":"closed","sticky":false,"template":"","format":"standard","meta":{"_bbp_topic_count":0,"_bbp_reply_count":0,"_bbp_total_topic_count":0,"_bbp_total_reply_count":0,"_bbp_voice_count":0,"_bbp_anonymous_reply_count":0,"_bbp_topic_count_hidden":0,"_bbp_reply_count_hidden":0,"_bbp_forum_subforum_count":0,"site-sidebar-layout":"default","site-content-layout":"","ast-site-content-layout":"","site-content-style":"default","site-sidebar-style":"default","ast-global-header-display":"","ast-banner-title-visibility":"","ast-main-header-display":"","ast-hfb-above-header-display":"","ast-hfb-below-header-display":"","ast-hfb-mobile-header-display":"","site-post-title":"","ast-breadcrumbs-content":"","ast-featured-img":"","footer-sml-layout":"","theme-transparent-header-meta":"","adv-header-id-meta":"","stick-header-meta":"","header-above-stick-meta":"","header-main-stick-meta":"","header-below-stick-meta":"","astra-migrate-meta-layouts":"default","ast-page-background-enabled":"default","ast-page-background-meta":{"desktop":{"background-color":"var(--ast-global-color-4)","background-image":"","background-repeat":"repeat","background-position":"center center","background-size":"auto","background-attachment":"scroll","background-type":"","background-media":"","overlay-type":"","overlay-color":"","overlay-opacity":"","overlay-gradient":""},"tablet":{"background-color":"","background-image":"","background-repeat":"repeat","background-position":"center center","background-size":"auto","background-attachment":"scroll","background-type":"","background-media":"","overlay-type":"","overlay-color":"","overlay-opacity":"","overlay-gradient":""},"mobile":{"background-color":"","background-image":"","background-repeat":"repeat","background-position":"center center","background-size":"auto","background-attachment":"scroll","background-type":"","background-media":"","overlay-type":"","overlay-color":"","overlay-opacity":"","overlay-gradient":""}},"ast-content-background-meta":{"desktop":{"background-color":"var(--ast-global-color-5)","background-image":"","background-repeat":"repeat","background-position":"center center","background-size":"auto","background-attachment":"scroll","background-type":"","background-media":"","overlay-type":"","overlay-color":"","overlay-opacity":"","overlay-gradient":""},"tablet":{"background-color":"var(--ast-global-color-5)","background-image":"","background-repeat":"repeat","background-position":"center center","background-size":"auto","background-attachment":"scroll","background-type":"","background-media":"","overlay-type":"","overlay-color":"","overlay-opacity":"","overlay-gradient":""},"mobile":{"background-color":"var(--ast-global-color-5)","background-image":"","background-repeat":"repeat","background-position":"center center","background-size":"auto","background-attachment":"scroll","background-type":"","background-media":"","overlay-type":"","overlay-color":"","overlay-opacity":"","overlay-gradient":""}},"footnotes":""},"categories":[150,1,107,29],"tags":[],"class_list":["post-5508","post","type-post","status-publish","format-standard","has-post-thumbnail","hentry","category-dep-arts-esceniques","category-general","category-noticies-del-centre","category-portada"],"post_mailing_queue_ids":[],"_links":{"self":[{"href":"https:\/\/agora.xtec.cat\/iestorredelpalau\/wp-json\/wp\/v2\/posts\/5508","targetHints":{"allow":["GET"]}}],"collection":[{"href":"https:\/\/agora.xtec.cat\/iestorredelpalau\/wp-json\/wp\/v2\/posts"}],"about":[{"href":"https:\/\/agora.xtec.cat\/iestorredelpalau\/wp-json\/wp\/v2\/types\/post"}],"author":[{"embeddable":true,"href":"https:\/\/agora.xtec.cat\/iestorredelpalau\/wp-json\/wp\/v2\/users\/16"}],"replies":[{"embeddable":true,"href":"https:\/\/agora.xtec.cat\/iestorredelpalau\/wp-json\/wp\/v2\/comments?post=5508"}],"version-history":[{"count":2,"href":"https:\/\/agora.xtec.cat\/iestorredelpalau\/wp-json\/wp\/v2\/posts\/5508\/revisions"}],"predecessor-version":[{"id":5511,"href":"https:\/\/agora.xtec.cat\/iestorredelpalau\/wp-json\/wp\/v2\/posts\/5508\/revisions\/5511"}],"wp:featuredmedia":[{"embeddable":true,"href":"https:\/\/agora.xtec.cat\/iestorredelpalau\/wp-json\/wp\/v2\/media\/5509"}],"wp:attachment":[{"href":"https:\/\/agora.xtec.cat\/iestorredelpalau\/wp-json\/wp\/v2\/media?parent=5508"}],"wp:term":[{"taxonomy":"category","embeddable":true,"href":"https:\/\/agora.xtec.cat\/iestorredelpalau\/wp-json\/wp\/v2\/categories?post=5508"},{"taxonomy":"post_tag","embeddable":true,"href":"https:\/\/agora.xtec.cat\/iestorredelpalau\/wp-json\/wp\/v2\/tags?post=5508"}],"curies":[{"name":"wp","href":"https:\/\/api.w.org\/{rel}","templated":true}]}}