{"id":5343,"date":"2022-01-30T18:21:58","date_gmt":"2022-01-30T17:21:58","guid":{"rendered":"https:\/\/agora.xtec.cat\/iestorredelpalau\/?p=5343"},"modified":"2022-01-30T18:21:58","modified_gmt":"2022-01-30T17:21:58","slug":"quiteria-tarrago-1896-1980","status":"publish","type":"post","link":"https:\/\/agora.xtec.cat\/iestorredelpalau\/general\/quiteria-tarrago-1896-1980\/","title":{"rendered":"Quit\u00e8ria Tarrag\u00f3 (1896-1980)"},"content":{"rendered":"<p>El passat mes de desembre els alumnes de batxillerat (Hist\u00f2ria d\u2019Espanya XIX-XX) van tenir l\u2019oportunitat de veure l\u2019exposici\u00f3 de la Quit\u00e8ria Tarrag\u00f3. D\u2019aquesta manera van poder fer un tastet del que seria el seg\u00fcent tema de la Segona Rep\u00fablica tot veient l\u2019exposici\u00f3 situada en el nostre institut.<\/p>\n<p>La Quit\u00e8ria fou una llevadora catalana, sindicalista, pol\u00edtica i primera regidora de l\u2019Ajuntament de Terrassa en l\u2019\u00e8poca de la Segona Rep\u00fablica. Una rep\u00fablica molt avan\u00e7ada en el seu temps.<\/p>\n<p>Aquesta dona exemplar, i que ha passat desapercebuda fins el 2020, va lluitar per l\u2019emancipaci\u00f3 femenina en una societat patriarcal, aix\u00ed com tamb\u00e9 va intentar dignificar la professi\u00f3 sanit\u00e0ria tot defensant la igualtat salarial en un m\u00f3n molt patriarcal.<\/p>\n<p>Va ser tan agosarada com parlar de l\u2019explotaci\u00f3 sexual femenina, la cosificaci\u00f3 de les dones. Certament una dona avan\u00e7ada en el seu temps i molt valenta tenint en compte l\u2019allau de cr\u00edtiques que va rebre des de diversos mitjans de comunicaci\u00f3 locals.<\/p>\n<p>Un cop liquidada la Segona Rep\u00fablica, pat\u00ed un consell de guerra il\u00b7legal que la condemn\u00e0 a 12 anys de reclusi\u00f3 menor. Mai m\u00e9s va poder tornar a Terrassa. Finalment va refer la seva vida a Barcelona.<\/p>\n<p>Aix\u00ed veiem com Quit\u00e8ria va patir una doble repressi\u00f3: pol\u00edtica i de g\u00e8nere. Una injust\u00edcia que es va saldar al mar\u00e7 del 2020 a Terrassa. Aquella ciutat que li neg\u00e0 l\u2019entrada quan va patir el consell de guerra, ara saldava un deute moral amb ella despr\u00e9s de gaireb\u00e9 60 anys des de la seva mort, tot fent-li un reconeixement per la seva gran tasca social, lliure i igualit\u00e0ria.<\/p>\n<p>Dep. Socials \u2013 Teresa Rodr\u00edguez i Eva Giner<\/p>\n<p><a href=\"https:\/\/agora.xtec.cat\/iestorredelpalau\/wp-content\/uploads\/usu1331\/2022\/01\/Captura1.png\"><img loading=\"lazy\" decoding=\"async\" class=\"alignleft  wp-image-5349\" src=\"https:\/\/agora.xtec.cat\/iestorredelpalau\/wp-content\/uploads\/usu1331\/2022\/01\/Captura1.png\" alt=\"\" width=\"411\" height=\"848\" srcset=\"https:\/\/agora.xtec.cat\/iestorredelpalau\/wp-content\/uploads\/usu1331\/2022\/01\/Captura1.png 425w, https:\/\/agora.xtec.cat\/iestorredelpalau\/wp-content\/uploads\/usu1331\/2022\/01\/Captura1-145x300.png 145w\" sizes=\"auto, (max-width: 411px) 100vw, 411px\" \/><\/a> <a href=\"https:\/\/agora.xtec.cat\/iestorredelpalau\/wp-content\/uploads\/usu1331\/2022\/01\/Captura2.png\"><img loading=\"lazy\" decoding=\"async\" class=\"alignleft  wp-image-5348\" src=\"https:\/\/agora.xtec.cat\/iestorredelpalau\/wp-content\/uploads\/usu1331\/2022\/01\/Captura2.png\" alt=\"\" width=\"420\" height=\"370\" srcset=\"https:\/\/agora.xtec.cat\/iestorredelpalau\/wp-content\/uploads\/usu1331\/2022\/01\/Captura2.png 924w, https:\/\/agora.xtec.cat\/iestorredelpalau\/wp-content\/uploads\/usu1331\/2022\/01\/Captura2-300x265.png 300w, https:\/\/agora.xtec.cat\/iestorredelpalau\/wp-content\/uploads\/usu1331\/2022\/01\/Captura2-768x677.png 768w\" sizes=\"auto, (max-width: 420px) 100vw, 420px\" \/><\/a> <a href=\"https:\/\/agora.xtec.cat\/iestorredelpalau\/wp-content\/uploads\/usu1331\/2022\/01\/Captura3.png\"><img loading=\"lazy\" decoding=\"async\" class=\"alignleft  wp-image-5347\" src=\"https:\/\/agora.xtec.cat\/iestorredelpalau\/wp-content\/uploads\/usu1331\/2022\/01\/Captura3.png\" alt=\"\" width=\"420\" height=\"462\" srcset=\"https:\/\/agora.xtec.cat\/iestorredelpalau\/wp-content\/uploads\/usu1331\/2022\/01\/Captura3.png 779w, https:\/\/agora.xtec.cat\/iestorredelpalau\/wp-content\/uploads\/usu1331\/2022\/01\/Captura3-272x300.png 272w, https:\/\/agora.xtec.cat\/iestorredelpalau\/wp-content\/uploads\/usu1331\/2022\/01\/Captura3-768x846.png 768w\" sizes=\"auto, (max-width: 420px) 100vw, 420px\" \/><\/a><\/p>\n","protected":false},"excerpt":{"rendered":"<p>El passat mes de desembre els alumnes de batxillerat (Hist\u00f2ria d\u2019Espanya XIX-XX) van tenir l\u2019oportunitat de veure l\u2019exposici\u00f3 de la Quit\u00e8ria Tarrag\u00f3. D\u2019aquesta manera van poder fer un tastet del que seria el seg\u00fcent tema de la Segona Rep\u00fablica tot veient l\u2019exposici\u00f3 situada en el nostre institut. La Quit\u00e8ria fou una llevadora catalana, sindicalista, pol\u00edtica [&hellip;]<\/p>\n","protected":false},"author":16,"featured_media":5349,"comment_status":"closed","ping_status":"closed","sticky":false,"template":"","format":"standard","meta":{"_bbp_topic_count":0,"_bbp_reply_count":0,"_bbp_total_topic_count":0,"_bbp_total_reply_count":0,"_bbp_voice_count":0,"_bbp_anonymous_reply_count":0,"_bbp_topic_count_hidden":0,"_bbp_reply_count_hidden":0,"_bbp_forum_subforum_count":0,"site-sidebar-layout":"default","site-content-layout":"","ast-site-content-layout":"","site-content-style":"default","site-sidebar-style":"default","ast-global-header-display":"","ast-banner-title-visibility":"","ast-main-header-display":"","ast-hfb-above-header-display":"","ast-hfb-below-header-display":"","ast-hfb-mobile-header-display":"","site-post-title":"","ast-breadcrumbs-content":"","ast-featured-img":"","footer-sml-layout":"","theme-transparent-header-meta":"","adv-header-id-meta":"","stick-header-meta":"","header-above-stick-meta":"","header-main-stick-meta":"","header-below-stick-meta":"","astra-migrate-meta-layouts":"default","ast-page-background-enabled":"default","ast-page-background-meta":{"desktop":{"background-color":"var(--ast-global-color-4)","background-image":"","background-repeat":"repeat","background-position":"center center","background-size":"auto","background-attachment":"scroll","background-type":"","background-media":"","overlay-type":"","overlay-color":"","overlay-opacity":"","overlay-gradient":""},"tablet":{"background-color":"","background-image":"","background-repeat":"repeat","background-position":"center center","background-size":"auto","background-attachment":"scroll","background-type":"","background-media":"","overlay-type":"","overlay-color":"","overlay-opacity":"","overlay-gradient":""},"mobile":{"background-color":"","background-image":"","background-repeat":"repeat","background-position":"center center","background-size":"auto","background-attachment":"scroll","background-type":"","background-media":"","overlay-type":"","overlay-color":"","overlay-opacity":"","overlay-gradient":""}},"ast-content-background-meta":{"desktop":{"background-color":"var(--ast-global-color-5)","background-image":"","background-repeat":"repeat","background-position":"center center","background-size":"auto","background-attachment":"scroll","background-type":"","background-media":"","overlay-type":"","overlay-color":"","overlay-opacity":"","overlay-gradient":""},"tablet":{"background-color":"var(--ast-global-color-5)","background-image":"","background-repeat":"repeat","background-position":"center center","background-size":"auto","background-attachment":"scroll","background-type":"","background-media":"","overlay-type":"","overlay-color":"","overlay-opacity":"","overlay-gradient":""},"mobile":{"background-color":"var(--ast-global-color-5)","background-image":"","background-repeat":"repeat","background-position":"center center","background-size":"auto","background-attachment":"scroll","background-type":"","background-media":"","overlay-type":"","overlay-color":"","overlay-opacity":"","overlay-gradient":""}},"footnotes":""},"categories":[8,147,1,107,29],"tags":[133,164],"class_list":["post-5343","post","type-post","status-publish","format-standard","has-post-thumbnail","hentry","category-batxillerat","category-dep-socials","category-general","category-noticies-del-centre","category-portada","tag-batxillerat","tag-departament-de-socials"],"post_mailing_queue_ids":[],"_links":{"self":[{"href":"https:\/\/agora.xtec.cat\/iestorredelpalau\/wp-json\/wp\/v2\/posts\/5343","targetHints":{"allow":["GET"]}}],"collection":[{"href":"https:\/\/agora.xtec.cat\/iestorredelpalau\/wp-json\/wp\/v2\/posts"}],"about":[{"href":"https:\/\/agora.xtec.cat\/iestorredelpalau\/wp-json\/wp\/v2\/types\/post"}],"author":[{"embeddable":true,"href":"https:\/\/agora.xtec.cat\/iestorredelpalau\/wp-json\/wp\/v2\/users\/16"}],"replies":[{"embeddable":true,"href":"https:\/\/agora.xtec.cat\/iestorredelpalau\/wp-json\/wp\/v2\/comments?post=5343"}],"version-history":[{"count":1,"href":"https:\/\/agora.xtec.cat\/iestorredelpalau\/wp-json\/wp\/v2\/posts\/5343\/revisions"}],"predecessor-version":[{"id":5350,"href":"https:\/\/agora.xtec.cat\/iestorredelpalau\/wp-json\/wp\/v2\/posts\/5343\/revisions\/5350"}],"wp:featuredmedia":[{"embeddable":true,"href":"https:\/\/agora.xtec.cat\/iestorredelpalau\/wp-json\/wp\/v2\/media\/5349"}],"wp:attachment":[{"href":"https:\/\/agora.xtec.cat\/iestorredelpalau\/wp-json\/wp\/v2\/media?parent=5343"}],"wp:term":[{"taxonomy":"category","embeddable":true,"href":"https:\/\/agora.xtec.cat\/iestorredelpalau\/wp-json\/wp\/v2\/categories?post=5343"},{"taxonomy":"post_tag","embeddable":true,"href":"https:\/\/agora.xtec.cat\/iestorredelpalau\/wp-json\/wp\/v2\/tags?post=5343"}],"curies":[{"name":"wp","href":"https:\/\/api.w.org\/{rel}","templated":true}]}}