{"id":5127,"date":"2021-11-24T20:53:25","date_gmt":"2021-11-24T19:53:25","guid":{"rendered":"https:\/\/agora.xtec.cat\/iestorredelpalau\/?p=5127"},"modified":"2021-11-24T20:54:14","modified_gmt":"2021-11-24T19:54:14","slug":"tampocalesxarxes","status":"publish","type":"post","link":"https:\/\/agora.xtec.cat\/iestorredelpalau\/general\/tampocalesxarxes\/","title":{"rendered":"#tampocalesxarxes"},"content":{"rendered":"<p><span style=\"font-weight: 400;\">El dijous 25 de novembre, la comunitat educativa del Torre del Palau farem viral la den\u00fancia de la viol\u00e8ncia masclista a Internet. A les 11 hores del mat\u00ed aturarem <\/span>les classes per a fer viral el missatge\u00a0<b>#tampocalesxarxes<\/b>\u00a0en motiu del 25-N i per tal de visibilitzar i denunciar les\u00a0viol\u00e8ncies masclistes a la xarxa.<\/p>\n<p><span style=\"font-weight: 400;\">Volem reflexionar conjuntament i, per aix\u00f2, al llarg de la setmana, l&#8217;alumnat trobar\u00e0 un mural col\u00b7lectiu al vest\u00edbul, on apuntar exemples o pr\u00e0ctiques que coneguin, de viol\u00e8ncia masclista a les xarxes.<\/span><\/p>\n<p>Volem que l&#8217;alumnat comparteixi per la xarxa social que vulgui (correu electr\u00f2nic, twiter, instagram, tiktok, etc.) la imatge de l&#8217;iceberg que s&#8217;ha elaborat entre tot el centre aquesta setmana amb el missatge #tampocalesxarxes. El professorat tamb\u00e9 s&#8217;hi ha sumat!<\/p>\n<p><b>PARTICIPA-HI! DIGUES LA TEVA!<\/b><\/p>\n<p><img loading=\"lazy\" decoding=\"async\" class=\"alignleft size-large wp-image-5173\" src=\"https:\/\/agora.xtec.cat\/iestorredelpalau\/wp-content\/uploads\/usu1331\/2021\/11\/iceberg-xarxes-901x1024.jpg\" alt=\"\" width=\"901\" height=\"1024\" srcset=\"https:\/\/agora.xtec.cat\/iestorredelpalau\/wp-content\/uploads\/usu1331\/2021\/11\/iceberg-xarxes-901x1024.jpg 901w, https:\/\/agora.xtec.cat\/iestorredelpalau\/wp-content\/uploads\/usu1331\/2021\/11\/iceberg-xarxes-264x300.jpg 264w, https:\/\/agora.xtec.cat\/iestorredelpalau\/wp-content\/uploads\/usu1331\/2021\/11\/iceberg-xarxes-768x873.jpg 768w, https:\/\/agora.xtec.cat\/iestorredelpalau\/wp-content\/uploads\/usu1331\/2021\/11\/iceberg-xarxes.jpg 988w\" sizes=\"auto, (max-width: 901px) 100vw, 901px\" \/><\/p>\n<p>&nbsp;<\/p>\n","protected":false},"excerpt":{"rendered":"<p>El dijous 25 de novembre, la comunitat educativa del Torre del Palau farem viral la den\u00fancia de la viol\u00e8ncia masclista a Internet. A les 11 hores del mat\u00ed aturarem les classes per a fer viral el missatge\u00a0#tampocalesxarxes\u00a0en motiu del 25-N i per tal de visibilitzar i denunciar les\u00a0viol\u00e8ncies masclistes a la xarxa. Volem reflexionar conjuntament [&hellip;]<\/p>\n","protected":false},"author":16,"featured_media":5173,"comment_status":"closed","ping_status":"closed","sticky":false,"template":"","format":"standard","meta":{"_bbp_topic_count":0,"_bbp_reply_count":0,"_bbp_total_topic_count":0,"_bbp_total_reply_count":0,"_bbp_voice_count":0,"_bbp_anonymous_reply_count":0,"_bbp_topic_count_hidden":0,"_bbp_reply_count_hidden":0,"_bbp_forum_subforum_count":0,"site-sidebar-layout":"default","site-content-layout":"","ast-site-content-layout":"","site-content-style":"default","site-sidebar-style":"default","ast-global-header-display":"","ast-banner-title-visibility":"","ast-main-header-display":"","ast-hfb-above-header-display":"","ast-hfb-below-header-display":"","ast-hfb-mobile-header-display":"","site-post-title":"","ast-breadcrumbs-content":"","ast-featured-img":"","footer-sml-layout":"","theme-transparent-header-meta":"","adv-header-id-meta":"","stick-header-meta":"","header-above-stick-meta":"","header-main-stick-meta":"","header-below-stick-meta":"","astra-migrate-meta-layouts":"default","ast-page-background-enabled":"default","ast-page-background-meta":{"desktop":{"background-color":"var(--ast-global-color-4)","background-image":"","background-repeat":"repeat","background-position":"center center","background-size":"auto","background-attachment":"scroll","background-type":"","background-media":"","overlay-type":"","overlay-color":"","overlay-opacity":"","overlay-gradient":""},"tablet":{"background-color":"","background-image":"","background-repeat":"repeat","background-position":"center center","background-size":"auto","background-attachment":"scroll","background-type":"","background-media":"","overlay-type":"","overlay-color":"","overlay-opacity":"","overlay-gradient":""},"mobile":{"background-color":"","background-image":"","background-repeat":"repeat","background-position":"center center","background-size":"auto","background-attachment":"scroll","background-type":"","background-media":"","overlay-type":"","overlay-color":"","overlay-opacity":"","overlay-gradient":""}},"ast-content-background-meta":{"desktop":{"background-color":"var(--ast-global-color-5)","background-image":"","background-repeat":"repeat","background-position":"center center","background-size":"auto","background-attachment":"scroll","background-type":"","background-media":"","overlay-type":"","overlay-color":"","overlay-opacity":"","overlay-gradient":""},"tablet":{"background-color":"var(--ast-global-color-5)","background-image":"","background-repeat":"repeat","background-position":"center center","background-size":"auto","background-attachment":"scroll","background-type":"","background-media":"","overlay-type":"","overlay-color":"","overlay-opacity":"","overlay-gradient":""},"mobile":{"background-color":"var(--ast-global-color-5)","background-image":"","background-repeat":"repeat","background-position":"center center","background-size":"auto","background-attachment":"scroll","background-type":"","background-media":"","overlay-type":"","overlay-color":"","overlay-opacity":"","overlay-gradient":""}},"footnotes":""},"categories":[147,1,107,29],"tags":[],"class_list":["post-5127","post","type-post","status-publish","format-standard","has-post-thumbnail","hentry","category-dep-socials","category-general","category-noticies-del-centre","category-portada"],"post_mailing_queue_ids":[],"_links":{"self":[{"href":"https:\/\/agora.xtec.cat\/iestorredelpalau\/wp-json\/wp\/v2\/posts\/5127","targetHints":{"allow":["GET"]}}],"collection":[{"href":"https:\/\/agora.xtec.cat\/iestorredelpalau\/wp-json\/wp\/v2\/posts"}],"about":[{"href":"https:\/\/agora.xtec.cat\/iestorredelpalau\/wp-json\/wp\/v2\/types\/post"}],"author":[{"embeddable":true,"href":"https:\/\/agora.xtec.cat\/iestorredelpalau\/wp-json\/wp\/v2\/users\/16"}],"replies":[{"embeddable":true,"href":"https:\/\/agora.xtec.cat\/iestorredelpalau\/wp-json\/wp\/v2\/comments?post=5127"}],"version-history":[{"count":3,"href":"https:\/\/agora.xtec.cat\/iestorredelpalau\/wp-json\/wp\/v2\/posts\/5127\/revisions"}],"predecessor-version":[{"id":5174,"href":"https:\/\/agora.xtec.cat\/iestorredelpalau\/wp-json\/wp\/v2\/posts\/5127\/revisions\/5174"}],"wp:featuredmedia":[{"embeddable":true,"href":"https:\/\/agora.xtec.cat\/iestorredelpalau\/wp-json\/wp\/v2\/media\/5173"}],"wp:attachment":[{"href":"https:\/\/agora.xtec.cat\/iestorredelpalau\/wp-json\/wp\/v2\/media?parent=5127"}],"wp:term":[{"taxonomy":"category","embeddable":true,"href":"https:\/\/agora.xtec.cat\/iestorredelpalau\/wp-json\/wp\/v2\/categories?post=5127"},{"taxonomy":"post_tag","embeddable":true,"href":"https:\/\/agora.xtec.cat\/iestorredelpalau\/wp-json\/wp\/v2\/tags?post=5127"}],"curies":[{"name":"wp","href":"https:\/\/api.w.org\/{rel}","templated":true}]}}