{"id":4965,"date":"2021-09-22T14:51:04","date_gmt":"2021-09-22T12:51:04","guid":{"rendered":"https:\/\/agora.xtec.cat\/iestorredelpalau\/?p=4965"},"modified":"2021-09-22T14:51:04","modified_gmt":"2021-09-22T12:51:04","slug":"cerificats-del-curs-de-yad-vashem-espanya","status":"publish","type":"post","link":"https:\/\/agora.xtec.cat\/iestorredelpalau\/general\/cerificats-del-curs-de-yad-vashem-espanya\/","title":{"rendered":"Cerificats del curs de YAD VASHEM-ESPANYA"},"content":{"rendered":"<p><span style=\"font-weight: 400;\">Entrega cerificats del curs\u00a0 de YAD VASHEM-ESPANYA <\/span><i><span style=\"font-weight: 400;\">\u00bfC\u00f3mo fue humanamente posible?<\/span><\/i><\/p>\n<p><span style=\"font-weight: 400;\">El passat dilluns 13 de setembre, aprofitant la presentaci\u00f3 del nou curs escolar, el centre va fer entrega als alumnes que al curs passat van fer una formaci\u00f3 on-line de 20h organitzat per YAD VASHEM- ESPANYA, i promogut des del departament de Socials.\u00a0<\/span><\/p>\n<p><span style=\"font-weight: 400;\">Els alumnes que l\u2019any passat feien 4t: Iker Doblas, Anna Marinel.lo, Maria Cot, Abril Nicol\u00e1s, Laia Mu\u00f1oz, Ainara L\u00f3pez i Laia Pe\u00f1ataro, van seguir amb inter\u00e8s i aprofundiment les xerrades del curs per despr\u00e9s poder guiar als seus companys en l\u2019exposici\u00f3 itinerant <\/span><i><span style=\"font-weight: 400;\">\u00bfC\u00f3mo fue humanamente posible?<\/span><\/i><span style=\"font-weight: 400;\"> sobre l\u2019antisemitisme que hi va haver a Europa abans i durant la 2\u00aa GM.<\/span><\/p>\n<p><span style=\"font-weight: 400;\">Els fanatismes mai han portat res de bo i si, molts problemes de conviv\u00e8ncia de molt complexa soluci\u00f3. La formaci\u00f3 doncs, va ser un \u00e8xit i des del departament de Socials animem enguany als alumnes de 4t a fer el curs que aquest any ens proposar\u00e0 YAD VASHEM sobre la dona durant la Sho\u00e0.<\/span><\/p>\n<p><span style=\"font-weight: 400;\">El dilluns 13 de setembre\u00a0 el director del nostre Instititut: l\u2019Evaristo Gonz\u00e1lez tamb\u00e9 va acompanyar els joves en el reconeixement del curs fet i assolit amb \u00e8xit.<\/span><\/p>\n<p><span style=\"font-weight: 400;\">Helena Gallart<\/span><\/p>\n<p><img loading=\"lazy\" decoding=\"async\" class=\"wp-image-4967 aligncenter\" src=\"https:\/\/agora.xtec.cat\/iestorredelpalau\/wp-content\/uploads\/usu1331\/2021\/09\/Image-2-1024x768.jpeg\" alt=\"\" width=\"501\" height=\"376\" srcset=\"https:\/\/agora.xtec.cat\/iestorredelpalau\/wp-content\/uploads\/usu1331\/2021\/09\/Image-2-1024x768.jpeg 1024w, https:\/\/agora.xtec.cat\/iestorredelpalau\/wp-content\/uploads\/usu1331\/2021\/09\/Image-2-300x225.jpeg 300w, https:\/\/agora.xtec.cat\/iestorredelpalau\/wp-content\/uploads\/usu1331\/2021\/09\/Image-2-768x576.jpeg 768w, https:\/\/agora.xtec.cat\/iestorredelpalau\/wp-content\/uploads\/usu1331\/2021\/09\/Image-2-1536x1152.jpeg 1536w, https:\/\/agora.xtec.cat\/iestorredelpalau\/wp-content\/uploads\/usu1331\/2021\/09\/Image-2-200x150.jpeg 200w, https:\/\/agora.xtec.cat\/iestorredelpalau\/wp-content\/uploads\/usu1331\/2021\/09\/Image-2.jpeg 2016w\" sizes=\"auto, (max-width: 501px) 100vw, 501px\" \/><\/p>\n","protected":false},"excerpt":{"rendered":"<p>Entrega cerificats del curs\u00a0 de YAD VASHEM-ESPANYA \u00bfC\u00f3mo fue humanamente posible? El passat dilluns 13 de setembre, aprofitant la presentaci\u00f3 del nou curs escolar, el centre va fer entrega als alumnes que al curs passat van fer una formaci\u00f3 on-line de 20h organitzat per YAD VASHEM- ESPANYA, i promogut des del departament de Socials.\u00a0 Els [&hellip;]<\/p>\n","protected":false},"author":16,"featured_media":4967,"comment_status":"closed","ping_status":"closed","sticky":false,"template":"","format":"standard","meta":{"_bbp_topic_count":0,"_bbp_reply_count":0,"_bbp_total_topic_count":0,"_bbp_total_reply_count":0,"_bbp_voice_count":0,"_bbp_anonymous_reply_count":0,"_bbp_topic_count_hidden":0,"_bbp_reply_count_hidden":0,"_bbp_forum_subforum_count":0,"site-sidebar-layout":"default","site-content-layout":"","ast-site-content-layout":"","site-content-style":"default","site-sidebar-style":"default","ast-global-header-display":"","ast-banner-title-visibility":"","ast-main-header-display":"","ast-hfb-above-header-display":"","ast-hfb-below-header-display":"","ast-hfb-mobile-header-display":"","site-post-title":"","ast-breadcrumbs-content":"","ast-featured-img":"","footer-sml-layout":"","theme-transparent-header-meta":"","adv-header-id-meta":"","stick-header-meta":"","header-above-stick-meta":"","header-main-stick-meta":"","header-below-stick-meta":"","astra-migrate-meta-layouts":"default","ast-page-background-enabled":"default","ast-page-background-meta":{"desktop":{"background-color":"var(--ast-global-color-4)","background-image":"","background-repeat":"repeat","background-position":"center center","background-size":"auto","background-attachment":"scroll","background-type":"","background-media":"","overlay-type":"","overlay-color":"","overlay-opacity":"","overlay-gradient":""},"tablet":{"background-color":"","background-image":"","background-repeat":"repeat","background-position":"center center","background-size":"auto","background-attachment":"scroll","background-type":"","background-media":"","overlay-type":"","overlay-color":"","overlay-opacity":"","overlay-gradient":""},"mobile":{"background-color":"","background-image":"","background-repeat":"repeat","background-position":"center center","background-size":"auto","background-attachment":"scroll","background-type":"","background-media":"","overlay-type":"","overlay-color":"","overlay-opacity":"","overlay-gradient":""}},"ast-content-background-meta":{"desktop":{"background-color":"var(--ast-global-color-5)","background-image":"","background-repeat":"repeat","background-position":"center center","background-size":"auto","background-attachment":"scroll","background-type":"","background-media":"","overlay-type":"","overlay-color":"","overlay-opacity":"","overlay-gradient":""},"tablet":{"background-color":"var(--ast-global-color-5)","background-image":"","background-repeat":"repeat","background-position":"center center","background-size":"auto","background-attachment":"scroll","background-type":"","background-media":"","overlay-type":"","overlay-color":"","overlay-opacity":"","overlay-gradient":""},"mobile":{"background-color":"var(--ast-global-color-5)","background-image":"","background-repeat":"repeat","background-position":"center center","background-size":"auto","background-attachment":"scroll","background-type":"","background-media":"","overlay-type":"","overlay-color":"","overlay-opacity":"","overlay-gradient":""}},"footnotes":""},"categories":[147,7,1,107,29],"tags":[140,159],"class_list":["post-4965","post","type-post","status-publish","format-standard","has-post-thumbnail","hentry","category-dep-socials","category-eso-4","category-general","category-noticies-del-centre","category-portada","tag-4t-eso","tag-departament-socials"],"post_mailing_queue_ids":[],"_links":{"self":[{"href":"https:\/\/agora.xtec.cat\/iestorredelpalau\/wp-json\/wp\/v2\/posts\/4965","targetHints":{"allow":["GET"]}}],"collection":[{"href":"https:\/\/agora.xtec.cat\/iestorredelpalau\/wp-json\/wp\/v2\/posts"}],"about":[{"href":"https:\/\/agora.xtec.cat\/iestorredelpalau\/wp-json\/wp\/v2\/types\/post"}],"author":[{"embeddable":true,"href":"https:\/\/agora.xtec.cat\/iestorredelpalau\/wp-json\/wp\/v2\/users\/16"}],"replies":[{"embeddable":true,"href":"https:\/\/agora.xtec.cat\/iestorredelpalau\/wp-json\/wp\/v2\/comments?post=4965"}],"version-history":[{"count":1,"href":"https:\/\/agora.xtec.cat\/iestorredelpalau\/wp-json\/wp\/v2\/posts\/4965\/revisions"}],"predecessor-version":[{"id":4968,"href":"https:\/\/agora.xtec.cat\/iestorredelpalau\/wp-json\/wp\/v2\/posts\/4965\/revisions\/4968"}],"wp:featuredmedia":[{"embeddable":true,"href":"https:\/\/agora.xtec.cat\/iestorredelpalau\/wp-json\/wp\/v2\/media\/4967"}],"wp:attachment":[{"href":"https:\/\/agora.xtec.cat\/iestorredelpalau\/wp-json\/wp\/v2\/media?parent=4965"}],"wp:term":[{"taxonomy":"category","embeddable":true,"href":"https:\/\/agora.xtec.cat\/iestorredelpalau\/wp-json\/wp\/v2\/categories?post=4965"},{"taxonomy":"post_tag","embeddable":true,"href":"https:\/\/agora.xtec.cat\/iestorredelpalau\/wp-json\/wp\/v2\/tags?post=4965"}],"curies":[{"name":"wp","href":"https:\/\/api.w.org\/{rel}","templated":true}]}}