{"id":4808,"date":"2021-09-13T08:13:10","date_gmt":"2021-09-13T06:13:10","guid":{"rendered":"http:\/\/agora.xtec.cat\/iestorredelpalau\/?p=4808"},"modified":"2021-09-13T08:17:59","modified_gmt":"2021-09-13T06:17:59","slug":"activitats-esportives-extraescolars","status":"publish","type":"post","link":"https:\/\/agora.xtec.cat\/iestorredelpalau\/general\/activitats-esportives-extraescolars\/","title":{"rendered":"Activitats Esportives Extraescolars"},"content":{"rendered":"<p><span style=\"font-weight: 400;\">Informaci\u00f3 sobre els horaris de les activitats esportives extraescolars per aquest nou curs 21-22.<\/span><\/p>\n<p><span style=\"font-weight: 400;\">Un curs m\u00e9s per endavant amb la motivaci\u00f3 d\u2019oferir activitats esportives als alumnes del centre i mirar d\u2019incrementar les hores d\u2019activitat f\u00edsica com a eina per a millorar la salut comunit\u00e0ria i afavorir la cohesi\u00f3 dels alumnes.<\/span><\/p>\n<p><span style=\"font-weight: 400;\">Aquest any es faran dos dies d\u2019entrenament i la competici\u00f3 de dissabte, organitzada pel Consell Esportiu del Vall\u00e8s Occidental Terrassa.<\/span><\/p>\n<p><span style=\"font-weight: 400;\">Per a poder realitzar tant els entrenaments com la competici\u00f3 cal seguir sempre les pautes i indicacions que marquin les autoritats sanit\u00e0ries i les entitats organitzadores.<\/span><\/p>\n<p><span style=\"font-weight: 400;\">IMPORTANT:\u00a0<\/span><\/p>\n<p><span style=\"font-weight: 400;\">El grup d\u2019entrenament es considera un grup estable de conviv\u00e8ncia; aix\u00f2 suposa que en cap cas es podr\u00e0 fer canvis de grup ni d\u2019esport.<\/span><\/p>\n<p><span style=\"font-weight: 400;\">Caldr\u00e0 seguir les mateixes normes que es fan servir a E. F\u00edsica pel que fa a \u00fas de mascareta, distanciament, neteja de material i normes d\u2019higiene de mans a l\u2019iniciar i finalitzar les activitats.\u00a0<\/span><\/p>\n<p><span style=\"font-weight: 400;\">La norma general ser\u00e0 fer els entrenaments a l\u2019exterior; en cas que, per volum d\u2019inscrits i n\u00ba de grups, calgui fer \u00fas del gimn\u00e0s SEMPRE ES FAR\u00c0 \u00daS DE LA MASCARETA.\u00a0<\/span><\/p>\n<p><span style=\"font-weight: 400;\">Els vestidors seran zona de pas; no en farem \u00fas com a tal.<\/span><\/p>\n<p><span style=\"font-weight: 400;\">Per poder fer la competici\u00f3 els dissabtes el centre ( AEE ) lliurar\u00e0 als inscrits una equipaci\u00f3 d\u2019us personal QUE CAL RETORNAR A FINAL DE CURS.<\/span><\/p>\n<p><span style=\"font-weight: 400;\">NO ES PODR\u00c0 INSCRIURE CAP ALUMNE QUE EL CURS ANTERIOR NO HAGI RETORNAT LA SEVA EQUIPACI\u00d3.<\/span><\/p>\n<p><span style=\"font-weight: 400;\">LA INSCRIPCI\u00d3 A L\u2019ACTIVITAT SUPOSA L\u2019ACCEPTACI\u00d3 D\u2019AQUESTES NORMES I RECOMANACIONS<\/span><\/p>\n<p><span style=\"font-weight: 400;\">El full d&#8217; inscripci\u00f3 i informatiu es donar\u00e0 en m\u00e0 als alumnes interessats, el primer dia de classe d&#8217; educaci\u00f3 f\u00edsica.<\/span><\/p>\n<p>Animeu-vos a participar!<\/p>\n<p><img loading=\"lazy\" decoding=\"async\" class=\"alignleft size-large wp-image-4809\" src=\"https:\/\/agora.xtec.cat\/iestorredelpalau\/wp-content\/uploads\/usu1331\/2021\/07\/IMG_20210625_181926-1024x581.jpg\" alt=\"\" width=\"1024\" height=\"581\" srcset=\"https:\/\/agora.xtec.cat\/iestorredelpalau\/wp-content\/uploads\/usu1331\/2021\/07\/IMG_20210625_181926-1024x581.jpg 1024w, https:\/\/agora.xtec.cat\/iestorredelpalau\/wp-content\/uploads\/usu1331\/2021\/07\/IMG_20210625_181926-300x170.jpg 300w, https:\/\/agora.xtec.cat\/iestorredelpalau\/wp-content\/uploads\/usu1331\/2021\/07\/IMG_20210625_181926-768x436.jpg 768w, https:\/\/agora.xtec.cat\/iestorredelpalau\/wp-content\/uploads\/usu1331\/2021\/07\/IMG_20210625_181926.jpg 1080w\" sizes=\"auto, (max-width: 1024px) 100vw, 1024px\" \/><\/p>\n","protected":false},"excerpt":{"rendered":"<p>Informaci\u00f3 sobre els horaris de les activitats esportives extraescolars per aquest nou curs 21-22. Un curs m\u00e9s per endavant amb la motivaci\u00f3 d\u2019oferir activitats esportives als alumnes del centre i mirar d\u2019incrementar les hores d\u2019activitat f\u00edsica com a eina per a millorar la salut comunit\u00e0ria i afavorir la cohesi\u00f3 dels alumnes. Aquest any es faran [&hellip;]<\/p>\n","protected":false},"author":16,"featured_media":4809,"comment_status":"closed","ping_status":"closed","sticky":false,"template":"","format":"standard","meta":{"_bbp_topic_count":0,"_bbp_reply_count":0,"_bbp_total_topic_count":0,"_bbp_total_reply_count":0,"_bbp_voice_count":0,"_bbp_anonymous_reply_count":0,"_bbp_topic_count_hidden":0,"_bbp_reply_count_hidden":0,"_bbp_forum_subforum_count":0,"site-sidebar-layout":"default","site-content-layout":"","ast-site-content-layout":"","site-content-style":"default","site-sidebar-style":"default","ast-global-header-display":"","ast-banner-title-visibility":"","ast-main-header-display":"","ast-hfb-above-header-display":"","ast-hfb-below-header-display":"","ast-hfb-mobile-header-display":"","site-post-title":"","ast-breadcrumbs-content":"","ast-featured-img":"","footer-sml-layout":"","theme-transparent-header-meta":"","adv-header-id-meta":"","stick-header-meta":"","header-above-stick-meta":"","header-main-stick-meta":"","header-below-stick-meta":"","astra-migrate-meta-layouts":"default","ast-page-background-enabled":"default","ast-page-background-meta":{"desktop":{"background-color":"var(--ast-global-color-4)","background-image":"","background-repeat":"repeat","background-position":"center center","background-size":"auto","background-attachment":"scroll","background-type":"","background-media":"","overlay-type":"","overlay-color":"","overlay-opacity":"","overlay-gradient":""},"tablet":{"background-color":"","background-image":"","background-repeat":"repeat","background-position":"center center","background-size":"auto","background-attachment":"scroll","background-type":"","background-media":"","overlay-type":"","overlay-color":"","overlay-opacity":"","overlay-gradient":""},"mobile":{"background-color":"","background-image":"","background-repeat":"repeat","background-position":"center center","background-size":"auto","background-attachment":"scroll","background-type":"","background-media":"","overlay-type":"","overlay-color":"","overlay-opacity":"","overlay-gradient":""}},"ast-content-background-meta":{"desktop":{"background-color":"var(--ast-global-color-5)","background-image":"","background-repeat":"repeat","background-position":"center center","background-size":"auto","background-attachment":"scroll","background-type":"","background-media":"","overlay-type":"","overlay-color":"","overlay-opacity":"","overlay-gradient":""},"tablet":{"background-color":"var(--ast-global-color-5)","background-image":"","background-repeat":"repeat","background-position":"center center","background-size":"auto","background-attachment":"scroll","background-type":"","background-media":"","overlay-type":"","overlay-color":"","overlay-opacity":"","overlay-gradient":""},"mobile":{"background-color":"var(--ast-global-color-5)","background-image":"","background-repeat":"repeat","background-position":"center center","background-size":"auto","background-attachment":"scroll","background-type":"","background-media":"","overlay-type":"","overlay-color":"","overlay-opacity":"","overlay-gradient":""}},"footnotes":""},"categories":[149,1,107,29],"tags":[],"class_list":["post-4808","post","type-post","status-publish","format-standard","has-post-thumbnail","hentry","category-dep-educacio-fisica","category-general","category-noticies-del-centre","category-portada"],"post_mailing_queue_ids":[],"_links":{"self":[{"href":"https:\/\/agora.xtec.cat\/iestorredelpalau\/wp-json\/wp\/v2\/posts\/4808","targetHints":{"allow":["GET"]}}],"collection":[{"href":"https:\/\/agora.xtec.cat\/iestorredelpalau\/wp-json\/wp\/v2\/posts"}],"about":[{"href":"https:\/\/agora.xtec.cat\/iestorredelpalau\/wp-json\/wp\/v2\/types\/post"}],"author":[{"embeddable":true,"href":"https:\/\/agora.xtec.cat\/iestorredelpalau\/wp-json\/wp\/v2\/users\/16"}],"replies":[{"embeddable":true,"href":"https:\/\/agora.xtec.cat\/iestorredelpalau\/wp-json\/wp\/v2\/comments?post=4808"}],"version-history":[{"count":3,"href":"https:\/\/agora.xtec.cat\/iestorredelpalau\/wp-json\/wp\/v2\/posts\/4808\/revisions"}],"predecessor-version":[{"id":4942,"href":"https:\/\/agora.xtec.cat\/iestorredelpalau\/wp-json\/wp\/v2\/posts\/4808\/revisions\/4942"}],"wp:featuredmedia":[{"embeddable":true,"href":"https:\/\/agora.xtec.cat\/iestorredelpalau\/wp-json\/wp\/v2\/media\/4809"}],"wp:attachment":[{"href":"https:\/\/agora.xtec.cat\/iestorredelpalau\/wp-json\/wp\/v2\/media?parent=4808"}],"wp:term":[{"taxonomy":"category","embeddable":true,"href":"https:\/\/agora.xtec.cat\/iestorredelpalau\/wp-json\/wp\/v2\/categories?post=4808"},{"taxonomy":"post_tag","embeddable":true,"href":"https:\/\/agora.xtec.cat\/iestorredelpalau\/wp-json\/wp\/v2\/tags?post=4808"}],"curies":[{"name":"wp","href":"https:\/\/api.w.org\/{rel}","templated":true}]}}