{"id":4607,"date":"2021-06-18T11:47:53","date_gmt":"2021-06-18T09:47:53","guid":{"rendered":"http:\/\/agora.xtec.cat\/iestorredelpalau\/?p=4607"},"modified":"2021-06-18T12:11:54","modified_gmt":"2021-06-18T10:11:54","slug":"concurs-fotografia","status":"publish","type":"post","link":"https:\/\/agora.xtec.cat\/iestorredelpalau\/general\/concurs-fotografia\/","title":{"rendered":"CONCURS FOTOGRAFIA"},"content":{"rendered":"<p><span style=\"font-weight: 400;\">Enguany, malgrat els efectes de la pand\u00e8mia, l&#8217;Ag\u00e8ncia Catalana del Patrimoni Cultural, vinculada al Departament de Cultura de la Generalitat, va convocar la XXV edici\u00f3 del concurs Experi\u00e8ncia Fotogr\u00e0fica Internacional dels Monuments, <\/span><a href=\"http:\/\/patrimoni.gencat.cat\/ca\/efim\"><span style=\"font-weight: 400;\">EFIM21<\/span><\/a><span style=\"font-weight: 400;\">.\u00a0 Aquest concurs est\u00e0 adre\u00e7at a tots els centres educatius de Catalunya, Aquest curs s&#8217;hi han presentat m\u00e9s de 1200 fotografies.<\/span><\/p>\n<p><span style=\"font-weight: 400;\">Com a activitat curricular de l&#8217;assignatura de Cultura Audiovisual de 1r de Batxillerat, hi va participar tot l&#8217;alumnat de 1r de batxillerat d&#8217;arts pl\u00e0stiques, acompanyats pel professorat: Pere Grau, Empar Sandoval, Marta Garc\u00eda i Mireia Fages.\u00a0\u00a0<\/span><\/p>\n<p><span style=\"font-weight: 400;\">El passat 12 de maig vam fer un recorregut per diversos punts emblem\u00e0tics del patrimoni arquitect\u00f2nic terrassenc, com ara la Masia Freixa, els edificis modernistes que s&#8217;apleguen al Raval de Montserrat, la Casa Alegre de Sagrera, i el conjunt de la Seu d&#8217;\u00c8gara, entre d&#8217;altres. L&#8217;Ajuntament de Terrassa ens va facilitar l&#8217;acc\u00e9s gratu\u00eft a la Seu d&#8217;\u00c8gara i a la Casa Alegre de Sagrera.<\/span><\/p>\n<p><span style=\"font-weight: 400;\">Durant la llarga matinal, es van fer un munt de fotografies, de les quals \u00fanicament se&#8217;n podien escollir tres per participant, i publicar-les a <\/span><a href=\"https:\/\/www.instagram.com\/explore\/tags\/efim21\/\"><span style=\"font-weight: 400;\">Instagram\u00a0<\/span><\/a><\/p>\n<p><span style=\"font-weight: 400;\">El passat divendres 11 de juny es va fer p\u00fablic el veredicte, amb un excel\u00b7lent resultat per al nostre institut. Una de les deu guanyadores del concurs, \u00e9s l&#8217;alumna <\/span><a href=\"https:\/\/www.instagram.com\/p\/CPGa9x8BGR4\/\"><span style=\"font-weight: 400;\">Elsa Due\u00f1as Moreira<\/span><\/a><span style=\"font-weight: 400;\">, i com a tres de les vint finalistes, les alumnes <\/span><a href=\"https:\/\/www.instagram.com\/p\/CPIsWfftA_L\/\"><span style=\"font-weight: 400;\">Estel Munill Bolart<\/span><\/a><span style=\"font-weight: 400;\">, <\/span><a href=\"https:\/\/www.instagram.com\/p\/CPECQR3r9Z9\/\"><span style=\"font-weight: 400;\">Luna Yera Vellsol\u00e0<\/span><\/a><span style=\"font-weight: 400;\"> i <\/span><a href=\"https:\/\/www.instagram.com\/p\/CPGPkUxnrqj\/\"><span style=\"font-weight: 400;\">Emma Rodr\u00edguez Pe\u00f1a<\/span><\/a><span style=\"font-weight: 400;\">. Clicant els enlla\u00e7os podreu veure les fotografies.<\/span><\/p>\n<p><span style=\"font-weight: 400;\">L&#8217;Elsa Due\u00f1as, juntament amb les altres nou persones premiades, anir\u00e0 a un viatge cultural a una ciutat europea -que es donar\u00e0 a con\u00e8ixer en la cerim\u00f2nia de lliurament de premis-, i organitzat per <\/span><span style=\"font-weight: 400;\">l&#8217;Ag\u00e8ncia Catalana del Patrimoni Cultural.<\/span><\/p>\n<p><span style=\"font-weight: 400;\">Tant les persones premiades, com les finalistes, rebran un diploma, una capsa regal d&#8217;experi\u00e8ncies de la Cooperativa Fent Pa\u00eds, i participaran en\u00a0 <\/span><span style=\"font-weight: 400;\">l\u2019Experi\u00e8ncia EFIM, un taller pr\u00e0ctic de fotografia i patrimoni, d\u2019un dia de durada en un espai patrimonial singular, condu\u00eft per dos professionals de la fotografia i organitzat expressament per a l\u2019ocasi\u00f3. En cada edici\u00f3 es tria un espai patrimonial de Catalunya on, de manera lliure i l\u00fadica, els assistents poden perfeccionar i ampliar els seus coneixements de fotografia, ja sigui amb m\u00f2bils o amb c\u00e0meres digitals, amb l\u2019assessorament i suport personalitzat dels fot\u00f2grafs professors. L\u2019experi\u00e8ncia EFIM inclou un dinar per a tots els participants.<\/span><\/p>\n<p><span style=\"font-weight: 400;\">Aqu\u00ed podeu veure unes quantes imatges de la matinal fotogr\u00e0fica del 12 de maig, dia en que es van realitzar les fotografies guardonades.<\/span><\/p>\n<p><a href=\"https:\/\/drive.google.com\/drive\/folders\/161BicDGYUIPUgLuKqTQVq2WIpzhjVeNe?usp=sharing\"><span style=\"font-weight: 400;\">https:\/\/drive.google.com\/drive\/folders\/161BicDGYUIPUgLuKqTQVq2WIpzhjVeNe?usp=sharing<\/span><\/a><\/p>\n<p>&nbsp;<\/p>\n","protected":false},"excerpt":{"rendered":"<p>Enguany, malgrat els efectes de la pand\u00e8mia, l&#8217;Ag\u00e8ncia Catalana del Patrimoni Cultural, vinculada al Departament de Cultura de la Generalitat, va convocar la XXV edici\u00f3 del concurs Experi\u00e8ncia Fotogr\u00e0fica Internacional dels Monuments, EFIM21.\u00a0 Aquest concurs est\u00e0 adre\u00e7at a tots els centres educatius de Catalunya, Aquest curs s&#8217;hi han presentat m\u00e9s de 1200 fotografies. Com a [&hellip;]<\/p>\n","protected":false},"author":16,"featured_media":4608,"comment_status":"closed","ping_status":"closed","sticky":false,"template":"","format":"standard","meta":{"_bbp_topic_count":0,"_bbp_reply_count":0,"_bbp_total_topic_count":0,"_bbp_total_reply_count":0,"_bbp_voice_count":0,"_bbp_anonymous_reply_count":0,"_bbp_topic_count_hidden":0,"_bbp_reply_count_hidden":0,"_bbp_forum_subforum_count":0,"site-sidebar-layout":"default","site-content-layout":"","ast-site-content-layout":"","site-content-style":"default","site-sidebar-style":"default","ast-global-header-display":"","ast-banner-title-visibility":"","ast-main-header-display":"","ast-hfb-above-header-display":"","ast-hfb-below-header-display":"","ast-hfb-mobile-header-display":"","site-post-title":"","ast-breadcrumbs-content":"","ast-featured-img":"","footer-sml-layout":"","theme-transparent-header-meta":"","adv-header-id-meta":"","stick-header-meta":"","header-above-stick-meta":"","header-main-stick-meta":"","header-below-stick-meta":"","astra-migrate-meta-layouts":"default","ast-page-background-enabled":"default","ast-page-background-meta":{"desktop":{"background-color":"var(--ast-global-color-4)","background-image":"","background-repeat":"repeat","background-position":"center center","background-size":"auto","background-attachment":"scroll","background-type":"","background-media":"","overlay-type":"","overlay-color":"","overlay-opacity":"","overlay-gradient":""},"tablet":{"background-color":"","background-image":"","background-repeat":"repeat","background-position":"center center","background-size":"auto","background-attachment":"scroll","background-type":"","background-media":"","overlay-type":"","overlay-color":"","overlay-opacity":"","overlay-gradient":""},"mobile":{"background-color":"","background-image":"","background-repeat":"repeat","background-position":"center center","background-size":"auto","background-attachment":"scroll","background-type":"","background-media":"","overlay-type":"","overlay-color":"","overlay-opacity":"","overlay-gradient":""}},"ast-content-background-meta":{"desktop":{"background-color":"var(--ast-global-color-5)","background-image":"","background-repeat":"repeat","background-position":"center center","background-size":"auto","background-attachment":"scroll","background-type":"","background-media":"","overlay-type":"","overlay-color":"","overlay-opacity":"","overlay-gradient":""},"tablet":{"background-color":"var(--ast-global-color-5)","background-image":"","background-repeat":"repeat","background-position":"center center","background-size":"auto","background-attachment":"scroll","background-type":"","background-media":"","overlay-type":"","overlay-color":"","overlay-opacity":"","overlay-gradient":""},"mobile":{"background-color":"var(--ast-global-color-5)","background-image":"","background-repeat":"repeat","background-position":"center center","background-size":"auto","background-attachment":"scroll","background-type":"","background-media":"","overlay-type":"","overlay-color":"","overlay-opacity":"","overlay-gradient":""}},"footnotes":""},"categories":[8,148,1,107,29],"tags":[166,171],"class_list":["post-4607","post","type-post","status-publish","format-standard","has-post-thumbnail","hentry","category-batxillerat","category-dep-artistic","category-general","category-noticies-del-centre","category-portada","tag-1r-batxillerat","tag-departament-artistic"],"post_mailing_queue_ids":[],"_links":{"self":[{"href":"https:\/\/agora.xtec.cat\/iestorredelpalau\/wp-json\/wp\/v2\/posts\/4607","targetHints":{"allow":["GET"]}}],"collection":[{"href":"https:\/\/agora.xtec.cat\/iestorredelpalau\/wp-json\/wp\/v2\/posts"}],"about":[{"href":"https:\/\/agora.xtec.cat\/iestorredelpalau\/wp-json\/wp\/v2\/types\/post"}],"author":[{"embeddable":true,"href":"https:\/\/agora.xtec.cat\/iestorredelpalau\/wp-json\/wp\/v2\/users\/16"}],"replies":[{"embeddable":true,"href":"https:\/\/agora.xtec.cat\/iestorredelpalau\/wp-json\/wp\/v2\/comments?post=4607"}],"version-history":[{"count":1,"href":"https:\/\/agora.xtec.cat\/iestorredelpalau\/wp-json\/wp\/v2\/posts\/4607\/revisions"}],"predecessor-version":[{"id":4609,"href":"https:\/\/agora.xtec.cat\/iestorredelpalau\/wp-json\/wp\/v2\/posts\/4607\/revisions\/4609"}],"wp:featuredmedia":[{"embeddable":true,"href":"https:\/\/agora.xtec.cat\/iestorredelpalau\/wp-json\/wp\/v2\/media\/4608"}],"wp:attachment":[{"href":"https:\/\/agora.xtec.cat\/iestorredelpalau\/wp-json\/wp\/v2\/media?parent=4607"}],"wp:term":[{"taxonomy":"category","embeddable":true,"href":"https:\/\/agora.xtec.cat\/iestorredelpalau\/wp-json\/wp\/v2\/categories?post=4607"},{"taxonomy":"post_tag","embeddable":true,"href":"https:\/\/agora.xtec.cat\/iestorredelpalau\/wp-json\/wp\/v2\/tags?post=4607"}],"curies":[{"name":"wp","href":"https:\/\/api.w.org\/{rel}","templated":true}]}}