{"id":4443,"date":"2021-05-10T11:23:30","date_gmt":"2021-05-10T09:23:30","guid":{"rendered":"http:\/\/agora.xtec.cat\/iestorredelpalau\/?p=4443"},"modified":"2021-10-07T19:49:44","modified_gmt":"2021-10-07T17:49:44","slug":"lacrosport-a-linstitut","status":"publish","type":"post","link":"https:\/\/agora.xtec.cat\/iestorredelpalau\/general\/lacrosport-a-linstitut\/","title":{"rendered":"L&#8217;Acrosport a l&#8217;Institut"},"content":{"rendered":"<p><span style=\"font-weight: 400;\">Els alumnes de 4t d\u2019ESO, dins la dimensi\u00f3 d\u2019expressi\u00f3 i comunicaci\u00f3 corporal, en la mat\u00e8ria d\u2019Educaci\u00f3 F\u00edsica han treballat l\u2019Acrosport. Per acabar la unitat did\u00e0ctica, per grups han elaborat una coreografia per enlla\u00e7ar una s\u00e8rie de figures amb suport musical.<\/span><\/p>\n<p><span style=\"font-weight: 400;\">Aquesta \u00e9s una activitat per a treballar la cooperaci\u00f3, la coeducaci\u00f3 i la integraci\u00f3 de tot l\u2019alumnat en els diferents rols de la pr\u00e0ctica. Tamb\u00e9 hem fet \u00e8mfasi en la seguretat, les ajudes i la correcci\u00f3 postural.<\/span><\/p>\n<p><span style=\"font-weight: 400;\">Aqu\u00ed us deixem algunes composicions fetes pels alumnes.<\/span><\/p>\n<p><a href=\"https:\/\/drive.google.com\/file\/d\/12mqRnY4UlqDXg43_S1PwpMFV4Wz2_H8P\/view?usp=sharing\">https:\/\/drive.google.com\/file\/d\/12mqRnY4UlqDXg43_S1PwpMFV4Wz2_H8P\/view?usp=sharing<\/a><\/p>\n<p><a href=\"https:\/\/drive.google.com\/file\/d\/1_JzRqKiyOTbXl-YYnny1cEAgzUmQa_cz\/view?usp=sharing\">https:\/\/drive.google.com\/file\/d\/1_JzRqKiyOTbXl-YYnny1cEAgzUmQa_cz\/view?usp=sharing<\/a><\/p>\n<p><a href=\"https:\/\/drive.google.com\/file\/d\/1fqHw-loK60nwVGsvN2xpYdLzc8xteLaJ\/view?usp=sharing\">https:\/\/drive.google.com\/file\/d\/1fqHw-loK60nwVGsvN2xpYdLzc8xteLaJ\/view?usp=sharing<\/a><\/p>\n<p><a href=\"https:\/\/drive.google.com\/file\/d\/1ux-77JlTUu8qZ9kYoMaDrQ5Sm__XPHA9\/view?usp=sharing\">https:\/\/drive.google.com\/file\/d\/1ux-77JlTUu8qZ9kYoMaDrQ5Sm__XPHA9\/view?usp=sharing<\/a><\/p>\n<p>&nbsp;<\/p>\n","protected":false},"excerpt":{"rendered":"<p>Els alumnes de 4t d\u2019ESO, dins la dimensi\u00f3 d\u2019expressi\u00f3 i comunicaci\u00f3 corporal, en la mat\u00e8ria d\u2019Educaci\u00f3 F\u00edsica han treballat l\u2019Acrosport. Per acabar la unitat did\u00e0ctica, per grups han elaborat una coreografia per enlla\u00e7ar una s\u00e8rie de figures amb suport musical. Aquesta \u00e9s una activitat per a treballar la cooperaci\u00f3, la coeducaci\u00f3 i la integraci\u00f3 de [&hellip;]<\/p>\n","protected":false},"author":16,"featured_media":5025,"comment_status":"closed","ping_status":"closed","sticky":false,"template":"","format":"standard","meta":{"_bbp_topic_count":0,"_bbp_reply_count":0,"_bbp_total_topic_count":0,"_bbp_total_reply_count":0,"_bbp_voice_count":0,"_bbp_anonymous_reply_count":0,"_bbp_topic_count_hidden":0,"_bbp_reply_count_hidden":0,"_bbp_forum_subforum_count":0,"site-sidebar-layout":"default","site-content-layout":"","ast-site-content-layout":"","site-content-style":"default","site-sidebar-style":"default","ast-global-header-display":"","ast-banner-title-visibility":"","ast-main-header-display":"","ast-hfb-above-header-display":"","ast-hfb-below-header-display":"","ast-hfb-mobile-header-display":"","site-post-title":"","ast-breadcrumbs-content":"","ast-featured-img":"","footer-sml-layout":"","theme-transparent-header-meta":"","adv-header-id-meta":"","stick-header-meta":"","header-above-stick-meta":"","header-main-stick-meta":"","header-below-stick-meta":"","astra-migrate-meta-layouts":"default","ast-page-background-enabled":"default","ast-page-background-meta":{"desktop":{"background-color":"var(--ast-global-color-4)","background-image":"","background-repeat":"repeat","background-position":"center center","background-size":"auto","background-attachment":"scroll","background-type":"","background-media":"","overlay-type":"","overlay-color":"","overlay-opacity":"","overlay-gradient":""},"tablet":{"background-color":"","background-image":"","background-repeat":"repeat","background-position":"center center","background-size":"auto","background-attachment":"scroll","background-type":"","background-media":"","overlay-type":"","overlay-color":"","overlay-opacity":"","overlay-gradient":""},"mobile":{"background-color":"","background-image":"","background-repeat":"repeat","background-position":"center center","background-size":"auto","background-attachment":"scroll","background-type":"","background-media":"","overlay-type":"","overlay-color":"","overlay-opacity":"","overlay-gradient":""}},"ast-content-background-meta":{"desktop":{"background-color":"var(--ast-global-color-5)","background-image":"","background-repeat":"repeat","background-position":"center center","background-size":"auto","background-attachment":"scroll","background-type":"","background-media":"","overlay-type":"","overlay-color":"","overlay-opacity":"","overlay-gradient":""},"tablet":{"background-color":"var(--ast-global-color-5)","background-image":"","background-repeat":"repeat","background-position":"center center","background-size":"auto","background-attachment":"scroll","background-type":"","background-media":"","overlay-type":"","overlay-color":"","overlay-opacity":"","overlay-gradient":""},"mobile":{"background-color":"var(--ast-global-color-5)","background-image":"","background-repeat":"repeat","background-position":"center center","background-size":"auto","background-attachment":"scroll","background-type":"","background-media":"","overlay-type":"","overlay-color":"","overlay-opacity":"","overlay-gradient":""}},"footnotes":""},"categories":[149,7,1,107,29],"tags":[154,163],"class_list":["post-4443","post","type-post","status-publish","format-standard","has-post-thumbnail","hentry","category-dep-educacio-fisica","category-eso-4","category-general","category-noticies-del-centre","category-portada","tag-4teso","tag-departament-educacio-fisica"],"post_mailing_queue_ids":[],"_links":{"self":[{"href":"https:\/\/agora.xtec.cat\/iestorredelpalau\/wp-json\/wp\/v2\/posts\/4443","targetHints":{"allow":["GET"]}}],"collection":[{"href":"https:\/\/agora.xtec.cat\/iestorredelpalau\/wp-json\/wp\/v2\/posts"}],"about":[{"href":"https:\/\/agora.xtec.cat\/iestorredelpalau\/wp-json\/wp\/v2\/types\/post"}],"author":[{"embeddable":true,"href":"https:\/\/agora.xtec.cat\/iestorredelpalau\/wp-json\/wp\/v2\/users\/16"}],"replies":[{"embeddable":true,"href":"https:\/\/agora.xtec.cat\/iestorredelpalau\/wp-json\/wp\/v2\/comments?post=4443"}],"version-history":[{"count":1,"href":"https:\/\/agora.xtec.cat\/iestorredelpalau\/wp-json\/wp\/v2\/posts\/4443\/revisions"}],"predecessor-version":[{"id":4444,"href":"https:\/\/agora.xtec.cat\/iestorredelpalau\/wp-json\/wp\/v2\/posts\/4443\/revisions\/4444"}],"wp:featuredmedia":[{"embeddable":true,"href":"https:\/\/agora.xtec.cat\/iestorredelpalau\/wp-json\/wp\/v2\/media\/5025"}],"wp:attachment":[{"href":"https:\/\/agora.xtec.cat\/iestorredelpalau\/wp-json\/wp\/v2\/media?parent=4443"}],"wp:term":[{"taxonomy":"category","embeddable":true,"href":"https:\/\/agora.xtec.cat\/iestorredelpalau\/wp-json\/wp\/v2\/categories?post=4443"},{"taxonomy":"post_tag","embeddable":true,"href":"https:\/\/agora.xtec.cat\/iestorredelpalau\/wp-json\/wp\/v2\/tags?post=4443"}],"curies":[{"name":"wp","href":"https:\/\/api.w.org\/{rel}","templated":true}]}}