{"id":4406,"date":"2021-05-03T11:36:42","date_gmt":"2021-05-03T09:36:42","guid":{"rendered":"http:\/\/agora.xtec.cat\/iestorredelpalau\/?p=4406"},"modified":"2021-05-03T11:38:22","modified_gmt":"2021-05-03T09:38:22","slug":"histories-per-llogar","status":"publish","type":"post","link":"https:\/\/agora.xtec.cat\/iestorredelpalau\/general\/histories-per-llogar\/","title":{"rendered":"Hist\u00f2ries per llogar"},"content":{"rendered":"<p><span style=\"font-weight: 400;\">Els alumnes de 2n de Batxillerat Esc\u00e8nic van estrenar l&#8217;obra <\/span><b><i>Hist\u00f2ries per llogar<\/i><\/b><span style=\"font-weight: 400;\"> al Teatre Principal dins els actes de la Diada de Sant Jordi. \u00c9s quasi un miracle haver pogut pujar a l&#8217;escenari si tenim en compte les circumst\u00e0ncies sanit\u00e0ries del moment.\u00a0<\/span><\/p>\n<p><span style=\"font-weight: 400;\">Enguany, el projecte de teatre de text\u00a0 que s&#8217;ha treballat durant 2 trimestres \u00e9s un seguit de petites hist\u00f2ries, algunes escrites per dramaturgs contemporanis com Esteve Soler o Alejandro Jodorowsky i d&#8217;altres creades pels propis alumnes. Aquest \u00faltim punt \u00e9s un dels aspectes de l&#8217;obra que\u00a0 fan sentir m\u00e9s orgullosos a tots els integrants de la companyia.\u00a0<\/span><\/p>\n<p><span style=\"font-weight: 400;\">Les escenes que hem titulat: l&#8217;avi\u00f3, els venedors, la disco i els reis s\u00f3n les que han escrit els alumnes. Els actors i actrius que les interpreten no s\u00f3n els autors de les peces. Un altre element que caracteritza aquesta obra \u00e9s el vestuari. Com en d&#8217;altres ocasions l&#8217;ha dissenyat el departament de VIP: Anna L\u00f3pez, Empar Sandoval i Marta Garcia.\u00a0<\/span><\/p>\n<div class=\"ast-oembed-container \" style=\"height: 100%;\"><iframe loading=\"lazy\" title=\"Histo\u0300ries per llogar\" width=\"500\" height=\"281\" src=\"https:\/\/www.youtube.com\/embed\/DEe3su5tO9k?feature=oembed\" frameborder=\"0\" allow=\"accelerometer; autoplay; clipboard-write; encrypted-media; gyroscope; picture-in-picture; web-share\" referrerpolicy=\"strict-origin-when-cross-origin\" allowfullscreen><\/iframe><\/div>\n<p>&nbsp;<\/p>\n","protected":false},"excerpt":{"rendered":"<p>Els alumnes de 2n de Batxillerat Esc\u00e8nic van estrenar l&#8217;obra Hist\u00f2ries per llogar al Teatre Principal dins els actes de la Diada de Sant Jordi. \u00c9s quasi un miracle haver pogut pujar a l&#8217;escenari si tenim en compte les circumst\u00e0ncies sanit\u00e0ries del moment.\u00a0 Enguany, el projecte de teatre de text\u00a0 que s&#8217;ha treballat durant 2 [&hellip;]<\/p>\n","protected":false},"author":16,"featured_media":4411,"comment_status":"closed","ping_status":"closed","sticky":false,"template":"","format":"standard","meta":{"_bbp_topic_count":0,"_bbp_reply_count":0,"_bbp_total_topic_count":0,"_bbp_total_reply_count":0,"_bbp_voice_count":0,"_bbp_anonymous_reply_count":0,"_bbp_topic_count_hidden":0,"_bbp_reply_count_hidden":0,"_bbp_forum_subforum_count":0,"site-sidebar-layout":"default","site-content-layout":"","ast-site-content-layout":"","site-content-style":"default","site-sidebar-style":"default","ast-global-header-display":"","ast-banner-title-visibility":"","ast-main-header-display":"","ast-hfb-above-header-display":"","ast-hfb-below-header-display":"","ast-hfb-mobile-header-display":"","site-post-title":"","ast-breadcrumbs-content":"","ast-featured-img":"","footer-sml-layout":"","theme-transparent-header-meta":"","adv-header-id-meta":"","stick-header-meta":"","header-above-stick-meta":"","header-main-stick-meta":"","header-below-stick-meta":"","astra-migrate-meta-layouts":"default","ast-page-background-enabled":"default","ast-page-background-meta":{"desktop":{"background-color":"var(--ast-global-color-4)","background-image":"","background-repeat":"repeat","background-position":"center center","background-size":"auto","background-attachment":"scroll","background-type":"","background-media":"","overlay-type":"","overlay-color":"","overlay-opacity":"","overlay-gradient":""},"tablet":{"background-color":"","background-image":"","background-repeat":"repeat","background-position":"center center","background-size":"auto","background-attachment":"scroll","background-type":"","background-media":"","overlay-type":"","overlay-color":"","overlay-opacity":"","overlay-gradient":""},"mobile":{"background-color":"","background-image":"","background-repeat":"repeat","background-position":"center center","background-size":"auto","background-attachment":"scroll","background-type":"","background-media":"","overlay-type":"","overlay-color":"","overlay-opacity":"","overlay-gradient":""}},"ast-content-background-meta":{"desktop":{"background-color":"var(--ast-global-color-5)","background-image":"","background-repeat":"repeat","background-position":"center center","background-size":"auto","background-attachment":"scroll","background-type":"","background-media":"","overlay-type":"","overlay-color":"","overlay-opacity":"","overlay-gradient":""},"tablet":{"background-color":"var(--ast-global-color-5)","background-image":"","background-repeat":"repeat","background-position":"center center","background-size":"auto","background-attachment":"scroll","background-type":"","background-media":"","overlay-type":"","overlay-color":"","overlay-opacity":"","overlay-gradient":""},"mobile":{"background-color":"var(--ast-global-color-5)","background-image":"","background-repeat":"repeat","background-position":"center center","background-size":"auto","background-attachment":"scroll","background-type":"","background-media":"","overlay-type":"","overlay-color":"","overlay-opacity":"","overlay-gradient":""}},"footnotes":""},"categories":[150,1,107,29],"tags":[162,161],"class_list":["post-4406","post","type-post","status-publish","format-standard","has-post-thumbnail","hentry","category-dep-arts-esceniques","category-general","category-noticies-del-centre","category-portada","tag-2n-batxillerat","tag-departament-arts-esceniques"],"post_mailing_queue_ids":[],"_links":{"self":[{"href":"https:\/\/agora.xtec.cat\/iestorredelpalau\/wp-json\/wp\/v2\/posts\/4406","targetHints":{"allow":["GET"]}}],"collection":[{"href":"https:\/\/agora.xtec.cat\/iestorredelpalau\/wp-json\/wp\/v2\/posts"}],"about":[{"href":"https:\/\/agora.xtec.cat\/iestorredelpalau\/wp-json\/wp\/v2\/types\/post"}],"author":[{"embeddable":true,"href":"https:\/\/agora.xtec.cat\/iestorredelpalau\/wp-json\/wp\/v2\/users\/16"}],"replies":[{"embeddable":true,"href":"https:\/\/agora.xtec.cat\/iestorredelpalau\/wp-json\/wp\/v2\/comments?post=4406"}],"version-history":[{"count":1,"href":"https:\/\/agora.xtec.cat\/iestorredelpalau\/wp-json\/wp\/v2\/posts\/4406\/revisions"}],"predecessor-version":[{"id":4410,"href":"https:\/\/agora.xtec.cat\/iestorredelpalau\/wp-json\/wp\/v2\/posts\/4406\/revisions\/4410"}],"wp:featuredmedia":[{"embeddable":true,"href":"https:\/\/agora.xtec.cat\/iestorredelpalau\/wp-json\/wp\/v2\/media\/4411"}],"wp:attachment":[{"href":"https:\/\/agora.xtec.cat\/iestorredelpalau\/wp-json\/wp\/v2\/media?parent=4406"}],"wp:term":[{"taxonomy":"category","embeddable":true,"href":"https:\/\/agora.xtec.cat\/iestorredelpalau\/wp-json\/wp\/v2\/categories?post=4406"},{"taxonomy":"post_tag","embeddable":true,"href":"https:\/\/agora.xtec.cat\/iestorredelpalau\/wp-json\/wp\/v2\/tags?post=4406"}],"curies":[{"name":"wp","href":"https:\/\/api.w.org\/{rel}","templated":true}]}}