{"id":4390,"date":"2021-04-29T09:38:11","date_gmt":"2021-04-29T07:38:11","guid":{"rendered":"http:\/\/agora.xtec.cat\/iestorredelpalau\/?p=4390"},"modified":"2021-04-29T09:58:54","modified_gmt":"2021-04-29T07:58:54","slug":"el-lideratge","status":"publish","type":"post","link":"https:\/\/agora.xtec.cat\/iestorredelpalau\/general\/el-lideratge\/","title":{"rendered":"El Lideratge"},"content":{"rendered":"<p><span style=\"font-weight: 400;\">Els alumnes de 2n de la ESO, a la classe d&#8217;angl\u00e8s, han treballat el lideratge des de diferents punts de vista i personatges hist\u00f2rics dels USA m\u00e9s enll\u00e0 de Luther King, Rosa Parks o George Wasington.\u00a0<\/span><\/p>\n<p><span style=\"font-weight: 400;\">Han apr\u00e8s qui era Hamilton, Douglas, Tubman o Paul. L&#8217;Alcalde de Terrassa ha trobat interessant les nostres propostes i ens ha donat un cop de m\u00e0 per fer la nostra reflexi\u00f3 m\u00e9s propera. Aix\u00ed va n\u00e9ixer el projecte &#8220;Local commitment! &#8220;Zero-mile leadership&#8221; que traduir\u00edem com Comprom\u00eds local, lideratge de km 0.\u00a0<\/span><\/p>\n<p><span style=\"font-weight: 400;\">En el seg\u00fcent link hi podreu trobar els missatges del nostre batlle als alumnes implicats en aquesta tasca. A partir de les seves paraules, l&#8217;apr\u00e8s en els anteriors projectes de &#8220;Black history month&#8221;, &#8220;Presidents&#8217; day&#8221; i &#8220;American suffragettes&#8221; i fent-nos valer del projecte de centre &#8220;Mobils.edu&#8221;, els alumnes han donat la seva visi\u00f3 del bon lideratge, a partir de poemes, haikus, tutorials, contes per a nens i molt m\u00e9s.<\/span><\/p>\n<p><span style=\"font-weight: 400;\">Des del centre desitgem que el gaudiu i agra\u00efm la implicaci\u00f3 de l\u2019ajuntament en general i d\u2019en Jordi Ballart en particular.<\/span><\/p>\n<p><a href=\"https:\/\/wke.lt\/w\/s\/z3N-5o\">https:\/\/wke.lt\/w\/s\/z3N-5o<\/a><\/p>\n<p>&nbsp;<\/p>\n","protected":false},"excerpt":{"rendered":"<p>Els alumnes de 2n de la ESO, a la classe d&#8217;angl\u00e8s, han treballat el lideratge des de diferents punts de vista i personatges hist\u00f2rics dels USA m\u00e9s enll\u00e0 de Luther King, Rosa Parks o George Wasington.\u00a0 Han apr\u00e8s qui era Hamilton, Douglas, Tubman o Paul. L&#8217;Alcalde de Terrassa ha trobat interessant les nostres propostes i [&hellip;]<\/p>\n","protected":false},"author":16,"featured_media":4391,"comment_status":"closed","ping_status":"closed","sticky":false,"template":"","format":"standard","meta":{"_bbp_topic_count":0,"_bbp_reply_count":0,"_bbp_total_topic_count":0,"_bbp_total_reply_count":0,"_bbp_voice_count":0,"_bbp_anonymous_reply_count":0,"_bbp_topic_count_hidden":0,"_bbp_reply_count_hidden":0,"_bbp_forum_subforum_count":0,"site-sidebar-layout":"default","site-content-layout":"","ast-site-content-layout":"","site-content-style":"default","site-sidebar-style":"default","ast-global-header-display":"","ast-banner-title-visibility":"","ast-main-header-display":"","ast-hfb-above-header-display":"","ast-hfb-below-header-display":"","ast-hfb-mobile-header-display":"","site-post-title":"","ast-breadcrumbs-content":"","ast-featured-img":"","footer-sml-layout":"","theme-transparent-header-meta":"","adv-header-id-meta":"","stick-header-meta":"","header-above-stick-meta":"","header-main-stick-meta":"","header-below-stick-meta":"","astra-migrate-meta-layouts":"default","ast-page-background-enabled":"default","ast-page-background-meta":{"desktop":{"background-color":"var(--ast-global-color-4)","background-image":"","background-repeat":"repeat","background-position":"center center","background-size":"auto","background-attachment":"scroll","background-type":"","background-media":"","overlay-type":"","overlay-color":"","overlay-opacity":"","overlay-gradient":""},"tablet":{"background-color":"","background-image":"","background-repeat":"repeat","background-position":"center center","background-size":"auto","background-attachment":"scroll","background-type":"","background-media":"","overlay-type":"","overlay-color":"","overlay-opacity":"","overlay-gradient":""},"mobile":{"background-color":"","background-image":"","background-repeat":"repeat","background-position":"center center","background-size":"auto","background-attachment":"scroll","background-type":"","background-media":"","overlay-type":"","overlay-color":"","overlay-opacity":"","overlay-gradient":""}},"ast-content-background-meta":{"desktop":{"background-color":"var(--ast-global-color-5)","background-image":"","background-repeat":"repeat","background-position":"center center","background-size":"auto","background-attachment":"scroll","background-type":"","background-media":"","overlay-type":"","overlay-color":"","overlay-opacity":"","overlay-gradient":""},"tablet":{"background-color":"var(--ast-global-color-5)","background-image":"","background-repeat":"repeat","background-position":"center center","background-size":"auto","background-attachment":"scroll","background-type":"","background-media":"","overlay-type":"","overlay-color":"","overlay-opacity":"","overlay-gradient":""},"mobile":{"background-color":"var(--ast-global-color-5)","background-image":"","background-repeat":"repeat","background-position":"center center","background-size":"auto","background-attachment":"scroll","background-type":"","background-media":"","overlay-type":"","overlay-color":"","overlay-opacity":"","overlay-gradient":""}},"footnotes":""},"categories":[136,5,1,107,29],"tags":[158,157],"class_list":["post-4390","post","type-post","status-publish","format-standard","has-post-thumbnail","hentry","category-dep-idiomes","category-eso-2","category-general","category-noticies-del-centre","category-portada","tag-2neso","tag-departament-angles"],"post_mailing_queue_ids":[],"_links":{"self":[{"href":"https:\/\/agora.xtec.cat\/iestorredelpalau\/wp-json\/wp\/v2\/posts\/4390","targetHints":{"allow":["GET"]}}],"collection":[{"href":"https:\/\/agora.xtec.cat\/iestorredelpalau\/wp-json\/wp\/v2\/posts"}],"about":[{"href":"https:\/\/agora.xtec.cat\/iestorredelpalau\/wp-json\/wp\/v2\/types\/post"}],"author":[{"embeddable":true,"href":"https:\/\/agora.xtec.cat\/iestorredelpalau\/wp-json\/wp\/v2\/users\/16"}],"replies":[{"embeddable":true,"href":"https:\/\/agora.xtec.cat\/iestorredelpalau\/wp-json\/wp\/v2\/comments?post=4390"}],"version-history":[{"count":3,"href":"https:\/\/agora.xtec.cat\/iestorredelpalau\/wp-json\/wp\/v2\/posts\/4390\/revisions"}],"predecessor-version":[{"id":4394,"href":"https:\/\/agora.xtec.cat\/iestorredelpalau\/wp-json\/wp\/v2\/posts\/4390\/revisions\/4394"}],"wp:featuredmedia":[{"embeddable":true,"href":"https:\/\/agora.xtec.cat\/iestorredelpalau\/wp-json\/wp\/v2\/media\/4391"}],"wp:attachment":[{"href":"https:\/\/agora.xtec.cat\/iestorredelpalau\/wp-json\/wp\/v2\/media?parent=4390"}],"wp:term":[{"taxonomy":"category","embeddable":true,"href":"https:\/\/agora.xtec.cat\/iestorredelpalau\/wp-json\/wp\/v2\/categories?post=4390"},{"taxonomy":"post_tag","embeddable":true,"href":"https:\/\/agora.xtec.cat\/iestorredelpalau\/wp-json\/wp\/v2\/tags?post=4390"}],"curies":[{"name":"wp","href":"https:\/\/api.w.org\/{rel}","templated":true}]}}