{"id":4372,"date":"2021-04-26T13:06:30","date_gmt":"2021-04-26T11:06:30","guid":{"rendered":"http:\/\/agora.xtec.cat\/iestorredelpalau\/?p=4372"},"modified":"2021-04-26T15:35:58","modified_gmt":"2021-04-26T13:35:58","slug":"diada-de-sant-jordi-2","status":"publish","type":"post","link":"https:\/\/agora.xtec.cat\/iestorredelpalau\/general\/diada-de-sant-jordi-2\/","title":{"rendered":"Diada de Sant Jordi"},"content":{"rendered":"<p><span style=\"font-weight: 400;\">Amb motiu de la Diada de Sant Jordi, el <\/span><b>Departament de Lleng\u00fces <\/b><span style=\"font-weight: 400;\">va celebrar<\/span> <span style=\"font-weight: 400;\">el certamen literari dels<\/span><b> Jocs Florals<\/b><span style=\"font-weight: 400;\"> que s\u2019organitza com cada any al nostre centre.<\/span><\/p>\n<p><span style=\"font-weight: 400;\">Aquesta activitat \u00e9s fruit d\u2019un projecte did\u00e0ctic enfocat a desenvolupar la dimensi\u00f3 liter\u00e0ria en l\u2019alumnat de les etapes d\u2019ESO i Batxillerat.<\/span><\/p>\n<p><span style=\"font-weight: 400;\">A m\u00e9s s\u2019ha de dir, que la qualitat de les obres, poesia i narrativa, ha estat excel\u00b7lent majorit\u00e0riament, amb la qual cosa ha valgut la pena l\u2019esfor\u00e7 i la dedicaci\u00f3 i, alhora, no ha estat gens f\u00e0cil prendre la decisi\u00f3 de determinar les composicions guardonades. A continuaci\u00f3 teniu el llistat dels guanyadors.<\/span><\/p>\n<p>&nbsp;<\/p>\n<table>\n<tbody>\n<tr>\n<td><\/td>\n<td><b>Primer d\u2019ESO<\/b><\/td>\n<\/tr>\n<tr>\n<td><span style=\"font-weight: 400;\">1r premi<\/span><\/td>\n<td><i><span style=\"font-weight: 400;\">\u201cTu i jo\u201d . Fastuc, <\/span><\/i><b><i>PAULA DEL VALLE<\/i><\/b><\/td>\n<\/tr>\n<tr>\n<td><span style=\"font-weight: 400;\">2n premi<\/span><\/td>\n<td><i><span style=\"font-weight: 400;\">\u201cPer tu i per mi\u201d . N.Aguilera , <\/span><\/i><b><i>NAIA PARDO<\/i><\/b><\/td>\n<\/tr>\n<tr>\n<td><span style=\"font-weight: 400;\">3r premi<\/span><\/td>\n<td><i><span style=\"font-weight: 400;\">\u201c23 d\u2019abril\u201d .Taula, <\/span><\/i><b><i>J<\/i><\/b><b>UDITH\u00a0 M\u00c1RQUEZ<\/b><\/td>\n<\/tr>\n<\/tbody>\n<\/table>\n<p>&nbsp;<\/p>\n<table>\n<tbody>\n<tr>\n<td><\/td>\n<td><b>Segon d\u2019ESO<\/b><\/td>\n<\/tr>\n<tr>\n<td><span style=\"font-weight: 400;\">1r premi<\/span><\/td>\n<td><i><span style=\"font-weight: 400;\">\u201cLa salvaci\u00f3n\u201d . Ed-Win , <\/span><\/i><b><i>EDER HERN\u00c1NDEZ<\/i><\/b><\/td>\n<\/tr>\n<tr>\n<td><span style=\"font-weight: 400;\">2n premi<\/span><\/td>\n<td><i><span style=\"font-weight: 400;\">\u201cSin t\u00edtulo\u201d . Jakku , <\/span><\/i><b><i>AR\u00c1N RODR\u00cdGUEZ<\/i><\/b><\/td>\n<\/tr>\n<tr>\n<td><span style=\"font-weight: 400;\">3r premi<\/span><\/td>\n<td><i><span style=\"font-weight: 400;\">\u201c\u00bfQu\u00e9 es esa sensaci\u00f3n\u201d . El petit pag\u00e8s, <\/span><\/i><b><i>PERE PAG\u00c8S<\/i><\/b><\/td>\n<\/tr>\n<\/tbody>\n<\/table>\n<p>&nbsp;<\/p>\n<table>\n<tbody>\n<tr>\n<td><\/td>\n<td><b>Tercer d\u2019ESO<\/b><\/td>\n<\/tr>\n<tr>\n<td><span style=\"font-weight: 400;\">1r premi<\/span><\/td>\n<td><i><span style=\"font-weight: 400;\">\u201d\u201dBella com un lliri \u201cKira, <\/span><\/i><b><i>NUALA CONSIGNY<\/i><\/b><\/td>\n<\/tr>\n<tr>\n<td><span style=\"font-weight: 400;\">2n premi<\/span><\/td>\n<td><i><span style=\"font-weight: 400;\">\u201dLa meva costurera\u201d. Parguela.<\/span><\/i><b><i>, N\u00daRIA OTERO<\/i><\/b><\/td>\n<\/tr>\n<tr>\n<td><span style=\"font-weight: 400;\">3r premi<\/span><\/td>\n<td><i><span style=\"font-weight: 400;\">\u201dUn cor, dues \u00e0nimes\u201d. Izasku, <\/span><\/i><b><i>ANDREA S\u00c1NCHEZ<\/i><\/b><\/p>\n<p><i><span style=\"font-weight: 400;\">\u201cTiges trenades\u201d. Lyra, <\/span><\/i><b><i>JULIET RUB\u00cd<\/i><\/b><\/td>\n<\/tr>\n<\/tbody>\n<\/table>\n<p>&nbsp;<\/p>\n<table>\n<tbody>\n<tr>\n<td><\/td>\n<td><b>Quart d\u2019ESO\u00a0<\/b><\/td>\n<\/tr>\n<tr>\n<td><span style=\"font-weight: 400;\">1r premi<\/span><\/td>\n<td><i><span style=\"font-weight: 400;\">\u201cEntre granados y flores\u201d, de Saul Berenson. <\/span><\/i><b><i>IKER DOBLAS<\/i><\/b><\/td>\n<\/tr>\n<tr>\n<td><span style=\"font-weight: 400;\">2n premi<\/span><\/td>\n<td><i><span style=\"font-weight: 400;\">\u201cClaro de Luna\u201d, de Miss Rock .<\/span><\/i><b><i>CARLA GARCIA <\/i><\/b><i><span style=\"font-weight: 400;\">i\u00a0<\/span><\/i><\/p>\n<p><i><span style=\"font-weight: 400;\">\u201cTu sonrisa\u201d, de Bellis Perennis .<\/span><\/i><b><i>LAIA MU\u00d1OZ<\/i><\/b><\/td>\n<\/tr>\n<tr>\n<td><span style=\"font-weight: 400;\">3r premi<\/span><\/td>\n<td><i><span style=\"font-weight: 400;\">\u201cDesenga\u00f1os\u201d, de Quisu .<\/span><\/i><b><i>ALBA DEL VALLE<\/i><\/b><\/td>\n<\/tr>\n<\/tbody>\n<\/table>\n<p>&nbsp;<\/p>\n<table>\n<tbody>\n<tr>\n<td><\/td>\n<td><b>Batxillerat<\/b><\/td>\n<\/tr>\n<tr>\n<td><span style=\"font-weight: 400;\">1r premi<\/span><\/td>\n<td><i><span style=\"font-weight: 400;\">\u201cHora crepuscular\u201d de Jugemu-jugemu [&#8230;] . <\/span><\/i><b><i>LIL\u00c0 RUB\u00cd<\/i><\/b><\/td>\n<\/tr>\n<tr>\n<td><span style=\"font-weight: 400;\">2n premi<\/span><\/td>\n<td><i><span style=\"font-weight: 400;\">\u201dOda a 6 flors i una noia\u201d. Brol de les flors. <\/span><\/i><b><i>NICOLAU SALES<\/i><\/b><\/td>\n<\/tr>\n<tr>\n<td><span style=\"font-weight: 400;\">3r premi<\/span><\/td>\n<td><i><span style=\"font-weight: 400;\">\u201dSorpresa\u201d. La croquetilla, <\/span><\/i><b><i>AITANA YESTE<\/i><\/b><\/td>\n<\/tr>\n<\/tbody>\n<\/table>\n<p>&nbsp;<\/p>\n<p><span style=\"font-weight: 400;\">Aqu\u00ed teniu un recull de fotografies de l\u2019esdeveniment per tal que en gaudiu. Esperem que pass\u00e9ssiu una bona Diada de Sant Jordi.<\/span><\/p>\n<p><a href=\"https:\/\/drive.google.com\/file\/d\/1FZP3bEfT4LAdy_yATI8jj6tU7C_gD24Z\/view?usp=sharing\">https:\/\/drive.google.com\/file\/d\/1FZP3bEfT4LAdy_yATI8jj6tU7C_gD24Z\/view?usp=sharing<\/a><\/p>\n<p>&nbsp;<\/p>\n<p>&nbsp;<\/p>\n","protected":false},"excerpt":{"rendered":"<p>Amb motiu de la Diada de Sant Jordi, el Departament de Lleng\u00fces va celebrar el certamen literari dels Jocs Florals que s\u2019organitza com cada any al nostre centre. Aquesta activitat \u00e9s fruit d\u2019un projecte did\u00e0ctic enfocat a desenvolupar la dimensi\u00f3 liter\u00e0ria en l\u2019alumnat de les etapes d\u2019ESO i Batxillerat. A m\u00e9s s\u2019ha de dir, que [&hellip;]<\/p>\n","protected":false},"author":16,"featured_media":4377,"comment_status":"closed","ping_status":"closed","sticky":false,"template":"","format":"standard","meta":{"_bbp_topic_count":0,"_bbp_reply_count":0,"_bbp_total_topic_count":0,"_bbp_total_reply_count":0,"_bbp_voice_count":0,"_bbp_anonymous_reply_count":0,"_bbp_topic_count_hidden":0,"_bbp_reply_count_hidden":0,"_bbp_forum_subforum_count":0,"site-sidebar-layout":"default","site-content-layout":"","ast-site-content-layout":"","site-content-style":"default","site-sidebar-style":"default","ast-global-header-display":"","ast-banner-title-visibility":"","ast-main-header-display":"","ast-hfb-above-header-display":"","ast-hfb-below-header-display":"","ast-hfb-mobile-header-display":"","site-post-title":"","ast-breadcrumbs-content":"","ast-featured-img":"","footer-sml-layout":"","theme-transparent-header-meta":"","adv-header-id-meta":"","stick-header-meta":"","header-above-stick-meta":"","header-main-stick-meta":"","header-below-stick-meta":"","astra-migrate-meta-layouts":"default","ast-page-background-enabled":"default","ast-page-background-meta":{"desktop":{"background-color":"var(--ast-global-color-4)","background-image":"","background-repeat":"repeat","background-position":"center center","background-size":"auto","background-attachment":"scroll","background-type":"","background-media":"","overlay-type":"","overlay-color":"","overlay-opacity":"","overlay-gradient":""},"tablet":{"background-color":"","background-image":"","background-repeat":"repeat","background-position":"center center","background-size":"auto","background-attachment":"scroll","background-type":"","background-media":"","overlay-type":"","overlay-color":"","overlay-opacity":"","overlay-gradient":""},"mobile":{"background-color":"","background-image":"","background-repeat":"repeat","background-position":"center center","background-size":"auto","background-attachment":"scroll","background-type":"","background-media":"","overlay-type":"","overlay-color":"","overlay-opacity":"","overlay-gradient":""}},"ast-content-background-meta":{"desktop":{"background-color":"var(--ast-global-color-5)","background-image":"","background-repeat":"repeat","background-position":"center center","background-size":"auto","background-attachment":"scroll","background-type":"","background-media":"","overlay-type":"","overlay-color":"","overlay-opacity":"","overlay-gradient":""},"tablet":{"background-color":"var(--ast-global-color-5)","background-image":"","background-repeat":"repeat","background-position":"center center","background-size":"auto","background-attachment":"scroll","background-type":"","background-media":"","overlay-type":"","overlay-color":"","overlay-opacity":"","overlay-gradient":""},"mobile":{"background-color":"var(--ast-global-color-5)","background-image":"","background-repeat":"repeat","background-position":"center center","background-size":"auto","background-attachment":"scroll","background-type":"","background-media":"","overlay-type":"","overlay-color":"","overlay-opacity":"","overlay-gradient":""}},"footnotes":""},"categories":[138,1,107,29],"tags":[156],"class_list":["post-4372","post","type-post","status-publish","format-standard","has-post-thumbnail","hentry","category-dep-llengues","category-general","category-noticies-del-centre","category-portada","tag-departament-llengues"],"post_mailing_queue_ids":[],"_links":{"self":[{"href":"https:\/\/agora.xtec.cat\/iestorredelpalau\/wp-json\/wp\/v2\/posts\/4372","targetHints":{"allow":["GET"]}}],"collection":[{"href":"https:\/\/agora.xtec.cat\/iestorredelpalau\/wp-json\/wp\/v2\/posts"}],"about":[{"href":"https:\/\/agora.xtec.cat\/iestorredelpalau\/wp-json\/wp\/v2\/types\/post"}],"author":[{"embeddable":true,"href":"https:\/\/agora.xtec.cat\/iestorredelpalau\/wp-json\/wp\/v2\/users\/16"}],"replies":[{"embeddable":true,"href":"https:\/\/agora.xtec.cat\/iestorredelpalau\/wp-json\/wp\/v2\/comments?post=4372"}],"version-history":[{"count":3,"href":"https:\/\/agora.xtec.cat\/iestorredelpalau\/wp-json\/wp\/v2\/posts\/4372\/revisions"}],"predecessor-version":[{"id":4378,"href":"https:\/\/agora.xtec.cat\/iestorredelpalau\/wp-json\/wp\/v2\/posts\/4372\/revisions\/4378"}],"wp:featuredmedia":[{"embeddable":true,"href":"https:\/\/agora.xtec.cat\/iestorredelpalau\/wp-json\/wp\/v2\/media\/4377"}],"wp:attachment":[{"href":"https:\/\/agora.xtec.cat\/iestorredelpalau\/wp-json\/wp\/v2\/media?parent=4372"}],"wp:term":[{"taxonomy":"category","embeddable":true,"href":"https:\/\/agora.xtec.cat\/iestorredelpalau\/wp-json\/wp\/v2\/categories?post=4372"},{"taxonomy":"post_tag","embeddable":true,"href":"https:\/\/agora.xtec.cat\/iestorredelpalau\/wp-json\/wp\/v2\/tags?post=4372"}],"curies":[{"name":"wp","href":"https:\/\/api.w.org\/{rel}","templated":true}]}}