{"id":4363,"date":"2021-04-21T09:46:36","date_gmt":"2021-04-21T07:46:36","guid":{"rendered":"http:\/\/agora.xtec.cat\/iestorredelpalau\/?p=4363"},"modified":"2021-04-21T09:50:00","modified_gmt":"2021-04-21T07:50:00","slug":"teatre-a-la-nit","status":"publish","type":"post","link":"https:\/\/agora.xtec.cat\/iestorredelpalau\/general\/teatre-a-la-nit\/","title":{"rendered":"Teatre a la nit"},"content":{"rendered":"<p style=\"font-weight: 400;\"><strong>Teatre a la nit, gratis, obert a tothom i amb reserva pr\u00e8via obligat\u00f2ria:<\/strong><\/p>\n<p style=\"font-weight: 400;\">Sessi\u00f3 de la nit a les\u00a0\u00a019:30 hores.<\/p>\n<p style=\"font-weight: 400;\">Lloc: Teatre Principal de Terrassa.<\/p>\n<p style=\"font-weight: 400;\">Actors i actrius: alumnes de segon de Batxillerat Esc\u00e8nic.<\/p>\n<p style=\"font-weight: 400;\">Direcci\u00f3: Rosa Ponsarnau, professora de Batxillerat Esc\u00e8nic.<\/p>\n<p style=\"font-weight: 400;\">Qui vulgui assistir ha d\u2019enviar un correu per reservar les entrades, gratu\u00eftes:<\/p>\n<p style=\"font-weight: 400;\">En el correu cal posar nom, cognoms i m\u00f2bil, degut al seguiment sanit\u00e0ria per temes COVID.<\/p>\n<p style=\"font-weight: 400;\"><a href=\"mailto:reservestorredelpalau@gmail.com\">reservestorredelpalau@gmail.com<\/a><\/p>\n<p style=\"font-weight: 400;\">Rebreu resposta de confirmaci\u00f3 de les entrades fins que s\u2019exhaureixin.<\/p>\n<p style=\"font-weight: 400;\">Durant la sessi\u00f3 de la representaci\u00f3 de l\u2019obra s\u2019han de respectar les mesures sanit\u00e0ries COVID del teatre Principal.<\/p>\n<p style=\"font-weight: 400;\"><a href=\"https:\/\/agora.xtec.cat\/iestorredelpalau\/wp-content\/uploads\/usu1331\/2021\/04\/1-1.png\"><img loading=\"lazy\" decoding=\"async\" class=\"alignnone size-full wp-image-4365\" src=\"https:\/\/agora.xtec.cat\/iestorredelpalau\/wp-content\/uploads\/usu1331\/2021\/04\/1-1.png\" alt=\"\" width=\"519\" height=\"712\" srcset=\"https:\/\/agora.xtec.cat\/iestorredelpalau\/wp-content\/uploads\/usu1331\/2021\/04\/1-1.png 519w, https:\/\/agora.xtec.cat\/iestorredelpalau\/wp-content\/uploads\/usu1331\/2021\/04\/1-1-219x300.png 219w\" sizes=\"auto, (max-width: 519px) 100vw, 519px\" \/><\/a><\/p>\n","protected":false},"excerpt":{"rendered":"<p>Teatre a la nit, gratis, obert a tothom i amb reserva pr\u00e8via obligat\u00f2ria: Sessi\u00f3 de la nit a les\u00a0\u00a019:30 hores. Lloc: Teatre Principal de Terrassa. Actors i actrius: alumnes de segon de Batxillerat Esc\u00e8nic. Direcci\u00f3: Rosa Ponsarnau, professora de Batxillerat Esc\u00e8nic. Qui vulgui assistir ha d\u2019enviar un correu per reservar les entrades, gratu\u00eftes: En el [&hellip;]<\/p>\n","protected":false},"author":1,"featured_media":4364,"comment_status":"closed","ping_status":"closed","sticky":false,"template":"","format":"standard","meta":{"_bbp_topic_count":0,"_bbp_reply_count":0,"_bbp_total_topic_count":0,"_bbp_total_reply_count":0,"_bbp_voice_count":0,"_bbp_anonymous_reply_count":0,"_bbp_topic_count_hidden":0,"_bbp_reply_count_hidden":0,"_bbp_forum_subforum_count":0,"site-sidebar-layout":"default","site-content-layout":"","ast-site-content-layout":"","site-content-style":"default","site-sidebar-style":"default","ast-global-header-display":"","ast-banner-title-visibility":"","ast-main-header-display":"","ast-hfb-above-header-display":"","ast-hfb-below-header-display":"","ast-hfb-mobile-header-display":"","site-post-title":"","ast-breadcrumbs-content":"","ast-featured-img":"","footer-sml-layout":"","theme-transparent-header-meta":"","adv-header-id-meta":"","stick-header-meta":"","header-above-stick-meta":"","header-main-stick-meta":"","header-below-stick-meta":"","astra-migrate-meta-layouts":"default","ast-page-background-enabled":"default","ast-page-background-meta":{"desktop":{"background-color":"var(--ast-global-color-4)","background-image":"","background-repeat":"repeat","background-position":"center center","background-size":"auto","background-attachment":"scroll","background-type":"","background-media":"","overlay-type":"","overlay-color":"","overlay-opacity":"","overlay-gradient":""},"tablet":{"background-color":"","background-image":"","background-repeat":"repeat","background-position":"center center","background-size":"auto","background-attachment":"scroll","background-type":"","background-media":"","overlay-type":"","overlay-color":"","overlay-opacity":"","overlay-gradient":""},"mobile":{"background-color":"","background-image":"","background-repeat":"repeat","background-position":"center center","background-size":"auto","background-attachment":"scroll","background-type":"","background-media":"","overlay-type":"","overlay-color":"","overlay-opacity":"","overlay-gradient":""}},"ast-content-background-meta":{"desktop":{"background-color":"var(--ast-global-color-5)","background-image":"","background-repeat":"repeat","background-position":"center center","background-size":"auto","background-attachment":"scroll","background-type":"","background-media":"","overlay-type":"","overlay-color":"","overlay-opacity":"","overlay-gradient":""},"tablet":{"background-color":"var(--ast-global-color-5)","background-image":"","background-repeat":"repeat","background-position":"center center","background-size":"auto","background-attachment":"scroll","background-type":"","background-media":"","overlay-type":"","overlay-color":"","overlay-opacity":"","overlay-gradient":""},"mobile":{"background-color":"var(--ast-global-color-5)","background-image":"","background-repeat":"repeat","background-position":"center center","background-size":"auto","background-attachment":"scroll","background-type":"","background-media":"","overlay-type":"","overlay-color":"","overlay-opacity":"","overlay-gradient":""}},"footnotes":""},"categories":[150,1,107,29],"tags":[153,40],"class_list":["post-4363","post","type-post","status-publish","format-standard","has-post-thumbnail","hentry","category-dep-arts-esceniques","category-general","category-noticies-del-centre","category-portada","tag-batxillerat-escenic","tag-teatre"],"post_mailing_queue_ids":[],"_links":{"self":[{"href":"https:\/\/agora.xtec.cat\/iestorredelpalau\/wp-json\/wp\/v2\/posts\/4363","targetHints":{"allow":["GET"]}}],"collection":[{"href":"https:\/\/agora.xtec.cat\/iestorredelpalau\/wp-json\/wp\/v2\/posts"}],"about":[{"href":"https:\/\/agora.xtec.cat\/iestorredelpalau\/wp-json\/wp\/v2\/types\/post"}],"author":[{"embeddable":true,"href":"https:\/\/agora.xtec.cat\/iestorredelpalau\/wp-json\/wp\/v2\/users\/1"}],"replies":[{"embeddable":true,"href":"https:\/\/agora.xtec.cat\/iestorredelpalau\/wp-json\/wp\/v2\/comments?post=4363"}],"version-history":[{"count":2,"href":"https:\/\/agora.xtec.cat\/iestorredelpalau\/wp-json\/wp\/v2\/posts\/4363\/revisions"}],"predecessor-version":[{"id":4367,"href":"https:\/\/agora.xtec.cat\/iestorredelpalau\/wp-json\/wp\/v2\/posts\/4363\/revisions\/4367"}],"wp:featuredmedia":[{"embeddable":true,"href":"https:\/\/agora.xtec.cat\/iestorredelpalau\/wp-json\/wp\/v2\/media\/4364"}],"wp:attachment":[{"href":"https:\/\/agora.xtec.cat\/iestorredelpalau\/wp-json\/wp\/v2\/media?parent=4363"}],"wp:term":[{"taxonomy":"category","embeddable":true,"href":"https:\/\/agora.xtec.cat\/iestorredelpalau\/wp-json\/wp\/v2\/categories?post=4363"},{"taxonomy":"post_tag","embeddable":true,"href":"https:\/\/agora.xtec.cat\/iestorredelpalau\/wp-json\/wp\/v2\/tags?post=4363"}],"curies":[{"name":"wp","href":"https:\/\/api.w.org\/{rel}","templated":true}]}}