{"id":4330,"date":"2021-04-14T11:31:34","date_gmt":"2021-04-14T09:31:34","guid":{"rendered":"http:\/\/agora.xtec.cat\/iestorredelpalau\/?p=4330"},"modified":"2021-10-07T19:43:33","modified_gmt":"2021-10-07T17:43:33","slug":"programa-argo","status":"publish","type":"post","link":"https:\/\/agora.xtec.cat\/iestorredelpalau\/general\/programa-argo\/","title":{"rendered":"Programa Arg\u00f3"},"content":{"rendered":"<div>\n<p><span style=\"font-weight: 400;\">Cursos d&#8217;estiu per a estudiants de secund\u00e0ria, <\/span><b>3r i 4t d&#8217;ESO, i de Batxillerat.\u00a0<\/b><\/p>\n<p><span style=\"font-weight: 400;\">L&#8217;<\/span><b>Institut de Ci\u00e8ncies de l&#8217;Educaci\u00f3 de la UAB<\/b><span style=\"font-weight: 400;\"> ofereix uns <\/span><span style=\"font-weight: 400;\">cursos d&#8217;estiu<\/span><span style=\"font-weight: 400;\"> amb l&#8217;objectiu d&#8217;apropar els alumnes al m\u00f3n universitari i ajudar-los en la seva orientaci\u00f3 acad\u00e8mica.<\/span><\/p>\n<p><span style=\"font-weight: 400;\">Teniu tota la informaci\u00f3 en aquest <\/span><a href=\"https:\/\/www.uab.cat\/web\/programa-argo\/programa-argo-estudiants\/estudiants\/cursos-d-estiu-1345746708471.html\"><span style=\"font-weight: 400;\">enlla\u00e7<\/span><\/a><span style=\"font-weight: 400;\">.<\/span><\/p>\n<p><span style=\"font-weight: 400;\">A m\u00e9s, el programa Arg\u00f3 ofereix les <\/span><span style=\"font-weight: 400;\">Estades d&#8217;estiu<\/span><span style=\"font-weight: 400;\"> per a estudiants de <\/span><b>batxillerat.<\/b><span style=\"font-weight: 400;\">\u00a0<\/span><\/p>\n<p><span style=\"font-weight: 400;\">Aquestes estades permeten a l&#8217;alumnat apropar-se a l&#8217;\u00e0mbit universitari i al camp de recerca que desitgin con\u00e8ixer, comptant amb l&#8217;assessorament\u00a0 del professorat universitari.\u00a0<\/span><\/p>\n<p><span style=\"font-weight: 400;\">D&#8217;aquesta manera l&#8217;alumnat comptar\u00e0 amb una orientaci\u00f3 contrastada per prendre decisions sobre el seu futur acad\u00e8mic i professional.<\/span><\/p>\n<p><span style=\"font-weight: 400;\">Aqu\u00ed teniu l<\/span><a href=\"https:\/\/www.uab.cat\/web\/programa-argo\/programa-argo-estudiants\/estudiants\/com-sol-licitar-una-placa-a-les-estades-al-campus-1345715047151.html\"><span style=\"font-weight: 400;\">&#8216;enlla\u00e7<\/span><\/a><span style=\"font-weight: 400;\">.<\/span><\/p>\n<\/div>\n<div><\/div>\n<div><a href=\"https:\/\/agora.xtec.cat\/iestorredelpalau\/wp-content\/uploads\/usu1331\/2021\/04\/unnamed.png\"><img loading=\"lazy\" decoding=\"async\" class=\"alignleft wp-image-4331\" src=\"https:\/\/agora.xtec.cat\/iestorredelpalau\/wp-content\/uploads\/usu1331\/2021\/04\/unnamed.png\" alt=\"\" width=\"603\" height=\"241\" srcset=\"https:\/\/agora.xtec.cat\/iestorredelpalau\/wp-content\/uploads\/usu1331\/2021\/04\/unnamed.png 355w, https:\/\/agora.xtec.cat\/iestorredelpalau\/wp-content\/uploads\/usu1331\/2021\/04\/unnamed-300x120.png 300w\" sizes=\"auto, (max-width: 603px) 100vw, 603px\" \/><\/a><\/div>\n<div><\/div>\n<div><\/div>\n","protected":false},"excerpt":{"rendered":"<p>Cursos d&#8217;estiu per a estudiants de secund\u00e0ria, 3r i 4t d&#8217;ESO, i de Batxillerat.\u00a0 L&#8217;Institut de Ci\u00e8ncies de l&#8217;Educaci\u00f3 de la UAB ofereix uns cursos d&#8217;estiu amb l&#8217;objectiu d&#8217;apropar els alumnes al m\u00f3n universitari i ajudar-los en la seva orientaci\u00f3 acad\u00e8mica. Teniu tota la informaci\u00f3 en aquest enlla\u00e7. A m\u00e9s, el programa Arg\u00f3 ofereix les [&hellip;]<\/p>\n","protected":false},"author":16,"featured_media":4331,"comment_status":"closed","ping_status":"closed","sticky":false,"template":"","format":"standard","meta":{"_bbp_topic_count":0,"_bbp_reply_count":0,"_bbp_total_topic_count":0,"_bbp_total_reply_count":0,"_bbp_voice_count":0,"_bbp_anonymous_reply_count":0,"_bbp_topic_count_hidden":0,"_bbp_reply_count_hidden":0,"_bbp_forum_subforum_count":0,"site-sidebar-layout":"default","site-content-layout":"","ast-site-content-layout":"","site-content-style":"default","site-sidebar-style":"default","ast-global-header-display":"","ast-banner-title-visibility":"","ast-main-header-display":"","ast-hfb-above-header-display":"","ast-hfb-below-header-display":"","ast-hfb-mobile-header-display":"","site-post-title":"","ast-breadcrumbs-content":"","ast-featured-img":"","footer-sml-layout":"","theme-transparent-header-meta":"","adv-header-id-meta":"","stick-header-meta":"","header-above-stick-meta":"","header-main-stick-meta":"","header-below-stick-meta":"","astra-migrate-meta-layouts":"default","ast-page-background-enabled":"default","ast-page-background-meta":{"desktop":{"background-color":"var(--ast-global-color-4)","background-image":"","background-repeat":"repeat","background-position":"center center","background-size":"auto","background-attachment":"scroll","background-type":"","background-media":"","overlay-type":"","overlay-color":"","overlay-opacity":"","overlay-gradient":""},"tablet":{"background-color":"","background-image":"","background-repeat":"repeat","background-position":"center center","background-size":"auto","background-attachment":"scroll","background-type":"","background-media":"","overlay-type":"","overlay-color":"","overlay-opacity":"","overlay-gradient":""},"mobile":{"background-color":"","background-image":"","background-repeat":"repeat","background-position":"center center","background-size":"auto","background-attachment":"scroll","background-type":"","background-media":"","overlay-type":"","overlay-color":"","overlay-opacity":"","overlay-gradient":""}},"ast-content-background-meta":{"desktop":{"background-color":"var(--ast-global-color-5)","background-image":"","background-repeat":"repeat","background-position":"center center","background-size":"auto","background-attachment":"scroll","background-type":"","background-media":"","overlay-type":"","overlay-color":"","overlay-opacity":"","overlay-gradient":""},"tablet":{"background-color":"var(--ast-global-color-5)","background-image":"","background-repeat":"repeat","background-position":"center center","background-size":"auto","background-attachment":"scroll","background-type":"","background-media":"","overlay-type":"","overlay-color":"","overlay-opacity":"","overlay-gradient":""},"mobile":{"background-color":"var(--ast-global-color-5)","background-image":"","background-repeat":"repeat","background-position":"center center","background-size":"auto","background-attachment":"scroll","background-type":"","background-media":"","overlay-type":"","overlay-color":"","overlay-opacity":"","overlay-gradient":""}},"footnotes":""},"categories":[1,107,29],"tags":[132,154,133],"class_list":["post-4330","post","type-post","status-publish","format-standard","has-post-thumbnail","hentry","category-general","category-noticies-del-centre","category-portada","tag-3reso","tag-4teso","tag-batxillerat"],"post_mailing_queue_ids":[],"_links":{"self":[{"href":"https:\/\/agora.xtec.cat\/iestorredelpalau\/wp-json\/wp\/v2\/posts\/4330","targetHints":{"allow":["GET"]}}],"collection":[{"href":"https:\/\/agora.xtec.cat\/iestorredelpalau\/wp-json\/wp\/v2\/posts"}],"about":[{"href":"https:\/\/agora.xtec.cat\/iestorredelpalau\/wp-json\/wp\/v2\/types\/post"}],"author":[{"embeddable":true,"href":"https:\/\/agora.xtec.cat\/iestorredelpalau\/wp-json\/wp\/v2\/users\/16"}],"replies":[{"embeddable":true,"href":"https:\/\/agora.xtec.cat\/iestorredelpalau\/wp-json\/wp\/v2\/comments?post=4330"}],"version-history":[{"count":3,"href":"https:\/\/agora.xtec.cat\/iestorredelpalau\/wp-json\/wp\/v2\/posts\/4330\/revisions"}],"predecessor-version":[{"id":4334,"href":"https:\/\/agora.xtec.cat\/iestorredelpalau\/wp-json\/wp\/v2\/posts\/4330\/revisions\/4334"}],"wp:featuredmedia":[{"embeddable":true,"href":"https:\/\/agora.xtec.cat\/iestorredelpalau\/wp-json\/wp\/v2\/media\/4331"}],"wp:attachment":[{"href":"https:\/\/agora.xtec.cat\/iestorredelpalau\/wp-json\/wp\/v2\/media?parent=4330"}],"wp:term":[{"taxonomy":"category","embeddable":true,"href":"https:\/\/agora.xtec.cat\/iestorredelpalau\/wp-json\/wp\/v2\/categories?post=4330"},{"taxonomy":"post_tag","embeddable":true,"href":"https:\/\/agora.xtec.cat\/iestorredelpalau\/wp-json\/wp\/v2\/tags?post=4330"}],"curies":[{"name":"wp","href":"https:\/\/api.w.org\/{rel}","templated":true}]}}