{"id":4283,"date":"2021-03-24T14:54:43","date_gmt":"2021-03-24T13:54:43","guid":{"rendered":"http:\/\/agora.xtec.cat\/iestorredelpalau\/?p=4283"},"modified":"2021-12-21T13:28:34","modified_gmt":"2021-12-21T12:28:34","slug":"exposicio-mujeres-libres","status":"publish","type":"post","link":"https:\/\/agora.xtec.cat\/iestorredelpalau\/general\/exposicio-mujeres-libres\/","title":{"rendered":"Exposici\u00f3 Mujeres Libres"},"content":{"rendered":"<p><span style=\"font-weight: 400;\">Avui la S\u00f2nia Tur\u00f3n, responsable de l\u2019exposici\u00f3 \u201cMujeres Libres\u201d, ha ofert una xerrada als alumnes de 2n batxillerat (en el marc de l\u2019assignatura \u201cH\u00aa Espanya XIX-XX)\u00a0 i algun curs d\u2019ESO, tot aprofitant que recentment hem estat\u00a0 estudiant la Guerra Civil Espanyola i ara estem fent la postguerra. A m\u00e9s a m\u00e9s, el mes de mar\u00e7 ha estat el mes de la dona i, qu\u00e8 millor ocasi\u00f3 que commemorar-lo amb aquesta exposici\u00f3.<\/span><\/p>\n<p><span style=\"font-weight: 400;\">Ens ha fet un rep\u00e0s dels antecedents, inicis de Mujeres Libres (1936) fins a la seva dissoluci\u00f3 en \u00e8poca franquista, passant pel fet de com Mujeres Libres va tractar temes tan controvertits en l\u2019\u00e8poca com l\u2019educaci\u00f3, la incorporaci\u00f3 de la dona al m\u00f3n laboral, la maternitat conscient, la creaci\u00f3 de la revista i finalment l\u2019exili.<\/span><\/p>\n<p><span style=\"font-weight: 400;\">Un per\u00edode curt per\u00f2 molt intens! Gr\u00e0cies S\u00f2nia per haver-nos dedicat aquestes hores. Molt agra\u00efts\/des.<\/span><\/p>\n<p>Eva Giner Trujillo. Departament Socials<\/p>\n<p><a href=\"https:\/\/agora.xtec.cat\/iestorredelpalau\/wp-content\/uploads\/usu1331\/2021\/03\/Captura-de-pantalla-2021-03-24-a-las-14.51.33.png\"><img loading=\"lazy\" decoding=\"async\" class=\"alignnone size-full wp-image-4284\" src=\"https:\/\/agora.xtec.cat\/iestorredelpalau\/wp-content\/uploads\/usu1331\/2021\/03\/Captura-de-pantalla-2021-03-24-a-las-14.51.33.png\" alt=\"\" width=\"633\" height=\"615\" srcset=\"https:\/\/agora.xtec.cat\/iestorredelpalau\/wp-content\/uploads\/usu1331\/2021\/03\/Captura-de-pantalla-2021-03-24-a-las-14.51.33.png 633w, https:\/\/agora.xtec.cat\/iestorredelpalau\/wp-content\/uploads\/usu1331\/2021\/03\/Captura-de-pantalla-2021-03-24-a-las-14.51.33-300x291.png 300w\" sizes=\"auto, (max-width: 633px) 100vw, 633px\" \/><\/a> <a href=\"https:\/\/agora.xtec.cat\/iestorredelpalau\/wp-content\/uploads\/usu1331\/2021\/03\/Captura-de-pantalla-2021-03-24-a-las-14.51.24.png\"><img loading=\"lazy\" decoding=\"async\" class=\"alignnone wp-image-4285\" src=\"https:\/\/agora.xtec.cat\/iestorredelpalau\/wp-content\/uploads\/usu1331\/2021\/03\/Captura-de-pantalla-2021-03-24-a-las-14.51.24.png\" alt=\"\" width=\"632\" height=\"754\" srcset=\"https:\/\/agora.xtec.cat\/iestorredelpalau\/wp-content\/uploads\/usu1331\/2021\/03\/Captura-de-pantalla-2021-03-24-a-las-14.51.24.png 561w, https:\/\/agora.xtec.cat\/iestorredelpalau\/wp-content\/uploads\/usu1331\/2021\/03\/Captura-de-pantalla-2021-03-24-a-las-14.51.24-252x300.png 252w\" sizes=\"auto, (max-width: 632px) 100vw, 632px\" \/><\/a> <a href=\"https:\/\/agora.xtec.cat\/iestorredelpalau\/wp-content\/uploads\/usu1331\/2021\/03\/Captura-de-pantalla-2021-03-24-a-las-14.51.16.png\"><img loading=\"lazy\" decoding=\"async\" class=\"alignnone wp-image-4286\" src=\"https:\/\/agora.xtec.cat\/iestorredelpalau\/wp-content\/uploads\/usu1331\/2021\/03\/Captura-de-pantalla-2021-03-24-a-las-14.51.16.png\" alt=\"\" width=\"630\" height=\"470\" srcset=\"https:\/\/agora.xtec.cat\/iestorredelpalau\/wp-content\/uploads\/usu1331\/2021\/03\/Captura-de-pantalla-2021-03-24-a-las-14.51.16.png 717w, https:\/\/agora.xtec.cat\/iestorredelpalau\/wp-content\/uploads\/usu1331\/2021\/03\/Captura-de-pantalla-2021-03-24-a-las-14.51.16-300x224.png 300w, https:\/\/agora.xtec.cat\/iestorredelpalau\/wp-content\/uploads\/usu1331\/2021\/03\/Captura-de-pantalla-2021-03-24-a-las-14.51.16-200x150.png 200w\" sizes=\"auto, (max-width: 630px) 100vw, 630px\" \/><\/a> <a href=\"https:\/\/agora.xtec.cat\/iestorredelpalau\/wp-content\/uploads\/usu1331\/2021\/03\/Captura-de-pantalla-2021-03-24-a-las-14.51.10.png\"><img loading=\"lazy\" decoding=\"async\" class=\"alignnone wp-image-4287\" src=\"https:\/\/agora.xtec.cat\/iestorredelpalau\/wp-content\/uploads\/usu1331\/2021\/03\/Captura-de-pantalla-2021-03-24-a-las-14.51.10.png\" alt=\"\" width=\"629\" height=\"472\" srcset=\"https:\/\/agora.xtec.cat\/iestorredelpalau\/wp-content\/uploads\/usu1331\/2021\/03\/Captura-de-pantalla-2021-03-24-a-las-14.51.10.png 649w, https:\/\/agora.xtec.cat\/iestorredelpalau\/wp-content\/uploads\/usu1331\/2021\/03\/Captura-de-pantalla-2021-03-24-a-las-14.51.10-300x225.png 300w, https:\/\/agora.xtec.cat\/iestorredelpalau\/wp-content\/uploads\/usu1331\/2021\/03\/Captura-de-pantalla-2021-03-24-a-las-14.51.10-200x150.png 200w\" sizes=\"auto, (max-width: 629px) 100vw, 629px\" \/><\/a> <a href=\"https:\/\/agora.xtec.cat\/iestorredelpalau\/wp-content\/uploads\/usu1331\/2021\/03\/Captura-de-pantalla-2021-03-24-a-las-14.51.03.png\"><img loading=\"lazy\" decoding=\"async\" class=\"alignnone wp-image-4288\" src=\"https:\/\/agora.xtec.cat\/iestorredelpalau\/wp-content\/uploads\/usu1331\/2021\/03\/Captura-de-pantalla-2021-03-24-a-las-14.51.03.png\" alt=\"\" width=\"626\" height=\"466\" srcset=\"https:\/\/agora.xtec.cat\/iestorredelpalau\/wp-content\/uploads\/usu1331\/2021\/03\/Captura-de-pantalla-2021-03-24-a-las-14.51.03.png 686w, https:\/\/agora.xtec.cat\/iestorredelpalau\/wp-content\/uploads\/usu1331\/2021\/03\/Captura-de-pantalla-2021-03-24-a-las-14.51.03-300x223.png 300w, https:\/\/agora.xtec.cat\/iestorredelpalau\/wp-content\/uploads\/usu1331\/2021\/03\/Captura-de-pantalla-2021-03-24-a-las-14.51.03-200x150.png 200w\" sizes=\"auto, (max-width: 626px) 100vw, 626px\" \/><\/a><\/p>\n<p>&nbsp;<\/p>\n","protected":false},"excerpt":{"rendered":"<p>Avui la S\u00f2nia Tur\u00f3n, responsable de l\u2019exposici\u00f3 \u201cMujeres Libres\u201d, ha ofert una xerrada als alumnes de 2n batxillerat (en el marc de l\u2019assignatura \u201cH\u00aa Espanya XIX-XX)\u00a0 i algun curs d\u2019ESO, tot aprofitant que recentment hem estat\u00a0 estudiant la Guerra Civil Espanyola i ara estem fent la postguerra. A m\u00e9s a m\u00e9s, el mes de mar\u00e7 [&hellip;]<\/p>\n","protected":false},"author":1,"featured_media":4286,"comment_status":"closed","ping_status":"closed","sticky":false,"template":"","format":"standard","meta":{"_bbp_topic_count":0,"_bbp_reply_count":0,"_bbp_total_topic_count":0,"_bbp_total_reply_count":0,"_bbp_voice_count":0,"_bbp_anonymous_reply_count":0,"_bbp_topic_count_hidden":0,"_bbp_reply_count_hidden":0,"_bbp_forum_subforum_count":0,"site-sidebar-layout":"default","site-content-layout":"","ast-site-content-layout":"","site-content-style":"default","site-sidebar-style":"default","ast-global-header-display":"","ast-banner-title-visibility":"","ast-main-header-display":"","ast-hfb-above-header-display":"","ast-hfb-below-header-display":"","ast-hfb-mobile-header-display":"","site-post-title":"","ast-breadcrumbs-content":"","ast-featured-img":"","footer-sml-layout":"","theme-transparent-header-meta":"","adv-header-id-meta":"","stick-header-meta":"","header-above-stick-meta":"","header-main-stick-meta":"","header-below-stick-meta":"","astra-migrate-meta-layouts":"default","ast-page-background-enabled":"default","ast-page-background-meta":{"desktop":{"background-color":"var(--ast-global-color-4)","background-image":"","background-repeat":"repeat","background-position":"center center","background-size":"auto","background-attachment":"scroll","background-type":"","background-media":"","overlay-type":"","overlay-color":"","overlay-opacity":"","overlay-gradient":""},"tablet":{"background-color":"","background-image":"","background-repeat":"repeat","background-position":"center center","background-size":"auto","background-attachment":"scroll","background-type":"","background-media":"","overlay-type":"","overlay-color":"","overlay-opacity":"","overlay-gradient":""},"mobile":{"background-color":"","background-image":"","background-repeat":"repeat","background-position":"center center","background-size":"auto","background-attachment":"scroll","background-type":"","background-media":"","overlay-type":"","overlay-color":"","overlay-opacity":"","overlay-gradient":""}},"ast-content-background-meta":{"desktop":{"background-color":"var(--ast-global-color-5)","background-image":"","background-repeat":"repeat","background-position":"center center","background-size":"auto","background-attachment":"scroll","background-type":"","background-media":"","overlay-type":"","overlay-color":"","overlay-opacity":"","overlay-gradient":""},"tablet":{"background-color":"var(--ast-global-color-5)","background-image":"","background-repeat":"repeat","background-position":"center center","background-size":"auto","background-attachment":"scroll","background-type":"","background-media":"","overlay-type":"","overlay-color":"","overlay-opacity":"","overlay-gradient":""},"mobile":{"background-color":"var(--ast-global-color-5)","background-image":"","background-repeat":"repeat","background-position":"center center","background-size":"auto","background-attachment":"scroll","background-type":"","background-media":"","overlay-type":"","overlay-color":"","overlay-opacity":"","overlay-gradient":""}},"footnotes":""},"categories":[8,147,1,107,29],"tags":[162,164],"class_list":["post-4283","post","type-post","status-publish","format-standard","has-post-thumbnail","hentry","category-batxillerat","category-dep-socials","category-general","category-noticies-del-centre","category-portada","tag-2n-batxillerat","tag-departament-de-socials"],"post_mailing_queue_ids":[],"_links":{"self":[{"href":"https:\/\/agora.xtec.cat\/iestorredelpalau\/wp-json\/wp\/v2\/posts\/4283","targetHints":{"allow":["GET"]}}],"collection":[{"href":"https:\/\/agora.xtec.cat\/iestorredelpalau\/wp-json\/wp\/v2\/posts"}],"about":[{"href":"https:\/\/agora.xtec.cat\/iestorredelpalau\/wp-json\/wp\/v2\/types\/post"}],"author":[{"embeddable":true,"href":"https:\/\/agora.xtec.cat\/iestorredelpalau\/wp-json\/wp\/v2\/users\/1"}],"replies":[{"embeddable":true,"href":"https:\/\/agora.xtec.cat\/iestorredelpalau\/wp-json\/wp\/v2\/comments?post=4283"}],"version-history":[{"count":3,"href":"https:\/\/agora.xtec.cat\/iestorredelpalau\/wp-json\/wp\/v2\/posts\/4283\/revisions"}],"predecessor-version":[{"id":5248,"href":"https:\/\/agora.xtec.cat\/iestorredelpalau\/wp-json\/wp\/v2\/posts\/4283\/revisions\/5248"}],"wp:featuredmedia":[{"embeddable":true,"href":"https:\/\/agora.xtec.cat\/iestorredelpalau\/wp-json\/wp\/v2\/media\/4286"}],"wp:attachment":[{"href":"https:\/\/agora.xtec.cat\/iestorredelpalau\/wp-json\/wp\/v2\/media?parent=4283"}],"wp:term":[{"taxonomy":"category","embeddable":true,"href":"https:\/\/agora.xtec.cat\/iestorredelpalau\/wp-json\/wp\/v2\/categories?post=4283"},{"taxonomy":"post_tag","embeddable":true,"href":"https:\/\/agora.xtec.cat\/iestorredelpalau\/wp-json\/wp\/v2\/tags?post=4283"}],"curies":[{"name":"wp","href":"https:\/\/api.w.org\/{rel}","templated":true}]}}