{"id":4033,"date":"2021-03-01T12:10:48","date_gmt":"2021-03-01T11:10:48","guid":{"rendered":"http:\/\/agora.xtec.cat\/iestorredelpalau\/?p=4033"},"modified":"2021-03-25T09:36:38","modified_gmt":"2021-03-25T08:36:38","slug":"the-life-of-a-slave","status":"publish","type":"post","link":"https:\/\/agora.xtec.cat\/iestorredelpalau\/general\/the-life-of-a-slave\/","title":{"rendered":"The life of a Slave"},"content":{"rendered":"<p><span style=\"font-weight: 400;\">Ho creguis o no, fins al segle XIX, no es va abolir l\u2019esclavitud dels EUA. La Llei de proclamaci\u00f3 d\u2019emancipaci\u00f3, signada pel president Lincoln, va acabar amb aquella activitat b\u00e0rbara encara legal en alguns estats del sud.\u00a0<\/span><\/p>\n<pre class=\"tw-data-text tw-text-large XcVN5d tw-ta\" dir=\"ltr\" data-placeholder=\"Traducci\u00f3\"><span lang=\"ca\">\u00a0<\/span><\/pre>\n<p><span style=\"font-weight: 400;\">Als anys 30, la Biblioteca del Congr\u00e9s va decidir enviar alguns escriptors a con\u00e8ixer ex-esclaus que els poguessin explicar com era la seva vida en aquell moment. Van escriure centenars d&#8217;hist\u00f2ries explicades per testimonis directes d&#8217;aquells dies.\u00a0<\/span><\/p>\n<pre class=\"tw-data-text tw-text-large XcVN5d tw-ta\" dir=\"ltr\" data-placeholder=\"Traducci\u00f3\"><span lang=\"ca\">\u00a0<\/span><\/pre>\n<p><span style=\"font-weight: 400;\">A la Torre del Palau, cada any celebrem el mes de la hist\u00f2ria americana. Els professors de 2n d\u2019ESO van pensar que seria una bona idea fer llegir als nostres alumnes alguns d\u2019aquests testimonis i fer-los escriure un article.<\/span><\/p>\n<p>&nbsp;<\/p>\n<p><a href=\"https:\/\/wke.lt\/w\/s\/HoSqN7\">https:\/\/wke.lt\/w\/s\/HoSqN7<\/a><\/p>\n<pre id=\"tw-target-text\" class=\"tw-data-text tw-text-large XcVN5d tw-ta\" dir=\"ltr\" data-placeholder=\"Traducci\u00f3\"><span lang=\"ca\">\u00a0<\/span><\/pre>\n<pre id=\"tw-target-text\" class=\"tw-data-text tw-text-large XcVN5d tw-ta\" dir=\"ltr\" data-placeholder=\"Traducci\u00f3\"><\/pre>\n","protected":false},"excerpt":{"rendered":"<p>Ho creguis o no, fins al segle XIX, no es va abolir l\u2019esclavitud dels EUA. La Llei de proclamaci\u00f3 d\u2019emancipaci\u00f3, signada pel president Lincoln, va acabar amb aquella activitat b\u00e0rbara encara legal en alguns estats del sud.\u00a0 \u00a0 Als anys 30, la Biblioteca del Congr\u00e9s va decidir enviar alguns escriptors a con\u00e8ixer ex-esclaus que els [&hellip;]<\/p>\n","protected":false},"author":16,"featured_media":4034,"comment_status":"closed","ping_status":"closed","sticky":false,"template":"","format":"standard","meta":{"_bbp_topic_count":0,"_bbp_reply_count":0,"_bbp_total_topic_count":0,"_bbp_total_reply_count":0,"_bbp_voice_count":0,"_bbp_anonymous_reply_count":0,"_bbp_topic_count_hidden":0,"_bbp_reply_count_hidden":0,"_bbp_forum_subforum_count":0,"site-sidebar-layout":"default","site-content-layout":"","ast-site-content-layout":"","site-content-style":"default","site-sidebar-style":"default","ast-global-header-display":"","ast-banner-title-visibility":"","ast-main-header-display":"","ast-hfb-above-header-display":"","ast-hfb-below-header-display":"","ast-hfb-mobile-header-display":"","site-post-title":"","ast-breadcrumbs-content":"","ast-featured-img":"","footer-sml-layout":"","theme-transparent-header-meta":"","adv-header-id-meta":"","stick-header-meta":"","header-above-stick-meta":"","header-main-stick-meta":"","header-below-stick-meta":"","astra-migrate-meta-layouts":"default","ast-page-background-enabled":"default","ast-page-background-meta":{"desktop":{"background-color":"var(--ast-global-color-4)","background-image":"","background-repeat":"repeat","background-position":"center center","background-size":"auto","background-attachment":"scroll","background-type":"","background-media":"","overlay-type":"","overlay-color":"","overlay-opacity":"","overlay-gradient":""},"tablet":{"background-color":"","background-image":"","background-repeat":"repeat","background-position":"center center","background-size":"auto","background-attachment":"scroll","background-type":"","background-media":"","overlay-type":"","overlay-color":"","overlay-opacity":"","overlay-gradient":""},"mobile":{"background-color":"","background-image":"","background-repeat":"repeat","background-position":"center center","background-size":"auto","background-attachment":"scroll","background-type":"","background-media":"","overlay-type":"","overlay-color":"","overlay-opacity":"","overlay-gradient":""}},"ast-content-background-meta":{"desktop":{"background-color":"var(--ast-global-color-5)","background-image":"","background-repeat":"repeat","background-position":"center center","background-size":"auto","background-attachment":"scroll","background-type":"","background-media":"","overlay-type":"","overlay-color":"","overlay-opacity":"","overlay-gradient":""},"tablet":{"background-color":"var(--ast-global-color-5)","background-image":"","background-repeat":"repeat","background-position":"center center","background-size":"auto","background-attachment":"scroll","background-type":"","background-media":"","overlay-type":"","overlay-color":"","overlay-opacity":"","overlay-gradient":""},"mobile":{"background-color":"var(--ast-global-color-5)","background-image":"","background-repeat":"repeat","background-position":"center center","background-size":"auto","background-attachment":"scroll","background-type":"","background-media":"","overlay-type":"","overlay-color":"","overlay-opacity":"","overlay-gradient":""}},"footnotes":""},"categories":[136,1,107,29],"tags":[125,42],"class_list":["post-4033","post","type-post","status-publish","format-standard","has-post-thumbnail","hentry","category-dep-idiomes","category-general","category-noticies-del-centre","category-portada","tag-2eso","tag-angles"],"post_mailing_queue_ids":[],"_links":{"self":[{"href":"https:\/\/agora.xtec.cat\/iestorredelpalau\/wp-json\/wp\/v2\/posts\/4033","targetHints":{"allow":["GET"]}}],"collection":[{"href":"https:\/\/agora.xtec.cat\/iestorredelpalau\/wp-json\/wp\/v2\/posts"}],"about":[{"href":"https:\/\/agora.xtec.cat\/iestorredelpalau\/wp-json\/wp\/v2\/types\/post"}],"author":[{"embeddable":true,"href":"https:\/\/agora.xtec.cat\/iestorredelpalau\/wp-json\/wp\/v2\/users\/16"}],"replies":[{"embeddable":true,"href":"https:\/\/agora.xtec.cat\/iestorredelpalau\/wp-json\/wp\/v2\/comments?post=4033"}],"version-history":[{"count":4,"href":"https:\/\/agora.xtec.cat\/iestorredelpalau\/wp-json\/wp\/v2\/posts\/4033\/revisions"}],"predecessor-version":[{"id":4050,"href":"https:\/\/agora.xtec.cat\/iestorredelpalau\/wp-json\/wp\/v2\/posts\/4033\/revisions\/4050"}],"wp:featuredmedia":[{"embeddable":true,"href":"https:\/\/agora.xtec.cat\/iestorredelpalau\/wp-json\/wp\/v2\/media\/4034"}],"wp:attachment":[{"href":"https:\/\/agora.xtec.cat\/iestorredelpalau\/wp-json\/wp\/v2\/media?parent=4033"}],"wp:term":[{"taxonomy":"category","embeddable":true,"href":"https:\/\/agora.xtec.cat\/iestorredelpalau\/wp-json\/wp\/v2\/categories?post=4033"},{"taxonomy":"post_tag","embeddable":true,"href":"https:\/\/agora.xtec.cat\/iestorredelpalau\/wp-json\/wp\/v2\/tags?post=4033"}],"curies":[{"name":"wp","href":"https:\/\/api.w.org\/{rel}","templated":true}]}}