{"id":3945,"date":"2021-03-01T09:00:03","date_gmt":"2021-03-01T08:00:03","guid":{"rendered":"http:\/\/agora.xtec.cat\/iestorredelpalau\/?p=3945"},"modified":"2021-10-07T19:44:21","modified_gmt":"2021-10-07T17:44:21","slug":"jornada-de-portes-obertes-2021-22","status":"publish","type":"post","link":"https:\/\/agora.xtec.cat\/iestorredelpalau\/general\/jornada-de-portes-obertes-2021-22\/","title":{"rendered":"Jornada de portes obertes 2021-22"},"content":{"rendered":"<p><b>INFORMACI\u00d3 SOBRE PORTES OBERTES 2021-22 (BATX)<\/b><\/p>\n<p><b>&#8211; Jornada per als Batxillerats no art\u00edstics: dimecres 5 de maig a les 18 hores.<\/b><\/p>\n<p><b>&#8211; Jornada per als Batxillerats art\u00edstics: dijous 6 de maig:<\/b><\/p>\n<p><b>\u00a0\u00a0* Pl\u00e0stic: 18 hores<\/b><\/p>\n<p><b>\u00a0\u00a0* Esc\u00e8nic-musical: 19 hores<\/b><\/p>\n<p><span style=\"color: #000080;\"><b>Penjarem properament un formulari per organitzar les visites presencials i telem\u00e0tiques.<\/b><\/span><\/p>\n<p><span style=\"font-weight: 400;\">\u00a0<\/span><span style=\"font-weight: 400;\">Animeu-vos a veure el v\u00eddeo i ens comen\u00e7areu a con\u00e8ixer!!<\/span><\/p>\n<p><iframe loading=\"lazy\" src=\"https:\/\/drive.google.com\/file\/d\/1B3EXCKE6eOmPNTL2NVGkMFIuEbcVFw9r\/preview\" width=\"640\" height=\"480\"><\/iframe><\/p>\n<p>&nbsp;<\/p>\n<p>&nbsp;<\/p>\n<p>&nbsp;<\/p>\n<hr \/>\n<p><span style=\"color: #333399;\"><strong>JORNADA DE PORTES OBERTES 2021-22 (ESO)<\/strong><\/span><\/p>\n<p><span style=\"font-weight: 400;\">Aquests any les dates de preinscripci\u00f3 per l&#8217;alumnat de l&#8217;ESO seran entre el <span style=\"color: #0000ff;\"><span style=\"text-decoration: underline;\">17 i el 24 de mar\u00e7<\/span>.<\/span><\/span><\/p>\n<p><span style=\"font-weight: 400;\">Pr\u00e8viament a aquestes dates us oferirem com cada any les jornades de portes obertes per presentar-vos el nostre projecte educatiu.<\/span><\/p>\n<p><span style=\"font-weight: 400;\">El format d&#8217;enguany haur\u00e0 de ser diferent degut a les mesures sanit\u00e0ries que patim per la pand\u00e8mia de la Covid-19.<\/span><\/p>\n<p><span style=\"font-weight: 400;\">Tenim previst fer unes jornades h\u00edbrides: telem\u00e0tiques i presencials<\/span><\/p>\n<p><strong><span style=\"font-size: 28px;\">&#8211; Les telem\u00e0tiques:<\/span><\/strong><\/p>\n<p><span style=\"text-decoration: underline;\"><strong><span style=\"color: #333399; text-decoration: underline;\">Sala google Meet 1: dimarts 9 de mar\u00e7 a les 18:00<\/span><\/strong><\/span><\/p>\n<p><strong>Evaristo Gonz\u00e1lez (Director) \/ Blanca Jim\u00e9nez ( Cap d&#8217;Estudis)<\/strong><\/p>\n<p><a href=\"http:\/\/meet.google.com\/mjq-htmx-xnm\"><span style=\"font-weight: 400;\">http:\/\/<\/span><span style=\"font-weight: 400;\">meet.google.com\/mjq-htmx-xnm<\/span><span style=\"font-weight: 400;\">\u00a0\u00a0<\/span><\/a><\/p>\n<p><strong><span style=\"color: #ff0000;\">&#8211; Escola La Roda<\/span><\/strong><\/p>\n<p><strong><span style=\"color: #ff0000;\">&#8211; Escola Lanaspa<\/span><\/strong><\/p>\n<p><strong><span style=\"color: #ff0000;\">&#8211; Escola Serra de l\u2019Obac\u00a0<\/span><\/strong><\/p>\n<p><strong><span style=\"color: #ff0000;\">&#8211; Altres Escoles\u00a0<\/span><\/strong><\/p>\n<p><span style=\"text-decoration: underline;\"><strong><span style=\"color: #333399; text-decoration: underline;\">Sala google Meet 2: dimarts 9 de mar\u00e7 a les 18:00<\/span><\/strong><\/span><\/p>\n<p><strong>Marga L\u00f3pez (Coordinadora pedag\u00f3gica) \/ Fernando Hern\u00e1ndez ( Secret\u00e0ri-Administrador)<\/strong><\/p>\n<p><a href=\"http:\/\/meet.google.com\/qdr-numv-ghc\"><span style=\"font-weight: 400;\">http:\/\/meet.google.com\/qdr-numv-ghc<\/span><\/a><\/p>\n<p><span style=\"color: #ff0000;\"><strong>&#8211; Escola El Vapor<\/strong><\/span><\/p>\n<p><span style=\"color: #ff0000;\"><strong>&#8211; Escola Abat Marcet,<\/strong><\/span><\/p>\n<p><span style=\"color: #ff0000;\"><strong>&#8211; Escola Enxaneta<\/strong><\/span><\/p>\n<p><span style=\"font-weight: 400;\"><span style=\"font-size: 28px;\"><strong>&#8211; Les sessions presencials:<\/strong> <\/span>es faran en dos torns durant dos dies: 11 i 12 de mar\u00e7 (de 17:00 a 17:30\u00a0 i de 17:45 a 18:15). L&#8217;objectiu d&#8217;aquestes \u00e9s que les persones que no conegueu el centre pugueu tenir un primer contacte i veure els espais.<\/span><\/p>\n<p>&nbsp;<\/p>\n","protected":false},"excerpt":{"rendered":"<p>INFORMACI\u00d3 SOBRE PORTES OBERTES 2021-22 (BATX) &#8211; Jornada per als Batxillerats no art\u00edstics: dimecres 5 de maig a les 18 hores. &#8211; Jornada per als Batxillerats art\u00edstics: dijous 6 de maig: \u00a0\u00a0* Pl\u00e0stic: 18 hores \u00a0\u00a0* Esc\u00e8nic-musical: 19 hores Penjarem properament un formulari per organitzar les visites presencials i telem\u00e0tiques. \u00a0Animeu-vos a veure el v\u00eddeo [&hellip;]<\/p>\n","protected":false},"author":1,"featured_media":3946,"comment_status":"closed","ping_status":"closed","sticky":false,"template":"","format":"standard","meta":{"_bbp_topic_count":0,"_bbp_reply_count":0,"_bbp_total_topic_count":0,"_bbp_total_reply_count":0,"_bbp_voice_count":0,"_bbp_anonymous_reply_count":0,"_bbp_topic_count_hidden":0,"_bbp_reply_count_hidden":0,"_bbp_forum_subforum_count":0,"site-sidebar-layout":"default","site-content-layout":"","ast-site-content-layout":"","site-content-style":"default","site-sidebar-style":"default","ast-global-header-display":"","ast-banner-title-visibility":"","ast-main-header-display":"","ast-hfb-above-header-display":"","ast-hfb-below-header-display":"","ast-hfb-mobile-header-display":"","site-post-title":"","ast-breadcrumbs-content":"","ast-featured-img":"","footer-sml-layout":"","theme-transparent-header-meta":"","adv-header-id-meta":"","stick-header-meta":"","header-above-stick-meta":"","header-main-stick-meta":"","header-below-stick-meta":"","astra-migrate-meta-layouts":"default","ast-page-background-enabled":"default","ast-page-background-meta":{"desktop":{"background-color":"var(--ast-global-color-4)","background-image":"","background-repeat":"repeat","background-position":"center center","background-size":"auto","background-attachment":"scroll","background-type":"","background-media":"","overlay-type":"","overlay-color":"","overlay-opacity":"","overlay-gradient":""},"tablet":{"background-color":"","background-image":"","background-repeat":"repeat","background-position":"center center","background-size":"auto","background-attachment":"scroll","background-type":"","background-media":"","overlay-type":"","overlay-color":"","overlay-opacity":"","overlay-gradient":""},"mobile":{"background-color":"","background-image":"","background-repeat":"repeat","background-position":"center center","background-size":"auto","background-attachment":"scroll","background-type":"","background-media":"","overlay-type":"","overlay-color":"","overlay-opacity":"","overlay-gradient":""}},"ast-content-background-meta":{"desktop":{"background-color":"var(--ast-global-color-5)","background-image":"","background-repeat":"repeat","background-position":"center center","background-size":"auto","background-attachment":"scroll","background-type":"","background-media":"","overlay-type":"","overlay-color":"","overlay-opacity":"","overlay-gradient":""},"tablet":{"background-color":"var(--ast-global-color-5)","background-image":"","background-repeat":"repeat","background-position":"center center","background-size":"auto","background-attachment":"scroll","background-type":"","background-media":"","overlay-type":"","overlay-color":"","overlay-opacity":"","overlay-gradient":""},"mobile":{"background-color":"var(--ast-global-color-5)","background-image":"","background-repeat":"repeat","background-position":"center center","background-size":"auto","background-attachment":"scroll","background-type":"","background-media":"","overlay-type":"","overlay-color":"","overlay-opacity":"","overlay-gradient":""}},"footnotes":""},"categories":[1,107,29],"tags":[],"class_list":["post-3945","post","type-post","status-publish","format-standard","has-post-thumbnail","hentry","category-general","category-noticies-del-centre","category-portada"],"post_mailing_queue_ids":[],"_links":{"self":[{"href":"https:\/\/agora.xtec.cat\/iestorredelpalau\/wp-json\/wp\/v2\/posts\/3945","targetHints":{"allow":["GET"]}}],"collection":[{"href":"https:\/\/agora.xtec.cat\/iestorredelpalau\/wp-json\/wp\/v2\/posts"}],"about":[{"href":"https:\/\/agora.xtec.cat\/iestorredelpalau\/wp-json\/wp\/v2\/types\/post"}],"author":[{"embeddable":true,"href":"https:\/\/agora.xtec.cat\/iestorredelpalau\/wp-json\/wp\/v2\/users\/1"}],"replies":[{"embeddable":true,"href":"https:\/\/agora.xtec.cat\/iestorredelpalau\/wp-json\/wp\/v2\/comments?post=3945"}],"version-history":[{"count":3,"href":"https:\/\/agora.xtec.cat\/iestorredelpalau\/wp-json\/wp\/v2\/posts\/3945\/revisions"}],"predecessor-version":[{"id":4321,"href":"https:\/\/agora.xtec.cat\/iestorredelpalau\/wp-json\/wp\/v2\/posts\/3945\/revisions\/4321"}],"wp:featuredmedia":[{"embeddable":true,"href":"https:\/\/agora.xtec.cat\/iestorredelpalau\/wp-json\/wp\/v2\/media\/3946"}],"wp:attachment":[{"href":"https:\/\/agora.xtec.cat\/iestorredelpalau\/wp-json\/wp\/v2\/media?parent=3945"}],"wp:term":[{"taxonomy":"category","embeddable":true,"href":"https:\/\/agora.xtec.cat\/iestorredelpalau\/wp-json\/wp\/v2\/categories?post=3945"},{"taxonomy":"post_tag","embeddable":true,"href":"https:\/\/agora.xtec.cat\/iestorredelpalau\/wp-json\/wp\/v2\/tags?post=3945"}],"curies":[{"name":"wp","href":"https:\/\/api.w.org\/{rel}","templated":true}]}}