{"id":3744,"date":"2021-02-16T17:25:13","date_gmt":"2021-02-16T16:25:13","guid":{"rendered":"http:\/\/agora.xtec.cat\/iestorredelpalau\/?p=3744"},"modified":"2021-02-16T18:10:55","modified_gmt":"2021-02-16T17:10:55","slug":"malgrat-tot-el-carnestoltes-avui-ha-tornat-a-linstitut","status":"publish","type":"post","link":"https:\/\/agora.xtec.cat\/iestorredelpalau\/general\/malgrat-tot-el-carnestoltes-avui-ha-tornat-a-linstitut\/","title":{"rendered":"Malgrat tot, el Carnestoltes va tornar a l&#8217;institut el passat divendres."},"content":{"rendered":"<pre dir=\"auto\"><span style=\"font-size: 14px;\"><span style=\"font-family: arial, helvetica, sans-serif;\">Malgrat els mesos dif\u00edcils provocats per la pand\u00e8mia COVID-19, malgrat la suspensi\u00f3 d'actes p\u00fablics i la celebraci\u00f3 al carrer del Carnestoltes, la comunitat educativa de l'institut ho ha celebrat avui amb un temps per a cada activitat: classes, sortides, disfreses, concursos i jocs.<\/span>\r\n\r\n<span style=\"font-family: arial, helvetica, sans-serif;\">Ens hem recordat dels dos grups confinats que no han pogut ser-hi: segon d'ESO C i D. I tamb\u00e9 de les persones que es recuperen de la COVID-19. \u00c0nim!<\/span>\r\n\r\n<span style=\"font-family: arial, helvetica, sans-serif;\">Hem tingut en compte les mesures sanit\u00e0ries COVID, la prioritzaci\u00f3 dels actes en espais a l'aire lliure i\/o a l'exterior. La col.laboraci\u00f3 espont\u00e0nia de qui ha volgut ens ha alegrat un dia que sempre ha sigut especial en el nostre institut. No ha estat un dia com ens hagu\u00e9s agradat, la pand\u00e8mia est\u00e0 present per\u00f2 tamb\u00e9 l'esperit de la disbauxa, de les altres identitats, de la sorpresa i de la creativitat, dintre de les limitacions del moment actual.<\/span>\r\n\r\n<span style=\"font-family: arial, helvetica, sans-serif;\">Fins on hem pogut, un any m\u00e9s hem celebrat el Carnestoltes.<\/span>\r\n\r\n<span style=\"font-family: arial, helvetica, sans-serif;\">Aqu\u00ed teniu una mostra fotogr\u00e0fica de la professora Empar Sandoval i del professor Pere Grau.\r\n\r\n<\/span><span style=\"background-color: #ffff00;\"><a style=\"background-color: #ffff00;\" href=\"https:\/\/drive.google.com\/drive\/folders\/1oIwbRnFnj8o4F9FxZux-JLFdReLuMQfQ?usp=sharing\">ENLLA\u00c7 CARPETA FOTOGRAFIES\r\n<\/a><\/span>\r\n<span style=\"font-family: arial, helvetica, sans-serif;\">\r\nMoltes gr\u00e0cies a tothom.<\/span>\r\n\r\n<span style=\"font-family: arial, helvetica, sans-serif;\">Evaristo Gonz\u00e1lez Prieto\r\n\r\n<\/span><\/span><\/pre>\n","protected":false},"excerpt":{"rendered":"<p>Malgrat els mesos dif\u00edcils provocats per la pand\u00e8mia COVID-19, malgrat la suspensi\u00f3 d&#8217;actes p\u00fablics i la celebraci\u00f3 al carrer del Carnestoltes, la comunitat educativa de l&#8217;institut ho ha celebrat avui amb un temps per a cada activitat: classes, sortides, disfreses, concursos i jocs. Ens hem recordat dels dos grups confinats que no han pogut ser-hi: [&hellip;]<\/p>\n","protected":false},"author":1,"featured_media":3747,"comment_status":"closed","ping_status":"closed","sticky":false,"template":"","format":"standard","meta":{"_bbp_topic_count":0,"_bbp_reply_count":0,"_bbp_total_topic_count":0,"_bbp_total_reply_count":0,"_bbp_voice_count":0,"_bbp_anonymous_reply_count":0,"_bbp_topic_count_hidden":0,"_bbp_reply_count_hidden":0,"_bbp_forum_subforum_count":0,"site-sidebar-layout":"default","site-content-layout":"","ast-site-content-layout":"","site-content-style":"default","site-sidebar-style":"default","ast-global-header-display":"","ast-banner-title-visibility":"","ast-main-header-display":"","ast-hfb-above-header-display":"","ast-hfb-below-header-display":"","ast-hfb-mobile-header-display":"","site-post-title":"","ast-breadcrumbs-content":"","ast-featured-img":"","footer-sml-layout":"","theme-transparent-header-meta":"","adv-header-id-meta":"","stick-header-meta":"","header-above-stick-meta":"","header-main-stick-meta":"","header-below-stick-meta":"","astra-migrate-meta-layouts":"default","ast-page-background-enabled":"default","ast-page-background-meta":{"desktop":{"background-color":"var(--ast-global-color-4)","background-image":"","background-repeat":"repeat","background-position":"center center","background-size":"auto","background-attachment":"scroll","background-type":"","background-media":"","overlay-type":"","overlay-color":"","overlay-opacity":"","overlay-gradient":""},"tablet":{"background-color":"","background-image":"","background-repeat":"repeat","background-position":"center center","background-size":"auto","background-attachment":"scroll","background-type":"","background-media":"","overlay-type":"","overlay-color":"","overlay-opacity":"","overlay-gradient":""},"mobile":{"background-color":"","background-image":"","background-repeat":"repeat","background-position":"center center","background-size":"auto","background-attachment":"scroll","background-type":"","background-media":"","overlay-type":"","overlay-color":"","overlay-opacity":"","overlay-gradient":""}},"ast-content-background-meta":{"desktop":{"background-color":"var(--ast-global-color-5)","background-image":"","background-repeat":"repeat","background-position":"center center","background-size":"auto","background-attachment":"scroll","background-type":"","background-media":"","overlay-type":"","overlay-color":"","overlay-opacity":"","overlay-gradient":""},"tablet":{"background-color":"var(--ast-global-color-5)","background-image":"","background-repeat":"repeat","background-position":"center center","background-size":"auto","background-attachment":"scroll","background-type":"","background-media":"","overlay-type":"","overlay-color":"","overlay-opacity":"","overlay-gradient":""},"mobile":{"background-color":"var(--ast-global-color-5)","background-image":"","background-repeat":"repeat","background-position":"center center","background-size":"auto","background-attachment":"scroll","background-type":"","background-media":"","overlay-type":"","overlay-color":"","overlay-opacity":"","overlay-gradient":""}},"footnotes":""},"categories":[1,107,29],"tags":[122],"class_list":["post-3744","post","type-post","status-publish","format-standard","has-post-thumbnail","hentry","category-general","category-noticies-del-centre","category-portada","tag-carnestoltes"],"post_mailing_queue_ids":[],"_links":{"self":[{"href":"https:\/\/agora.xtec.cat\/iestorredelpalau\/wp-json\/wp\/v2\/posts\/3744","targetHints":{"allow":["GET"]}}],"collection":[{"href":"https:\/\/agora.xtec.cat\/iestorredelpalau\/wp-json\/wp\/v2\/posts"}],"about":[{"href":"https:\/\/agora.xtec.cat\/iestorredelpalau\/wp-json\/wp\/v2\/types\/post"}],"author":[{"embeddable":true,"href":"https:\/\/agora.xtec.cat\/iestorredelpalau\/wp-json\/wp\/v2\/users\/1"}],"replies":[{"embeddable":true,"href":"https:\/\/agora.xtec.cat\/iestorredelpalau\/wp-json\/wp\/v2\/comments?post=3744"}],"version-history":[{"count":3,"href":"https:\/\/agora.xtec.cat\/iestorredelpalau\/wp-json\/wp\/v2\/posts\/3744\/revisions"}],"predecessor-version":[{"id":3758,"href":"https:\/\/agora.xtec.cat\/iestorredelpalau\/wp-json\/wp\/v2\/posts\/3744\/revisions\/3758"}],"wp:featuredmedia":[{"embeddable":true,"href":"https:\/\/agora.xtec.cat\/iestorredelpalau\/wp-json\/wp\/v2\/media\/3747"}],"wp:attachment":[{"href":"https:\/\/agora.xtec.cat\/iestorredelpalau\/wp-json\/wp\/v2\/media?parent=3744"}],"wp:term":[{"taxonomy":"category","embeddable":true,"href":"https:\/\/agora.xtec.cat\/iestorredelpalau\/wp-json\/wp\/v2\/categories?post=3744"},{"taxonomy":"post_tag","embeddable":true,"href":"https:\/\/agora.xtec.cat\/iestorredelpalau\/wp-json\/wp\/v2\/tags?post=3744"}],"curies":[{"name":"wp","href":"https:\/\/api.w.org\/{rel}","templated":true}]}}