{"id":3631,"date":"2020-11-07T12:44:33","date_gmt":"2020-11-07T11:44:33","guid":{"rendered":"http:\/\/agora.xtec.cat\/iestorredelpalau\/?p=3631"},"modified":"2021-02-16T17:26:47","modified_gmt":"2021-02-16T16:26:47","slug":"orientacions-sobre-ventinacio-a-les-aules","status":"publish","type":"post","link":"https:\/\/agora.xtec.cat\/iestorredelpalau\/general\/orientacions-sobre-ventinacio-a-les-aules\/","title":{"rendered":"ORIENTACIONS SOBRE VENTILACI\u00d3 ALS CENTRE EDUCATIUS"},"content":{"rendered":"<p><strong>Orientacions sobre ventilaci\u00f3 dels centres educatius en el marc de la COVID-19, en especial quan la temperatura exterior baixa<\/strong><\/p>\n<p>&nbsp;<\/p>\n<p>A les fam\u00edlies del centre<\/p>\n<p>Us seguim informant de forma transparent, clara i cont\u00ednua.<\/p>\n<p>Una de les mesures que ens recorden i impulsen les autoritats sanit\u00e0ries es refereix a la import\u00e0ncia de la ventilaci\u00f3 dels espais de conviv\u00e8ncia de les persones. Un fet que serveix per a totes les \u00e8poques de l\u2019any, faci calor o fred, i tamb\u00e9 per a tots els llocs on estem.<\/p>\n<p>Degut a l\u2019\u00e8poca l\u2019actual\u00a0\u00a0del calendari, la temperatura anir\u00e0 baixant. La sensaci\u00f3 de fred a l\u2019exterior i en els interiors provocar\u00e0 adoptar les mesures habituals a les que estem acostumats: posar-se roba d\u2019abric i\u00a0\u00a0encendre la calefacci\u00f3.<\/p>\n<p>Per\u00f2, segons les autoritats, els nostres costums s\u2019han d\u2019adaptar tamb\u00e9 a les mesures sanit\u00e0ries preventives relacionades amb la pand\u00e8mia COVID-19. Una d\u2019elles i fonamental \u00e9s la ventilaci\u00f3. En els centres educatius, tot i tenir les classes amb menys alumnes (tal com vam planificar a l\u2019inici de curs per complir les normes), hem de prioritzar una bona renovaci\u00f3 de l\u2019aire, tamb\u00e9 quan fa fred. En les classes \u00e9s normal tenir algunes finestres obertes, o sempre o en algunes franges de temps de cada classe.<\/p>\n<p>El Departament d\u2019Educaci\u00f3 va publicar ahir un document amb orientacions sobre la ventilaci\u00f3 en els centres. Ho podeu consultar en aquest enlla\u00e7:\u00a0<a href=\"http:\/\/ensenyament.gencat.cat\/web\/shared\/continguts_per_compartir\/ENS\/salut-escola\/documentacio\/escoles\/20201105-orientacions-ventilacio-centres.pdf\">VENTILACI\u00d3<\/a>. Insisteix en la import\u00e0ncia de la ventilaci\u00f3 en les classes tamb\u00e9 quan fa fred i en combatre les temperatures amb m\u00e9s roba d\u2019abric.<\/p>\n<p>Atenent aquestes recomanacions de la Generalitat, la calefacci\u00f3 de l\u2019institut s\u2019encendr\u00e0 a l\u2019inici de cada dia durant una estona, quan faci fred,\u00a0\u00a0fins arribar a la temperatura id\u00f2nia. Despr\u00e9s s\u2019intentar\u00e0 compatibilitzar la calefacci\u00f3 amb la import\u00e0ncia de la ventilaci\u00f3\u00a0\u00a0i la racionalitzaci\u00f3 del calor quan les finestres i les portes hagin d\u2019estar obertes durant algunes franges de temps de cada hora de classe.<\/p>\n<p>El professorat i l\u2019alumnat, tots plegats hem de prioritzar la ventilaci\u00f3 en els espais de l\u2019institut. Una mesura que tamb\u00e9 recomanem en els nostres espais vitals fora del centre. Tenir finestres obertes quan toca \u00e9s seguretat.<\/p>\n<p>Aconsellem a tothom\u00a0\u00a0adaptar-se a aquestes circumst\u00e0ncies. Hi haur\u00e0 qui cregui que aquesta mesura pot augmentar refredats o grips. En tot cas, les instruccions prioritzen la ventilaci\u00f3 en el marc de la COVID-19 i aconsellen combatre una temperatura menor a l\u2019habitual amb la roba que cada persona necessiti per arribar al seu benestar habitual.<\/p>\n<p>Respecte als temps de pati, l\u2019alumnat ja sap que ha de sortir de les aules,\u00a0\u00a0llevat quan plogui, faci molt vent o nevi. Sempre s\u2019ha fet aix\u00ed. Ara encara \u00e9s m\u00e9s important la ventilaci\u00f3 i estar en espais exteriors durant el temps que toca, respectant les mesures sanit\u00e0ries sobre grups estables, mascaretes, etc.<\/p>\n<p>&nbsp;<\/p>\n<p>Tots plegats hem de contribuir a prevenir i cuidar la salut personal i la dels altres. Fins ara el nostre institut ha tingut molts pocs casos amb PCR positives. Els grups que han estat confinats\u00a0\u00a0a casa (en quarantena) tamb\u00e9 han estat molt pocs respecte a d\u2019altres centres. Hem de seguir vigilant i complir la normativa, dins i fora del centre.<\/p>\n<p>Ara ens tocar\u00e0 abrigar-nos m\u00e9s i tenir en compte la renovaci\u00f3 de l\u2019aire dels espais comuns mitjan\u00e7ant una correcta ventilaci\u00f3.<\/p>\n<p>&nbsp;<\/p>\n<p><strong>Documentaci\u00f3 complement\u00e0ria amb m\u00e9s informacions sobre aquest tema (enlla\u00e7os en blau):<\/strong><\/p>\n<ol>\n<li>El Centro Superior de Investigaciones Cient\u00edficas (<a href=\"mailto:https:\/\/www.ciencia.gob.es\/portal\/site\/MICINN\/menuitem.edc7f2029a2be27d7010721001432ea0\/%3Fvgnextoid=a83fe30987a45710VgnVCM1000001d04140aRCRD\">CSIC<\/a>), organisme del Ministerio de Ciencia i Innovaci\u00f3 del Govern de l\u2019Estat va publicar un informe espec\u00edfic sobre ventilaci\u00f3 a les aules el passat 21 d\u2019octubre. En el seg\u00fcent enlla\u00e7 teniu la not\u00edcia i, dins, un enlla\u00e7 on podeu consultar l\u2019informe original:\u00a0<a href=\"mailto:https:\/\/www.ciencia.gob.es\/portal\/site\/MICINN\/menuitem.edc7f2029a2be27d7010721001432ea0\/%3Fvgnextoid=a83fe30987a45710VgnVCM1000001d04140aRCRD\">INFORME CSIC<\/a>.<\/li>\n<li>Declaracions del director general de Centres Educatius, Josep Gonz\u00e1lez-Combray sobre ventilaci\u00f3 de les aules el passat 1 de novembre a\u00a0<a href=\"mailto:https:\/\/www.elperiodico.com\/es\/sociedad\/20201101\/josep-gonzalez-cambray-alumnos-abrigos-clase-coronavirus-8184518\">EL PERI\u00d3DICO<\/a>.<\/li>\n<li>Sobre ventilaci\u00f3 a les aules i previsions, el passat 19 d\u2019octubre en\u00a0<a href=\"mailto:https:\/\/www.eldiario.es\/sociedad\/mala-ventilacion-escuelas-e-institutos-augura-invierno-ventanas-abiertas-abrigos-clase-evitar-contagios_1_6297635.html\">EL DIARIO.ES<\/a><\/li>\n<\/ol>\n<p>&nbsp;<\/p>\n<p>Moltes gr\u00e0cies per les vostres atencions.<\/p>\n<p>&nbsp;<\/p>\n<p>Cordialment<\/p>\n<p>&nbsp;<\/p>\n<p>Evaristo Gonz\u00e1lez Prieto<\/p>\n<p>Director<\/p>\n<p>&nbsp;<\/p>\n<p>&nbsp;<\/p>\n","protected":false},"excerpt":{"rendered":"<p>Orientacions sobre ventilaci\u00f3 dels centres educatius en el marc de la COVID-19, en especial quan la temperatura exterior baixa &nbsp; A les fam\u00edlies del centre Us seguim informant de forma transparent, clara i cont\u00ednua. Una de les mesures que ens recorden i impulsen les autoritats sanit\u00e0ries es refereix a la import\u00e0ncia de la ventilaci\u00f3 dels [&hellip;]<\/p>\n","protected":false},"author":1,"featured_media":3637,"comment_status":"closed","ping_status":"closed","sticky":false,"template":"","format":"standard","meta":{"_bbp_topic_count":0,"_bbp_reply_count":0,"_bbp_total_topic_count":0,"_bbp_total_reply_count":0,"_bbp_voice_count":0,"_bbp_anonymous_reply_count":0,"_bbp_topic_count_hidden":0,"_bbp_reply_count_hidden":0,"_bbp_forum_subforum_count":0,"site-sidebar-layout":"default","site-content-layout":"","ast-site-content-layout":"","site-content-style":"default","site-sidebar-style":"default","ast-global-header-display":"","ast-banner-title-visibility":"","ast-main-header-display":"","ast-hfb-above-header-display":"","ast-hfb-below-header-display":"","ast-hfb-mobile-header-display":"","site-post-title":"","ast-breadcrumbs-content":"","ast-featured-img":"","footer-sml-layout":"","theme-transparent-header-meta":"","adv-header-id-meta":"","stick-header-meta":"","header-above-stick-meta":"","header-main-stick-meta":"","header-below-stick-meta":"","astra-migrate-meta-layouts":"default","ast-page-background-enabled":"default","ast-page-background-meta":{"desktop":{"background-color":"var(--ast-global-color-4)","background-image":"","background-repeat":"repeat","background-position":"center center","background-size":"auto","background-attachment":"scroll","background-type":"","background-media":"","overlay-type":"","overlay-color":"","overlay-opacity":"","overlay-gradient":""},"tablet":{"background-color":"","background-image":"","background-repeat":"repeat","background-position":"center center","background-size":"auto","background-attachment":"scroll","background-type":"","background-media":"","overlay-type":"","overlay-color":"","overlay-opacity":"","overlay-gradient":""},"mobile":{"background-color":"","background-image":"","background-repeat":"repeat","background-position":"center center","background-size":"auto","background-attachment":"scroll","background-type":"","background-media":"","overlay-type":"","overlay-color":"","overlay-opacity":"","overlay-gradient":""}},"ast-content-background-meta":{"desktop":{"background-color":"var(--ast-global-color-5)","background-image":"","background-repeat":"repeat","background-position":"center center","background-size":"auto","background-attachment":"scroll","background-type":"","background-media":"","overlay-type":"","overlay-color":"","overlay-opacity":"","overlay-gradient":""},"tablet":{"background-color":"var(--ast-global-color-5)","background-image":"","background-repeat":"repeat","background-position":"center center","background-size":"auto","background-attachment":"scroll","background-type":"","background-media":"","overlay-type":"","overlay-color":"","overlay-opacity":"","overlay-gradient":""},"mobile":{"background-color":"var(--ast-global-color-5)","background-image":"","background-repeat":"repeat","background-position":"center center","background-size":"auto","background-attachment":"scroll","background-type":"","background-media":"","overlay-type":"","overlay-color":"","overlay-opacity":"","overlay-gradient":""}},"footnotes":""},"categories":[1,107,29],"tags":[],"class_list":["post-3631","post","type-post","status-publish","format-standard","has-post-thumbnail","hentry","category-general","category-noticies-del-centre","category-portada"],"post_mailing_queue_ids":[],"_links":{"self":[{"href":"https:\/\/agora.xtec.cat\/iestorredelpalau\/wp-json\/wp\/v2\/posts\/3631","targetHints":{"allow":["GET"]}}],"collection":[{"href":"https:\/\/agora.xtec.cat\/iestorredelpalau\/wp-json\/wp\/v2\/posts"}],"about":[{"href":"https:\/\/agora.xtec.cat\/iestorredelpalau\/wp-json\/wp\/v2\/types\/post"}],"author":[{"embeddable":true,"href":"https:\/\/agora.xtec.cat\/iestorredelpalau\/wp-json\/wp\/v2\/users\/1"}],"replies":[{"embeddable":true,"href":"https:\/\/agora.xtec.cat\/iestorredelpalau\/wp-json\/wp\/v2\/comments?post=3631"}],"version-history":[{"count":3,"href":"https:\/\/agora.xtec.cat\/iestorredelpalau\/wp-json\/wp\/v2\/posts\/3631\/revisions"}],"predecessor-version":[{"id":3641,"href":"https:\/\/agora.xtec.cat\/iestorredelpalau\/wp-json\/wp\/v2\/posts\/3631\/revisions\/3641"}],"wp:featuredmedia":[{"embeddable":true,"href":"https:\/\/agora.xtec.cat\/iestorredelpalau\/wp-json\/wp\/v2\/media\/3637"}],"wp:attachment":[{"href":"https:\/\/agora.xtec.cat\/iestorredelpalau\/wp-json\/wp\/v2\/media?parent=3631"}],"wp:term":[{"taxonomy":"category","embeddable":true,"href":"https:\/\/agora.xtec.cat\/iestorredelpalau\/wp-json\/wp\/v2\/categories?post=3631"},{"taxonomy":"post_tag","embeddable":true,"href":"https:\/\/agora.xtec.cat\/iestorredelpalau\/wp-json\/wp\/v2\/tags?post=3631"}],"curies":[{"name":"wp","href":"https:\/\/api.w.org\/{rel}","templated":true}]}}